{"id":8818,"date":"2024-02-12T10:52:55","date_gmt":"2024-02-12T09:52:55","guid":{"rendered":"https:\/\/wp.unil.ch\/uniscope\/?p=8818"},"modified":"2024-04-15T15:10:42","modified_gmt":"2024-04-15T13:10:42","slug":"une-histoire-des-femmes-suisses-evolutive","status":"publish","type":"post","link":"https:\/\/wp.unil.ch\/uniscope\/une-histoire-des-femmes-suisses-evolutive\/","title":{"rendered":"Une histoire des femmes suisses \u00e9volutive"},"content":{"rendered":"\n<p><strong>Lanc\u00e9 en novembre, le <em>Dictionnaire sur l\u2019histoire des femmes en Suisse,<\/em> accessible en ligne, vise \u00e0 mettre en lumi\u00e8re toutes celles, anonymes ou c\u00e9l\u00e8bres, qui ont contribu\u00e9 \u00e0 construire notre soci\u00e9t\u00e9.<\/strong><\/p>\n\n\n\n<p>Rapha\u00eblle Ruppen Coutaz, ma\u00eetre d&rsquo;enseignement et de recherche \u00e0 la section d\u2019histoire de la Facult\u00e9 des lettres de l\u2019UNIL, et Pauline Milani, lectrice \u00e0 l\u2019Universit\u00e9 de Fribourg, dirigent le projet. Elles l\u2019ont appel\u00e9 \u00ab&nbsp;Dictionnaire&nbsp;\u00bb pour souligner qu\u2019il s\u2019agit tout \u00e0 la fois d\u2019un outil de r\u00e9f\u00e9rence, de transmission et de reconnaissance. Reste qu\u2019il a tout d\u2019une base de donn\u00e9es&nbsp;: h\u00e9berg\u00e9 par l\u2019UNIL \u2013 une mani\u00e8re d\u2019en assurer la p\u00e9rennit\u00e9, comme le rel\u00e8ve Rapha\u00eblle Ruppen Coutaz \u2013 il est aussi destin\u00e9 \u00e0 \u00eatre enrichi au fil du temps. Son but&nbsp;: favoriser une histoire plus inclusive.<\/p>\n\n\n\n<p>L\u2019id\u00e9e a vu le jour dans le droit fil du cinquantenaire du suffrage f\u00e9minin, c\u00e9l\u00e9br\u00e9 en 2021. De nombreux travaux ont mis en avant des femmes, dont \u00ab&nbsp;Hommage 2021&nbsp;\u00bb qui a r\u00e9uni les portraits de 179 pionni<a><\/a>\u00e8res de l\u2019\u00e9galit\u00e9 de toute la Suisse. Le projet \u00e9tait \u00e9ph\u00e9m\u00e8re, mais certaines notices ont ensuite \u00e9t\u00e9 int\u00e9gr\u00e9es au <em>Dictionnaire historique de la Suisse<\/em>. \u00ab&nbsp;Ces trois derni\u00e8res ann\u00e9es, une quarantaine de nouvelles notices de femmes ont \u00e9t\u00e9 publi\u00e9es dans le <em>DHS.<\/em> C\u2019est consid\u00e9rable. H\u00e9las cela n\u2019a gu\u00e8re augment\u00e9 ni le pourcentage ni la visibilit\u00e9 des femmes. Les notices de femmes repr\u00e9sentent toujours un peu moins de 5% du total (1239 contre 24&rsquo;059). Ces entr\u00e9es sont donc litt\u00e9ralement noy\u00e9es dans l\u2019immensit\u00e9 de cette \u0153uvre&nbsp;\u00bb, souligne Pauline Milani. Les deux chercheuses ont d\u00e9cid\u00e9 de donner une suite \u00e0 \u00ab&nbsp;Hommage 2021&nbsp;\u00bb en cr\u00e9ant une plateforme. Pour lancer le projet, elles ont coorganis\u00e9 un s\u00e9minaire de master entre leurs universit\u00e9s. Les \u00e9tudiantes et \u00e9tudiants ont r\u00e9alis\u00e9 des portraits suppl\u00e9mentaires et des articles th\u00e9matiques qui y sont d\u00e9sormais publi\u00e9s.<\/p>\n\n\n\n<p>L\u2019on peut aborder cet ouvrage virtuel par quatre portes\u00a0: outre les portraits, pour la plupart disponibles dans trois langues nationales, on trouve un onglet \u00ab\u00a0articles\u00a0\u00bb, qui permet de remettre les biographies dans un contexte plus large. De la place des femmes dans l\u2019\u00e9dition du soir du t\u00e9l\u00e9journal de la TSR pendant les ann\u00e9es 1990 aux clubs suisses des femmes alpinistes, les sujets sont vari\u00e9s. Pour l\u2019instant, nombre d\u2019entre eux sont centr\u00e9s sur la p\u00e9riode contemporaine, terrain des recherches de Rapha\u00eblle Ruppen Coutaz et Pauline Milani. Un champ temporel qu\u2019elles esp\u00e8rent voir s\u2019\u00e9toffer par de futures contributions.<\/p>\n\n\n\n<h5 class=\"wp-block-heading\">Support \u00e0 de future recherches <\/h5>\n\n\n\n<p>Le premier des deux onglets suivants est consacr\u00e9 aux sources, des archives \u00e0 la presse papier en passant par les images ou les films utilis\u00e9s pour r\u00e9diger portraits et notices. Quant au dernier, baptis\u00e9 \u00ab&nbsp;entit\u00e9s&nbsp;\u00bb, il met en avant les institutions, organisations et \u00e9coles mentionn\u00e9es dans les portraits et les articles. Une fa\u00e7on de montrer \u00e0 quel point les femmes sont ancr\u00e9es dans le monde, comme \u00ab&nbsp;de faire ressortir des lieux qui leur ont permis de se former et de se rencontrer&nbsp;\u00bb, compl\u00e8te Rapha\u00eblle Ruppen Coutaz.<\/p>\n\n\n\n<p>Si le grand public peut trouver ici de quoi alimenter sa curiosit\u00e9, le duo aux commandes du projet esp\u00e8re que la base de donn\u00e9es servira de support \u00e0 de futures recherches et d\u2019outil de m\u00e9diation dans les classes. Collaboratif, il est en outre appel\u00e9 \u00e0 s\u2019\u00e9tendre&nbsp;: plac\u00e9 sous le patronage de la Soci\u00e9t\u00e9 suisse d\u2019histoire, \u00ab&nbsp;il a \u00e9t\u00e9 pens\u00e9 comme un projet <em>bottom up<\/em> et est donc ouvert aux contributions des historiennes et historiens souhaitant y participer&nbsp;\u00bb, souligne Rapha\u00eblle Ruppen Coutaz. Avec sa coll\u00e8gue, elle table sur le fait que, \u00e0 moyen terme, p\u00e9riodes historiques, r\u00e9gions et langues s\u2019\u00e9quilibreront.<\/p>\n\n\n\n<p>Face \u00e0 l\u2019engouement qu\u2019a suscit\u00e9 cet outil depuis son lancement, les deux chercheuses se sont mises en qu\u00eate de fonds. Le but&nbsp;: engager une personne form\u00e9e en histoire de mani\u00e8re \u00e0 assurer le suivi des propositions tout en d\u00e9veloppant des partenariats avec d\u2019autres projets en lien. Ce n\u2019est donc que le d\u00e9but de l\u2019aventure.<\/p>\n","protected":false},"excerpt":{"rendered":"<p>Lanc\u00e9 en novembre, le Dictionnaire sur l\u2019histoire des femmes en Suisse est accessible en ligne.<\/p>\n","protected":false},"author":1002291,"featured_media":8853,"comment_status":"closed","ping_status":"closed","sticky":false,"template":"","format":"standard","meta":{"_seopress_robots_primary_cat":"","_seopress_titles_title":"","_seopress_titles_desc":"","_seopress_robots_index":"","_uag_custom_page_level_css":"","footnotes":""},"categories":[101,163,110],"tags":[164,144,121],"class_list":{"0":"post-8818","1":"post","2":"type-post","3":"status-publish","4":"format-standard","5":"has-post-thumbnail","7":"category-culture","8":"category-histoire","9":"category-societe","10":"tag-femmes-et-histoire","11":"tag-histoire","12":"tag-livre"},"uagb_featured_image_src":{"full":["https:\/\/wp.unil.ch\/uniscope\/files\/2024\/02\/raphaelle_rupen_coutaz-pauline_milani-3780.jpg",1200,700,false],"thumbnail":["https:\/\/wp.unil.ch\/uniscope\/files\/2024\/02\/raphaelle_rupen_coutaz-pauline_milani-3780-150x150.jpg",150,150,true],"medium":["https:\/\/wp.unil.ch\/uniscope\/files\/2024\/02\/raphaelle_rupen_coutaz-pauline_milani-3780-300x175.jpg",300,175,true],"medium_large":["https:\/\/wp.unil.ch\/uniscope\/files\/2024\/02\/raphaelle_rupen_coutaz-pauline_milani-3780-768x448.jpg",580,338,true],"large":["https:\/\/wp.unil.ch\/uniscope\/files\/2024\/02\/raphaelle_rupen_coutaz-pauline_milani-3780-1024x597.jpg",580,338,true],"1536x1536":["https:\/\/wp.unil.ch\/uniscope\/files\/2024\/02\/raphaelle_rupen_coutaz-pauline_milani-3780.jpg",1200,700,false],"2048x2048":["https:\/\/wp.unil.ch\/uniscope\/files\/2024\/02\/raphaelle_rupen_coutaz-pauline_milani-3780.jpg",1200,700,false],"post-thumbnail":["https:\/\/wp.unil.ch\/uniscope\/files\/2024\/02\/raphaelle_rupen_coutaz-pauline_milani-3780.jpg",1200,700,false],"chaplin_preview_image_low_resolution":["https:\/\/wp.unil.ch\/uniscope\/files\/2024\/02\/raphaelle_rupen_coutaz-pauline_milani-3780-540x315.jpg",540,315,true],"chaplin_preview_image_high_resolution":["https:\/\/wp.unil.ch\/uniscope\/files\/2024\/02\/raphaelle_rupen_coutaz-pauline_milani-3780-1080x630.jpg",1080,630,true],"chaplin_fullscreen":["https:\/\/wp.unil.ch\/uniscope\/files\/2024\/02\/raphaelle_rupen_coutaz-pauline_milani-3780.jpg",1200,700,false],"gform-image-choice-sm":["https:\/\/wp.unil.ch\/uniscope\/files\/2024\/02\/raphaelle_rupen_coutaz-pauline_milani-3780.jpg",300,175,false],"gform-image-choice-md":["https:\/\/wp.unil.ch\/uniscope\/files\/2024\/02\/raphaelle_rupen_coutaz-pauline_milani-3780.jpg",400,233,false],"gform-image-choice-lg":["https:\/\/wp.unil.ch\/uniscope\/files\/2024\/02\/raphaelle_rupen_coutaz-pauline_milani-3780.jpg",600,350,false],"mailpoet_newsletter_max":["https:\/\/wp.unil.ch\/uniscope\/files\/2024\/02\/raphaelle_rupen_coutaz-pauline_milani-3780.jpg",1200,700,false]},"uagb_author_info":{"display_name":"Sylvie Ulmann","author_link":"https:\/\/wp.unil.ch\/uniscope\/author\/sulmann\/"},"uagb_comment_info":0,"uagb_excerpt":"Lanc\u00e9 en novembre, le Dictionnaire sur l\u2019histoire des femmes en Suisse est accessible en ligne.","_links":{"self":[{"href":"https:\/\/wp.unil.ch\/uniscope\/wp-json\/wp\/v2\/posts\/8818","targetHints":{"allow":["GET"]}}],"collection":[{"href":"https:\/\/wp.unil.ch\/uniscope\/wp-json\/wp\/v2\/posts"}],"about":[{"href":"https:\/\/wp.unil.ch\/uniscope\/wp-json\/wp\/v2\/types\/post"}],"author":[{"embeddable":true,"href":"https:\/\/wp.unil.ch\/uniscope\/wp-json\/wp\/v2\/users\/1002291"}],"replies":[{"embeddable":true,"href":"https:\/\/wp.unil.ch\/uniscope\/wp-json\/wp\/v2\/comments?post=8818"}],"version-history":[{"count":3,"href":"https:\/\/wp.unil.ch\/uniscope\/wp-json\/wp\/v2\/posts\/8818\/revisions"}],"predecessor-version":[{"id":8980,"href":"https:\/\/wp.unil.ch\/uniscope\/wp-json\/wp\/v2\/posts\/8818\/revisions\/8980"}],"wp:featuredmedia":[{"embeddable":true,"href":"https:\/\/wp.unil.ch\/uniscope\/wp-json\/wp\/v2\/media\/8853"}],"wp:attachment":[{"href":"https:\/\/wp.unil.ch\/uniscope\/wp-json\/wp\/v2\/media?parent=8818"}],"wp:term":[{"taxonomy":"category","embeddable":true,"href":"https:\/\/wp.unil.ch\/uniscope\/wp-json\/wp\/v2\/categories?post=8818"},{"taxonomy":"post_tag","embeddable":true,"href":"https:\/\/wp.unil.ch\/uniscope\/wp-json\/wp\/v2\/tags?post=8818"}],"curies":[{"name":"wp","href":"https:\/\/api.w.org\/{rel}","templated":true}]}}