{"id":5782,"date":"2022-10-25T11:22:05","date_gmt":"2022-10-25T09:22:05","guid":{"rendered":"https:\/\/wp.unil.ch\/uniscope\/?p=5782"},"modified":"2024-04-15T15:18:29","modified_gmt":"2024-04-15T13:18:29","slug":"bertil-le-mecontemporain-subtil","status":"publish","type":"post","link":"https:\/\/wp.unil.ch\/uniscope\/bertil-le-mecontemporain-subtil\/","title":{"rendered":"Bertil, le m\u00e9contemporain subtil"},"content":{"rendered":"\n<p><strong>Avec leur&nbsp;<em>Bertil Galland, vagabond des savoirs,<\/em>&nbsp;Jean-Philippe Leresche et Olivier Meuwly signent un ouvrage sur le patron \u2013 on verra en quoi \u2013 et livrent un intense aper\u00e7u du canton de Vaud po\u00e9tique et politique.<\/strong><\/p>\n\n\n\n<p>Impossible de lire cet ouvrage sans ouvrir des yeux ronds tant l\u2019\u00e9poque actuelle en ses chapelles id\u00e9ologiques et pol\u00e9miques semble aux antipodes de l\u2019homme Galland, \u00e9diteur, journaliste, passeur, accoucheur, rassembleur. \u00c9videmment, on peut pr\u00e9f\u00e9rer l\u2019apparente clart\u00e9 des combats en noir et blanc, les choix tranchants au nom du Bien (parfois une simple fa\u00e7on d\u2019appartenir \u00e0 un clan cot\u00e9 et d\u2019en tirer b\u00e9n\u00e9fice), mais, associ\u00e9es en outre \u00e0 la folie des r\u00e9seaux sociaux, ces postures excluantes demeurent st\u00e9riles. Tr\u00e8s m\u00e9fiant vis-\u00e0-vis du r\u00e8gne de l\u2019opinion, l\u2019ancien journaliste-\u00e9diteur nonag\u00e9naire serait bien malheureux aujourd\u2019hui s\u2019il ne cultivait son jardin dans la s\u00e9r\u00e9nit\u00e9 d\u2019un paysage fran\u00e7ais hors du temps.<\/p>\n\n\n\n<p>Si le jeune Bertil Galland va profiter de son ancrage amical, politique et po\u00e9tique aux c\u00f4t\u00e9s de Marcel Regamey, influent pr\u00e9sident de la Ligue vaudoise, il assume le risque d\u2019\u00eatre \u00e0 contre-courant dans une \u00e9poque domin\u00e9e \u2013 sur le plan intellectuel \u2013 par la gauche jusque dans ses formes les plus radicales. Injuste, il le fut aussi, au point de ne voir en Sartre qu\u2019un activiste \u00e9troit comme il en pleuvait dans ces milieux peu soucieux d\u2019une pens\u00e9e philosophique complexe et ouverte (y compris \u00e0 nombre d\u2019instrumentalisations).<\/p>\n\n\n\n<p><strong>Complexit\u00e9 des \u00eatres<\/strong><\/p>\n\n\n\n<p>Le f\u00e9d\u00e9ralisme obstin\u00e9 de la Ligue, son militarisme, son attachement jusqu\u2019au-boutiste \u00e0 la d\u00e9mocratie directe, son antiparlementarisme ou encore son protestantisme antila\u00efque, voire pire (cela \u00e9tant, l\u2019antis\u00e9mitisme crasse et doctrinaire de certains chr\u00e9tiens, ou d\u2019autres, est-il vraiment d\u00e9pass\u00e9&nbsp;?), n\u2019\u00e9cartent pas le jeune Bertil d\u2019un compagnonnage dont il saura r\u00e9colter les plus beaux fruits litt\u00e9raires. La rupture viendra plus tard, \u00e0 la faveur d\u2019un autre protestant, ancien professeur au gymnase de la Cit\u00e9 et futur goncouris\u00e9, pour des raisons qui tiennent plus \u00e0 la biens\u00e9ance morale qu\u2019\u00e0 la politique\u2026<\/p>\n\n\n\n<p>Les \u00e9crivains publi\u00e9s aux Cahiers de la Renaissance Vaudoise dans les ann\u00e9es Galland sont pour la plupart bien loin de la pens\u00e9e d\u2019extr\u00eame-droite et m\u00eame de droite. L\u00e0 encore, on s\u2019\u00e9tonne de cette ouverture qui doit beaucoup \u00e0 la personnalit\u00e9 g\u00e9n\u00e9reuse de l\u2019\u00e9diteur, certes, mais sans doute aussi \u00e0 l\u2019esprit d\u2019une \u00e9poque moins ulc\u00e9r\u00e9e que la n\u00f4tre. <\/p>\n\n\n\n<p>\u00c0 l\u2019heure o\u00f9 certains conspuent Annie Ernaux au point de r\u00e9duire son \u0153uvre nobellis\u00e9e \u00e0 la signature de tribunes m\u00e9lenchonistes et indig\u00e9nistes, il faut rappeler la complexit\u00e9 des \u00eatres par-del\u00e0 leurs affiliations\u00a0familiales, politiques et sociales ; en Anne Cuneo, par exemple, Galland voyait la femme, la cr\u00e9atrice, la \u00ab\u00a0s\u0153ur\u00a0\u00bb, la vagabonde, sans doute, et non uniquement ou avant tout la trotskiste qu\u2019elle se voulait alors.<\/p>\n\n\n\n<p><strong>L\u2019\u00e9criture elle-m\u00eame fabrique du lien<\/strong><\/p>\n\n\n\n<p>Car le travail d\u2019\u00e9criture, certes nourri des engagements politiques et des exp\u00e9riences individuelles, donne aux \u0153uvres une forme \u00e0 la fois singuli\u00e8re et universelle qui \u00e9chappe pr\u00e9cis\u00e9ment \u00e0 l\u2019immersion de la personne dans la brutale \u00e9cume des jours. La litt\u00e9rature la plus intime, la plus vraie, fabrique du lien, une \u00e9vidence pour cet homme qui accueille ce myst\u00e8re avec \u00e9merveillement. Que penserait-il de ces jeunes com\u00e9diens romands qui souhaitent non pas esquisser des rapports entre Moli\u00e8re ou Racine et notre modernit\u00e9, mais ne plus les jouer ou couper des passages dont ils ne comprennent pas toutes les dimensions car ils confondent totalement cette litt\u00e9rature avec la plate r\u00e9alit\u00e9 de son \u00e9poque&nbsp;? Comment penser l\u2019h\u00e9ritage positif de ces \u0153uvres qui nous ont fait signe jusqu\u2019ici \u00e0 travers le temps, si on les renvoie \u00e0 la pire des dominations&nbsp;? De quoi cette passion du m\u00eame, cette contemporan\u00e9it\u00e9 totale, ce refus de la profondeur historique, sont-ils le nom&nbsp;?<\/p>\n\n\n\n<p><strong>Une plante su\u00e9doise en pays vaudois<\/strong><\/p>\n\n\n\n<p>Se cultiver avant de critiquer, se mettre en situation d\u2019admirer, comprendre \u00ab&nbsp;l\u2019esprit des lieux&nbsp;\u00bb, voil\u00e0 ce qui anime Bertil, ce m\u00e9contemporain subtil. Bien loin de l\u2019individualisme exacerb\u00e9 par un capitalisme d\u00e9brid\u00e9 qui n\u2019a cess\u00e9 d\u2019enlaidir le paysage \u2013 l\u2019un des autres combats notoires qu\u2019il a pu mener. La diversit\u00e9 est \u00e9galement chez lui celle des \u00ab&nbsp;petites patries&nbsp;\u00bb vaudoise, jurassienne, neuch\u00e2teloise, valaisanne ou tessinoise, autant d\u2019histoires culturelles, politiques et sociales qu\u2019il envisage par-del\u00e0 les nationalismes \u00e9troits, comme le montre d\u2019ailleurs son int\u00e9gration dans les entreprises m\u00e9diatiques romandes les plus proeurop\u00e9ennes.<\/p>\n\n\n\n<p>Cet ouvrage est publi\u00e9 au Savoir suisse, collection lanc\u00e9e en novembre 2002 par le patron lui-m\u00eame, en collaboration avec les hautes \u00e9coles et notamment les Presses Polytechniques et Universitaires Romandes. On y retrouve un voyageur audacieux, un homme de terrain, un reporter parfois t\u00e9m\u00e9raire, un passeur de savoirs acad\u00e9miques&nbsp;; avant tout, peut-\u00eatre, on y d\u00e9couvre un \u00ab&nbsp;outsider&nbsp;\u00bb, une plante su\u00e9doise enracin\u00e9e en terreau vaudois. Dans ces lignes \u00e9clairantes du tandem Leresche et Meuwly, on le voit cultiver avec bonheur l\u2019ancrage \u00e0 partir duquel il (Lausanne) bouge, admirant autrui si divers, explorant hardiment les exp\u00e9riences d\u2019ici et d\u2019ailleurs dont il se fait le chroniqueur attentif et amus\u00e9, sachant ce qu\u2019il veut mais respectueux des cultures, des savoirs\u2026 et des lecteurs.<\/p>\n\n\n\n<p>Les succ\u00e8s et la long\u00e9vit\u00e9 professionnelle de Bertil Galland en font indubitablement un patron, autant par sa solitude, de fait et recherch\u00e9e, que par sa formidable capacit\u00e9 \u00e0 stimuler la cr\u00e9ation individuelle au service de causes collectives et universelles, dont vous d\u00e9couvrirez les multiples facettes dans ce livre hautement recommand\u00e9.<\/p>\n\n\n\n<ul class=\"wp-block-list\"><li><em>Bertil Galland, Vagabond des savoirs,<\/em>&nbsp;par Jean-Philippe Leresche et Olivier Meuwly, Savoir suisse, 2022, 177 pages.<\/li><\/ul>\n","protected":false},"excerpt":{"rendered":"<p>Avec leur\u00a0\u00abBertil Galland, vagabond des savoirs\u00bb,\u00a0Jean-Philippe Leresche et Olivier Meuwly signent un ouvrage sur le patron \u2013 on verra en quoi \u2013 et livrent un intense aper\u00e7u du canton de Vaud po\u00e9tique et politique.<\/p>\n","protected":false},"author":1002082,"featured_media":5777,"comment_status":"closed","ping_status":"closed","sticky":false,"template":"","format":"standard","meta":{"_seopress_robots_primary_cat":"","_seopress_titles_title":"","_seopress_titles_desc":"","_seopress_robots_index":"","_uag_custom_page_level_css":"","footnotes":""},"categories":[101,163,120,110],"tags":[],"class_list":{"0":"post-5782","1":"post","2":"type-post","3":"status-publish","4":"format-standard","5":"has-post-thumbnail","7":"category-culture","8":"category-histoire","9":"category-le-coin-des-livres","10":"category-societe"},"uagb_featured_image_src":{"full":["https:\/\/wp.unil.ch\/uniscope\/files\/2022\/10\/Bertil-Galland.-Vagabond-des-savoirs.jpg",794,1200,false],"thumbnail":["https:\/\/wp.unil.ch\/uniscope\/files\/2022\/10\/Bertil-Galland.-Vagabond-des-savoirs-150x150.jpg",150,150,true],"medium":["https:\/\/wp.unil.ch\/uniscope\/files\/2022\/10\/Bertil-Galland.-Vagabond-des-savoirs-199x300.jpg",199,300,true],"medium_large":["https:\/\/wp.unil.ch\/uniscope\/files\/2022\/10\/Bertil-Galland.-Vagabond-des-savoirs-768x1161.jpg",580,877,true],"large":["https:\/\/wp.unil.ch\/uniscope\/files\/2022\/10\/Bertil-Galland.-Vagabond-des-savoirs-678x1024.jpg",580,876,true],"1536x1536":["https:\/\/wp.unil.ch\/uniscope\/files\/2022\/10\/Bertil-Galland.-Vagabond-des-savoirs.jpg",794,1200,false],"2048x2048":["https:\/\/wp.unil.ch\/uniscope\/files\/2022\/10\/Bertil-Galland.-Vagabond-des-savoirs.jpg",794,1200,false],"post-thumbnail":["https:\/\/wp.unil.ch\/uniscope\/files\/2022\/10\/Bertil-Galland.-Vagabond-des-savoirs.jpg",794,1200,false],"chaplin_preview_image_low_resolution":["https:\/\/wp.unil.ch\/uniscope\/files\/2022\/10\/Bertil-Galland.-Vagabond-des-savoirs-540x816.jpg",540,816,true],"chaplin_preview_image_high_resolution":["https:\/\/wp.unil.ch\/uniscope\/files\/2022\/10\/Bertil-Galland.-Vagabond-des-savoirs.jpg",794,1200,false],"chaplin_fullscreen":["https:\/\/wp.unil.ch\/uniscope\/files\/2022\/10\/Bertil-Galland.-Vagabond-des-savoirs.jpg",794,1200,false],"gform-image-choice-sm":["https:\/\/wp.unil.ch\/uniscope\/files\/2022\/10\/Bertil-Galland.-Vagabond-des-savoirs.jpg",199,300,false],"gform-image-choice-md":["https:\/\/wp.unil.ch\/uniscope\/files\/2022\/10\/Bertil-Galland.-Vagabond-des-savoirs.jpg",265,400,false],"gform-image-choice-lg":["https:\/\/wp.unil.ch\/uniscope\/files\/2022\/10\/Bertil-Galland.-Vagabond-des-savoirs.jpg",397,600,false],"mailpoet_newsletter_max":["https:\/\/wp.unil.ch\/uniscope\/files\/2022\/10\/Bertil-Galland.-Vagabond-des-savoirs.jpg",794,1200,false]},"uagb_author_info":{"display_name":"Nadine Richon Salzmann","author_link":"https:\/\/wp.unil.ch\/uniscope\/author\/nrichon\/"},"uagb_comment_info":0,"uagb_excerpt":"Avec leur\u00a0\u00abBertil Galland, vagabond des savoirs\u00bb,\u00a0Jean-Philippe Leresche et Olivier Meuwly signent un ouvrage sur le patron \u2013 on verra en quoi \u2013 et livrent un intense aper\u00e7u du canton de Vaud po\u00e9tique et politique.","_links":{"self":[{"href":"https:\/\/wp.unil.ch\/uniscope\/wp-json\/wp\/v2\/posts\/5782","targetHints":{"allow":["GET"]}}],"collection":[{"href":"https:\/\/wp.unil.ch\/uniscope\/wp-json\/wp\/v2\/posts"}],"about":[{"href":"https:\/\/wp.unil.ch\/uniscope\/wp-json\/wp\/v2\/types\/post"}],"author":[{"embeddable":true,"href":"https:\/\/wp.unil.ch\/uniscope\/wp-json\/wp\/v2\/users\/1002082"}],"replies":[{"embeddable":true,"href":"https:\/\/wp.unil.ch\/uniscope\/wp-json\/wp\/v2\/comments?post=5782"}],"version-history":[{"count":1,"href":"https:\/\/wp.unil.ch\/uniscope\/wp-json\/wp\/v2\/posts\/5782\/revisions"}],"predecessor-version":[{"id":9589,"href":"https:\/\/wp.unil.ch\/uniscope\/wp-json\/wp\/v2\/posts\/5782\/revisions\/9589"}],"wp:featuredmedia":[{"embeddable":true,"href":"https:\/\/wp.unil.ch\/uniscope\/wp-json\/wp\/v2\/media\/5777"}],"wp:attachment":[{"href":"https:\/\/wp.unil.ch\/uniscope\/wp-json\/wp\/v2\/media?parent=5782"}],"wp:term":[{"taxonomy":"category","embeddable":true,"href":"https:\/\/wp.unil.ch\/uniscope\/wp-json\/wp\/v2\/categories?post=5782"},{"taxonomy":"post_tag","embeddable":true,"href":"https:\/\/wp.unil.ch\/uniscope\/wp-json\/wp\/v2\/tags?post=5782"}],"curies":[{"name":"wp","href":"https:\/\/api.w.org\/{rel}","templated":true}]}}