{"id":5519,"date":"2022-09-15T09:00:00","date_gmt":"2022-09-15T07:00:00","guid":{"rendered":"https:\/\/wp.unil.ch\/uniscope\/?p=5519"},"modified":"2024-04-15T15:20:17","modified_gmt":"2024-04-15T13:20:17","slug":"lunil-et-la-ville-de-lausanne-main-dans-la-main","status":"publish","type":"post","link":"https:\/\/wp.unil.ch\/uniscope\/lunil-et-la-ville-de-lausanne-main-dans-la-main\/","title":{"rendered":"L\u2019UNIL et la Ville de Lausanne main dans la main"},"content":{"rendered":"\n<p><strong>Comment rendre fructueuses les collaborations entre les hautes \u00e9coles et les villes&nbsp;? Le r\u00e9seau europ\u00e9en EUniverCities, auquel appartient le duo form\u00e9 par l\u2019UNIL et la Commune de Lausanne, a publi\u00e9 un manuel pratique \u00e0 ce sujet.<\/strong><\/p>\n\n\n\n<p>En plus de l\u2019enseignement et de la recherche, les universit\u00e9s ont \u00e9galement pour mission de fournir une contribution \u00e0 la soci\u00e9t\u00e9, c\u2019est-\u00e0-dire de s\u2019impliquer dans le d\u00e9veloppement social, culturel et \u00e9conomique des r\u00e9gions o\u00f9 elles se trouvent. Une collaboration de qualit\u00e9 entre les hautes \u00e9coles et les villes qui leur sont li\u00e9es constitue un moyen d\u2019y parvenir. Cr\u00e9\u00e9 en 2012, le r\u00e9seau europ\u00e9en EUniverCities se consacre justement \u00e0 l\u2019entretien de tels partenariats entre entit\u00e9s de taille moyenne.<\/p>\n\n\n\n<p>Depuis le tout d\u00e9but, le duo form\u00e9 par l\u2019Universit\u00e9 et la Commune de Lausanne fait partie de ce r\u00e9seau, qui compte aujourd\u2019hui 15 membres sur le continent. \u00abBien qu\u2019international, EUniverCities a l\u2019ambition d\u2019am\u00e9liorer les collaborations au niveau local, rel\u00e8ve Marc de Perrot, secr\u00e9taire g\u00e9n\u00e9ral de l\u2019UNIL. Lors de nos rencontres, o\u00f9 se m\u00ealent des repr\u00e9sentants des deux mondes, nos projets de coop\u00e9ration sont soumis au regard critique des autres partenaires europ\u00e9ens, ce qui est toujours un enrichissement.\u00bb<\/p>\n\n\n\n<h5 class=\"wp-block-heading\"><strong>Manuel pratique<\/strong><\/h5>\n\n\n\n<p>Cette exp\u00e9rience, accumul\u00e9e depuis une d\u00e9cennie, peut \u00eatre utile plus largement. Ainsi, EUniverCities a produit r\u00e9cemment un ouvrage, intitul\u00e9 <em>Handbook for Strategic City-University Co-operation<\/em>. Sous la forme d\u2019un manuel pratique, il livre des conseils, liste les bonnes questions \u00e0 se poser et fournit de nombreux exemples concrets de coop\u00e9ration entre villes et hautes \u00e9coles, sans cacher les emb\u00fbches rencontr\u00e9es. \u00abCe livre conna\u00eet un grand succ\u00e8s au sein du r\u00e9seau, et en dehors, rel\u00e8ve Patrizia M. Darbellay, secr\u00e9taire municipale adjointe \u00e0 la Ville de Lausanne. Un tel document de r\u00e9f\u00e9rence, destin\u00e9 \u00e0 laisser une trace, donne une bonne id\u00e9e de notre activit\u00e9 au sein de EUniverCities.\u00bb<\/p>\n\n\n\n<p>Ce manuel est un enfant de la pand\u00e9mie. En effet, en 2020 l\u2019UNIL devait accueillir une s\u00e9ance du r\u00e9seau europ\u00e9en\u2026 mais le Covid en a d\u00e9cid\u00e9 autrement. \u00abPuisqu\u2019il n\u2019\u00e9tait pas possible de rencontrer nos homologues europ\u00e9ens face \u00e0 face, nous avons innov\u00e9 en d\u00e9cidant de r\u00e9aliser ce livre \u00e0 distance, se souvient Marc de Perrot. Au fil de l\u2019hiver 2020-2021, nous avons men\u00e9 des ateliers en ligne tr\u00e8s efficaces, avec des dizaines de participants, gr\u00e2ce \u00e0 l\u2019exp\u00e9rience de Nelly Niwa, directrice du Centre de comp\u00e9tences en durabilit\u00e9 de l\u2019UNIL, et de son \u00e9quipe.\u00bb Tous les membres de EUniverCities, du Portugal \u00e0 la Norv\u00e8ge en passant par la Roumanie, ont pu enrichir l\u2019ouvrage de contributions sous forme d\u2019\u00e9tudes de leurs propres cas. \u00abIl est toujours int\u00e9ressant d\u2019observer ce qui se pratique ailleurs sur le continent, dans des villes de taille moyenne comparables \u00e0 Lausanne, rel\u00e8ve Patrizia M. Darbellay. Nos pr\u00e9occupations, par exemple autour des questions sociales et de durabilit\u00e9, sont semblables.\u00bb<\/p>\n\n\n\n<figure class=\"wp-block-image size-full\"><img alt=\"\" loading=\"lazy\" decoding=\"async\" width=\"590\" height=\"590\" src=\"https:\/\/wp.unil.ch\/uniscope\/files\/2022\/09\/Handbook_EUC.jpg\" alt=\"\" class=\"wp-image-5534\" srcset=\"https:\/\/wp.unil.ch\/uniscope\/files\/2022\/09\/Handbook_EUC.jpg 590w, https:\/\/wp.unil.ch\/uniscope\/files\/2022\/09\/Handbook_EUC-300x300.jpg 300w, https:\/\/wp.unil.ch\/uniscope\/files\/2022\/09\/Handbook_EUC-150x150.jpg 150w, https:\/\/wp.unil.ch\/uniscope\/files\/2022\/09\/Handbook_EUC-540x540.jpg 540w\" sizes=\"auto, (max-width: 590px) 100vw, 590px\" \/><figcaption>\u00a9 DR<\/figcaption><\/figure>\n\n\n\n<h5 class=\"wp-block-heading\"><strong>Une \u00e9cole lausannoise de la recherche participative<\/strong><\/h5>\n\n\n\n<p>La participation de l\u2019UNIL et de la Ville de Lausanne \u00e0 EUniverCities ne tombe pas du ciel. La haute \u00e9cole m\u00e8ne depuis longtemps des travaux scientifiques en lien avec la soci\u00e9t\u00e9 et les citoyens, au sujet des questions contemporaines. \u00abGr\u00e2ce \u00e0 l\u2019expertise d\u2019Alain Kaufmann, directeur du ColLaboratoire de l\u2019UNIL, nous poss\u00e9dons une bonne exp\u00e9rience de ce que l\u2019on appelle la recherche-action, ou recherche participative&nbsp;\u00bb, souligne Marc de Perrot, qui n\u2019h\u00e9site pas \u00e0 parler d\u2019\u00ab&nbsp;\u00e9cole lausannoise\u00bb dans ce domaine.<\/p>\n\n\n\n<p>Trois exemples lausannois sont pr\u00e9sent\u00e9s dans le <em>Handbook for Strategic City-University Co-operation.<\/em> \u00abVivre ensemble dans l\u2019incertain\u00bb, lanc\u00e9 en 2007 d\u00e9j\u00e0, a permis de lancer six projets de recherche qui ont rapproch\u00e9 l\u2019UNIL et la soci\u00e9t\u00e9. D\u00e9velopp\u00e9e d\u00e8s 2014, la premi\u00e8re \u00e9dition de Volteface, pilot\u00e9e par Nelly Niwa, a r\u00e9uni l\u2019Universit\u00e9, la Romande \u00c9nergie et le Canton de Vaud autour des aspects sociaux de la transition \u00e9nerg\u00e9tique.<\/p>\n\n\n\n<p>Enfin, dans la dynamique cr\u00e9\u00e9e par la participation \u00e0 EUniverCities, <a href=\"https:\/\/www.unil.ch\/connect\/fr\/home\/menuinst\/projet-interact.html\" data-type=\"URL\" data-id=\"https:\/\/www.unil.ch\/connect\/fr\/home\/menuinst\/projet-interact.html\" target=\"_blank\" rel=\"noreferrer noopener\">Interact<\/a> a vu le jour afin de soutenir la collaboration entre la Ville de Lausanne et l\u2019UNIL, formalis\u00e9e par ailleurs dans une convention qui lie les deux entit\u00e9s. Au niveau individuel, il s\u2019agit de susciter des rencontres entre les personnes des deux institutions qui poss\u00e8dent des int\u00e9r\u00eats communs. Un appui m\u00e9thodologique, sous la forme d\u2019un vade-mecum qui d\u00e9taille les bonnes questions \u00e0 se poser avant de se lancer, est mis \u00e0 disposition. Ensuite, les porteurs de projets peuvent solliciter un financement aupr\u00e8s d\u2019Interact.<\/p>\n\n\n\n<p>Des exemples&nbsp;? Parmi les r\u00e9alisations r\u00e9centes figure <em><a rel=\"noreferrer noopener\" href=\"https:\/\/www.canopee-project.ch\" data-type=\"URL\" data-id=\"www.canopee-project.ch\" target=\"_blank\">Canop\u00e9e<\/a><\/em>, qui a r\u00e9uni des chercheurs et des \u00e9tudiants du Laboratoire de psychologie sociale de l\u2019UNIL et des collaborateurs de la division \u00abpolitique \u00e9nerg\u00e9tique\u00bb des Services industriels de Lausanne, autour de la promotion et du maintien des comportements durables dans la population. Un projet qui a d\u00e9bouch\u00e9 sur la cr\u00e9ation d\u2019une soci\u00e9t\u00e9 par les \u00e9tudiants impliqu\u00e9s, dor\u00e9navant alumni. Ou, tout r\u00e9cemment, <em><a rel=\"noreferrer noopener\" href=\"https:\/\/wp.unil.ch\/preauxentousgenres\" data-type=\"URL\" data-id=\"wp.unil.ch\/preauxentousgenres\" target=\"_blank\">Pr\u00e9aux en tous genres<\/a><\/em>, dirig\u00e9 par la d\u00e9l\u00e9gu\u00e9e \u00e0 l\u2019enfance de la Ville de Lausanne Florence Godoy et par Cl\u00e9olia Sabot, assistante dipl\u00f4m\u00e9e en sciences sociales \u00e0 l\u2019UNIL. Dans ce cadre, il s\u2019agit de se pencher sur les interactions chez les plus petits, avec un accent sur les questions de genre. Une recherche participative men\u00e9e avec des enfants.<\/p>\n\n\n\n<h5 class=\"wp-block-heading\"><strong>Projets courts et cibl\u00e9s<\/strong><\/h5>\n\n\n\n<p>Les deux parties prenantes sont gagnantes. \u00abLes scientifiques de l\u2019UNIL nous proposent du recul, des r\u00e9flexions plus larges sur nos probl\u00e9matiques et \u00e9galement leur temps, ce qui est pr\u00e9cieux, r\u00e9sume Patrizia M. Darbellay. En effet, pour les collaborateurs de la Ville, les projets Interact, m\u00eame s\u2019ils sont courts et cibl\u00e9s, s\u2019ajoutent aux missions quotidiennes au service de la population. De notre c\u00f4t\u00e9, nous mobilisons les personnes pertinentes actives dans notre administration et nous ouvrons les portes des terrains de recherche, par exemple dans le domaine scolaire ou sportif.\u00bb<\/p>\n\n\n\n<p>De mani\u00e8re g\u00e9n\u00e9rale, les collaborations plac\u00e9es sous le signe d\u2019Interact constituent un vrai levier pour d\u00e9velopper des projets innovants. \u00abIl est frappant de constater comme des sommes modestes (notre budget commun annuel est de 40&rsquo;000 francs) permettent de lancer des projets d\u2019int\u00e9r\u00eat public et scientifique, rel\u00e8ve Marc de Perrot. De plus, on constate que de plus en plus de scientifiques de l\u2019UNIL, notamment dans les jeunes g\u00e9n\u00e9rations, ont le d\u00e9sir que leurs travaux produisent un impact imm\u00e9diat sur la soci\u00e9t\u00e9.\u00bb<\/p>\n\n\n\n<p>La prochaine rencontre des membres de EUniverCities aura lieu en novembre \u00e0 Innsbruck. La petite d\u00e9l\u00e9gation lausannoise comprendra quelques \u00e9tudiants, ce qui permettra \u00e0 ces (peut-\u00eatre) futurs chercheurs d\u2019\u00e9largir leur horizon.<\/p>\n\n\n\n<p>L\u2019appel Interact 2023 sera lanc\u00e9 en octobre prochain: <a rel=\"noreferrer noopener\" href=\"https:\/\/www.unil.ch\/connect\/fr\/home\/menuinst\/projet-interact.html\" data-type=\"URL\" data-id=\"https:\/\/www.unil.ch\/connect\/fr\/home\/menuinst\/projet-interact.html\" target=\"_blank\">toutes les informations utiles<\/a>.<\/p>\n\n\n\n<div class=\"wp-block-group\"><div class=\"wp-block-group__inner-container is-layout-flow wp-block-group-is-layout-flow\">\n<div class=\"wp-block-group has-light-background-background-color has-background\"><div class=\"wp-block-group__inner-container is-layout-flow wp-block-group-is-layout-flow\">\n<h5 class=\"wp-block-heading\">Liens<\/h5>\n\n\n\n<p><em>Handbook for Strategic City-University Co-operation,<\/em> <a href=\"https:\/\/www.lausanne.ch\/portrait\/savoir-et-formation\/universite\/EUniverCities.html\" data-type=\"URL\" data-id=\"https:\/\/www.lausanne.ch\/portrait\/savoir-et-formation\/universite\/EUniverCities.html\" target=\"_blank\" rel=\"noreferrer noopener\">lisible en ligne<\/a><\/p>\n\n\n\n<p><a href=\"https:\/\/eunivercitiesnetwork.com\/publications\/31\/\" data-type=\"URL\" data-id=\"https:\/\/eunivercitiesnetwork.com\/publications\/31\/\" target=\"_blank\" rel=\"noreferrer noopener\">En version t\u00e9l\u00e9chargeable<\/a><\/p>\n\n\n\n<p>Pour obtenir une version papier, \u00e9crire \u00e0 secretariat.general &#8211; at &#8211; unil.ch<\/p>\n<\/div><\/div>\n<\/div><\/div>\n","protected":false},"excerpt":{"rendered":"<p>Comment rendre fructueuses les collaborations entre hautes \u00e9coles et villes ? Le r\u00e9seau EUniverCities, auquel appartient le duo form\u00e9 par l\u2019UNIL et la Commune de Lausanne, publie un manuel pratique.<\/p>\n","protected":false},"author":825,"featured_media":5518,"comment_status":"closed","ping_status":"closed","sticky":false,"template":"","format":"standard","meta":{"_seopress_robots_primary_cat":"","_seopress_titles_title":"","_seopress_titles_desc":"","_seopress_robots_index":"","_uag_custom_page_level_css":"","footnotes":""},"categories":[34],"tags":[],"class_list":{"0":"post-5519","1":"post","2":"type-post","3":"status-publish","4":"format-standard","5":"has-post-thumbnail","7":"category-institution"},"uagb_featured_image_src":{"full":["https:\/\/wp.unil.ch\/uniscope\/files\/2022\/09\/patrizia_darbellay-mdp-8035.jpg",1200,700,false],"thumbnail":["https:\/\/wp.unil.ch\/uniscope\/files\/2022\/09\/patrizia_darbellay-mdp-8035-150x150.jpg",150,150,true],"medium":["https:\/\/wp.unil.ch\/uniscope\/files\/2022\/09\/patrizia_darbellay-mdp-8035-300x175.jpg",300,175,true],"medium_large":["https:\/\/wp.unil.ch\/uniscope\/files\/2022\/09\/patrizia_darbellay-mdp-8035-768x448.jpg",580,338,true],"large":["https:\/\/wp.unil.ch\/uniscope\/files\/2022\/09\/patrizia_darbellay-mdp-8035-1024x597.jpg",580,338,true],"1536x1536":["https:\/\/wp.unil.ch\/uniscope\/files\/2022\/09\/patrizia_darbellay-mdp-8035.jpg",1200,700,false],"2048x2048":["https:\/\/wp.unil.ch\/uniscope\/files\/2022\/09\/patrizia_darbellay-mdp-8035.jpg",1200,700,false],"post-thumbnail":["https:\/\/wp.unil.ch\/uniscope\/files\/2022\/09\/patrizia_darbellay-mdp-8035.jpg",1200,700,false],"chaplin_preview_image_low_resolution":["https:\/\/wp.unil.ch\/uniscope\/files\/2022\/09\/patrizia_darbellay-mdp-8035-540x315.jpg",540,315,true],"chaplin_preview_image_high_resolution":["https:\/\/wp.unil.ch\/uniscope\/files\/2022\/09\/patrizia_darbellay-mdp-8035-1080x630.jpg",1080,630,true],"chaplin_fullscreen":["https:\/\/wp.unil.ch\/uniscope\/files\/2022\/09\/patrizia_darbellay-mdp-8035.jpg",1200,700,false],"gform-image-choice-sm":["https:\/\/wp.unil.ch\/uniscope\/files\/2022\/09\/patrizia_darbellay-mdp-8035.jpg",300,175,false],"gform-image-choice-md":["https:\/\/wp.unil.ch\/uniscope\/files\/2022\/09\/patrizia_darbellay-mdp-8035.jpg",400,233,false],"gform-image-choice-lg":["https:\/\/wp.unil.ch\/uniscope\/files\/2022\/09\/patrizia_darbellay-mdp-8035.jpg",600,350,false],"mailpoet_newsletter_max":["https:\/\/wp.unil.ch\/uniscope\/files\/2022\/09\/patrizia_darbellay-mdp-8035.jpg",1200,700,false]},"uagb_author_info":{"display_name":"David Spring","author_link":"https:\/\/wp.unil.ch\/uniscope\/author\/dspring1\/"},"uagb_comment_info":0,"uagb_excerpt":"Comment rendre fructueuses les collaborations entre hautes \u00e9coles et villes ? Le r\u00e9seau EUniverCities, auquel appartient le duo form\u00e9 par l\u2019UNIL et la Commune de Lausanne, publie un manuel pratique.","_links":{"self":[{"href":"https:\/\/wp.unil.ch\/uniscope\/wp-json\/wp\/v2\/posts\/5519","targetHints":{"allow":["GET"]}}],"collection":[{"href":"https:\/\/wp.unil.ch\/uniscope\/wp-json\/wp\/v2\/posts"}],"about":[{"href":"https:\/\/wp.unil.ch\/uniscope\/wp-json\/wp\/v2\/types\/post"}],"author":[{"embeddable":true,"href":"https:\/\/wp.unil.ch\/uniscope\/wp-json\/wp\/v2\/users\/825"}],"replies":[{"embeddable":true,"href":"https:\/\/wp.unil.ch\/uniscope\/wp-json\/wp\/v2\/comments?post=5519"}],"version-history":[{"count":1,"href":"https:\/\/wp.unil.ch\/uniscope\/wp-json\/wp\/v2\/posts\/5519\/revisions"}],"predecessor-version":[{"id":9596,"href":"https:\/\/wp.unil.ch\/uniscope\/wp-json\/wp\/v2\/posts\/5519\/revisions\/9596"}],"wp:featuredmedia":[{"embeddable":true,"href":"https:\/\/wp.unil.ch\/uniscope\/wp-json\/wp\/v2\/media\/5518"}],"wp:attachment":[{"href":"https:\/\/wp.unil.ch\/uniscope\/wp-json\/wp\/v2\/media?parent=5519"}],"wp:term":[{"taxonomy":"category","embeddable":true,"href":"https:\/\/wp.unil.ch\/uniscope\/wp-json\/wp\/v2\/categories?post=5519"},{"taxonomy":"post_tag","embeddable":true,"href":"https:\/\/wp.unil.ch\/uniscope\/wp-json\/wp\/v2\/tags?post=5519"}],"curies":[{"name":"wp","href":"https:\/\/api.w.org\/{rel}","templated":true}]}}