{"id":3570,"date":"2021-09-23T11:46:07","date_gmt":"2021-09-23T09:46:07","guid":{"rendered":"https:\/\/wp.unil.ch\/uniscope\/?p=3570"},"modified":"2024-04-15T15:20:59","modified_gmt":"2024-04-15T13:20:59","slug":"extinction-rebellion-de-lemotion-a-laction","status":"publish","type":"post","link":"https:\/\/wp.unil.ch\/uniscope\/extinction-rebellion-de-lemotion-a-laction\/","title":{"rendered":"Extinction Rebellion, de l\u2019\u00e9motion \u00e0 l\u2019action"},"content":{"rendered":"\n<p><strong>C\u00e9lia De Pietro, doctorante \u00e0 la Facult\u00e9 des sciences sociales et politiques de l\u2019UNIL, s\u2019est immerg\u00e9e dans le mouvement \u00e9cologiste pour \u00e9tudier les processus \u00e9motionnels militants.<\/strong><\/p>\n\n\n\n<p>Qui dit Extinction Rebellion (XR) dit logo en forme de sablier bien reconnaissable, blocages de routes et de places publiques, mises en sc\u00e8ne chocs et impr\u00e9vues\u2026 Ce mouvement social \u00e9cologiste international alerte sur l\u2019effondrement de la biodiversit\u00e9 et sur l\u2019urgence climatique d\u00e9montr\u00e9s par un consensus scientifique, et pr\u00f4ne le mod\u00e8le politique des assembl\u00e9es citoyennes, tout en misant sur les actions coups de poing et la d\u00e9sob\u00e9issance civile non violente. C\u00e9lia De Pietro, doctorante et assistante dipl\u00f4m\u00e9e \u00e0 l\u2019Institut des sciences sociales et au laboratoire THEMA (Th\u00e9orie sociale, enqu\u00eate critique, m\u00e9diations, action publique) \u00e0 l\u2019UNIL, a fait de ce collectif n\u00e9 en 2018 au Royaume-Uni l\u2019objet de sa th\u00e8se. Son but&nbsp;? <\/p>\n\n\n\n<blockquote class=\"wp-block-quote is-layout-flow wp-block-quote-is-layout-flow\"><p>\u00ab&nbsp;M\u2019int\u00e9ressant au rapport entre politique et \u00e9motions, je cherche \u00e0 comprendre la circulation de ces derni\u00e8res, comment elles sont discut\u00e9es au sein de XR, remises en cause ou pr\u00e9sent\u00e9es \u00e0 autrui. Car dans ce mouvement \u00e0 la gouvernance horizontale et d\u00e9centralis\u00e9e, o\u00f9 chaque tactique tente de faire l\u2019objet d\u2019un consensus, les \u00e9motions occupent une place centrale dans les opinions. \u00bb<\/p><\/blockquote>\n\n\n\n<figure class=\"wp-block-embed is-type-video is-provider-youtube wp-block-embed-youtube wp-embed-aspect-16-9 wp-has-aspect-ratio\"><div class=\"wp-block-embed__wrapper\">\n<iframe loading=\"lazy\" title=\"C&#039;est quoi Extinction Rebellion ? (Avec L\u00e9a Camilleri)\" width=\"580\" height=\"326\" src=\"https:\/\/www.youtube.com\/embed\/BOpLcZbE-YQ?feature=oembed\" frameborder=\"0\" allow=\"accelerometer; autoplay; clipboard-write; encrypted-media; gyroscope; picture-in-picture; web-share\" referrerpolicy=\"strict-origin-when-cross-origin\" allowfullscreen><\/iframe>\n<\/div><figcaption>Vid\u00e9o du m\u00e9dia <em>Brut<\/em>: \u00ab\u00a0C&rsquo;est quoi Extinction Rebellion?\u00a0\u00bb <\/figcaption><\/figure>\n\n\n\n<h5 class=\"wp-block-heading\"><strong>Une double casquette&nbsp;: sociologue et rebelle<\/strong><\/h5>\n\n\n\n<p>La chercheuse a choisi comme m\u00e9thode l\u2019ethnographie participative. Elle a rejoint XR Lausanne en d\u00e9cembre 2019. L\u2019universitaire jongle entre les casquettes de sociologue et de militante. Parfois en retrait avec son calepin, elle agit en simple observatrice des activit\u00e9s du collectif brassant toutes sortes de profils et pas seulement des \u00e9tudiantes et \u00e9tudiants. D\u2019autres fois, la doctorante endosse son r\u00f4le de membre XR&nbsp;: elle \u0153uvre au sein du groupe de travail qui accueille et int\u00e8gre les nouvelles et nouveaux rebelles (comme se nomment les membres de XR), ou participe \u00e0 diverses actions. Par exemple, lors de l\u2019occupation de la place F\u00e9d\u00e9rale en septembre 2020 dans le cadre des discussions sur la Loi CO<sub>2<\/sub>, elle a jou\u00e9 le r\u00f4le d\u2019\u00ab&nbsp;ange gardienne&nbsp;\u00bb, prenant soin des \u00ab&nbsp;bloquereuses&nbsp;\u00bb (celles et ceux faisant preuve d\u2019une r\u00e9sistance passive en refusant d\u2019abandonner un blocage de route, par exemple), autant physiquement (besoins en nourriture, boisson et m\u00e9dicaments) que psychologiquement.<\/p>\n\n\n\n<p>Pourquoi une telle implication&nbsp;? \u00ab&nbsp;Pour d\u00e9crypter les processus \u00e9motionnels militants, il faut des moments o\u00f9 moi aussi, je suis prise par l\u2019\u00e9motion. La simple observation n\u2019est pas moins int\u00e9ressante que l\u2019ethnographie participative. Mais prendre des notes sur une action dans la rue n\u2019est pas la m\u00eame chose que d\u00e9velopper de fortes affinit\u00e9s avec plusieurs rebelles, conna\u00eetre leur engagement et le risque que ces personnes encourent, participer \u00e0 des \u00e9v\u00e9nements avec elles, avoir peur pour elles lorsqu\u2019elles se font plaquer au sol ou emmener en cellule par les forces de l\u2019ordre, etc. \u00bb expose notre interlocutrice, qui s\u2019inspire du travail de la sociologue Jeanne Favret-Saada. Cette derni\u00e8re avait men\u00e9 une enqu\u00eate immersive sur la sorcellerie en Normandie, notamment en apprenant le langage propre \u00e0 ce milieu. C\u00e9lia De Pietro, elle, a int\u00e9gr\u00e9 le langage gestuel et les slogans sp\u00e9cifiques \u00e0 XR.<\/p>\n\n\n\n<h5 class=\"wp-block-heading\"><strong>L\u2019\u00e9motion comme moteur d\u2019action<\/strong><\/h5>\n\n\n\n<p>La th\u00e8se de la jeune femme s\u2019intitule <em>Avec amour et rage<\/em>. Sont-ce les principales \u00e9motions ressenties par les rebelles XR&nbsp;? \u00ab&nbsp;La formulation \u00ab&nbsp;avec amour et rage&nbsp;\u00bb revient souvent chez les membres, c\u2019est une mani\u00e8re de s\u2019exprimer. Un mail sera souvent sign\u00e9 ainsi ou \u00ab&nbsp;Avec amour et d\u00e9termination&nbsp;\u00bb&nbsp;\u00bb, r\u00e9pond la doctorante. L\u2019angoisse et la tristesse face \u00e0 l\u2019urgence environnementale, rencontr\u00e9es par bon nombre de militantes et militants, figurent aussi parmi les \u00e9motions principales. <\/p>\n\n\n\n<blockquote class=\"wp-block-quote is-layout-flow wp-block-quote-is-layout-flow\"><p>\u00ab&nbsp;J\u2019ai observ\u00e9 des gens tr\u00e8s affect\u00e9s par ce qui se passe. Pendant les r\u00e9unions, il arrive que quelqu\u2019un se mette \u00e0 pleurer, \u00e0 exprimer son d\u00e9sarroi sur l\u2019immobilisme malgr\u00e9 l\u2019urgence.&nbsp;Les autres l\u2019\u00e9coutent pleinement, personne ne dit \u00ab&nbsp;c\u2019est bon, ressaisis-toi&nbsp;!&nbsp;\u00bb Cela peut para\u00eetre anodin, mais lorsqu\u2019on est \u00e0 ce point affect\u00e9 et conscient de la crise \u00e0 venir, on peut se sentir seul face \u00e0 des coll\u00e8gues ou de la famille qui ne comprennent pas ce d\u00e9sarroi.&nbsp;\u00bb<\/p><\/blockquote>\n\n\n\n<p> Durant la p\u00e9riode des F\u00eates en 2019, XR avait m\u00eame mis \u00e0 disposition des rebelles une hotline t\u00e9l\u00e9phonique, pour les aider \u00e0 surmonter certains moments, les retrouvailles familiales n\u2019\u00e9tant pas toujours synonyme d\u2019apaisement.<\/p>\n\n\n\n<p>Quant \u00e0 ses propres \u00e9motions, C\u00e9lia De Pietro vit un parcours qu\u2019elle qualifie d\u2019\u00ab&nbsp;assez classique&nbsp;\u00bb. D\u00e9j\u00e0 sensible \u00e0 la cause environnementale avant de trouver son sujet de th\u00e8se, la sociologue, d\u00e8s son entr\u00e9e dans XR, s\u2019est renseign\u00e9e plus en profondeur sur l\u2019urgence climatique et a \u00e9t\u00e9 prise elle aussi de peur, d\u2019angoisse, mais \u00e9galement de col\u00e8re face \u00e0 l\u2019\u00ab&nbsp;inaction politique&nbsp;\u00bb par rapport \u00e0 l\u2019urgence environnementale. Elle confie&nbsp;: \u00ab&nbsp;C\u2019\u00e9tait assez dur \u00e0 g\u00e9rer, et j\u2019ai ressenti cela seule en dehors des actions et r\u00e9unions XR.&nbsp;\u00bb Au contraire, les moments avec les autres activistes lui apportent \u00e9nergie et espoir. Cela a \u00e9t\u00e9 le cas lorsqu\u2019elle a particip\u00e9 \u00e0 l\u2019occupation de la place F\u00e9d\u00e9rale et que le collectif a \u00e9t\u00e9 rejoint par des membres de Gr\u00e8ve du climat, notamment. \u00ab&nbsp;J\u2019ai eu la chair de poule et j\u2019ai senti une grande force, s\u00fbrement ce que le sociologue \u00c9mile Durkheim appelait&nbsp;\u00ab&nbsp;l\u2019effervescence collective&nbsp;\u00bb.&nbsp;\u00bb La col\u00e8re devient alors force cr\u00e9atrice.<\/p>\n\n\n\n<h5 class=\"wp-block-heading\"><strong>Savoir prendre de la distance<\/strong><\/h5>\n\n\n\n<p>Apr\u00e8s les actions, les rebelles d\u00e9briefent leurs ressentis, chacune et chacun parlant en \u00ab&nbsp;je&nbsp;\u00bb, sans \u00eatre interrompu. En dehors de ces retours d\u2019exp\u00e9rience, il existe aussi parfois des moments o\u00f9 les normes \u00e9motionnelles sont discut\u00e9es, notamment pendant les verr\u00e9es et autres instants informels. &nbsp;\u00ab&nbsp;Il existe parfois des d\u00e9saccords. J\u2019ai souvent partag\u00e9 ma joie, me r\u00e9jouissant que notre action ait \u00e9t\u00e9 diffus\u00e9e au t\u00e9l\u00e9journal. Mais il arrive que d\u2019autres nous rappellent que nous nous trouvons dans une situation d\u2019urgence, qu\u2019il ne faut pas se rel\u00e2cher et perdre de vue la cause&nbsp;\u00bb, note C\u00e9lia De Pietro, qui estime que le partage \u00e9motionnel et la confiance r\u00e9ciproque constituent une grande force du mouvement.&nbsp;<\/p>\n\n\n\n<figure class=\"wp-block-image size-full\"><img loading=\"lazy\" decoding=\"async\" width=\"800\" height=\"532\" src=\"https:\/\/wp.unil.ch\/uniscope\/files\/2021\/09\/Photo_Extinction-RebellionRaluca-Tudor-Dreamstime.jpg\" alt=\"Die-in men\u00e9 par Extinction Rebellion, \u00e0 Londres, pour alerter sur la mort des abeilles. \u00a9 Raluca Tudor, Dreamstime.com \" class=\"wp-image-3574\" srcset=\"https:\/\/wp.unil.ch\/uniscope\/files\/2021\/09\/Photo_Extinction-RebellionRaluca-Tudor-Dreamstime.jpg 800w, https:\/\/wp.unil.ch\/uniscope\/files\/2021\/09\/Photo_Extinction-RebellionRaluca-Tudor-Dreamstime-300x200.jpg 300w, https:\/\/wp.unil.ch\/uniscope\/files\/2021\/09\/Photo_Extinction-RebellionRaluca-Tudor-Dreamstime-768x511.jpg 768w, https:\/\/wp.unil.ch\/uniscope\/files\/2021\/09\/Photo_Extinction-RebellionRaluca-Tudor-Dreamstime-540x359.jpg 540w\" sizes=\"auto, (max-width: 800px) 100vw, 800px\" \/><figcaption><br><em>Die-in<\/em> men\u00e9 par Extinction Rebellion, \u00e0 Londres, pour alerter sur la mort des abeilles. \u00a9 Raluca Tudor, Dreamstime.com <br><br><br><\/figcaption><\/figure>\n\n\n\n<p>Comment ne pas se faire \u00ab&nbsp;engloutir&nbsp;\u00bb par les \u00e9motions du militantisme et prendre du recul face \u00e0 ses donn\u00e9es&nbsp;? L\u2019universitaire indique mener aussi une \u00ab&nbsp;autoethnographie&nbsp;\u00bb. Lorsqu\u2019elle sort d\u2019une r\u00e9union ou d\u2019une action XR, elle \u00e9crit sur le vif ce qu\u2019elle a v\u00e9cu, \u00ab&nbsp;comme dans un journal intime&nbsp;\u00bb. Quelques jours plus tard, chaussant ses lunettes de sociologue, elle se relit et s\u2019autoanalyse. <\/p>\n\n\n\n<blockquote class=\"wp-block-quote is-layout-flow wp-block-quote-is-layout-flow\"><p>\u00ab&nbsp;C\u2019est int\u00e9ressant de montrer ce qu\u2019on ressent sur le moment. Par exemple, pendant l\u2019occupation de la place F\u00e9d\u00e9rale, j\u2019\u00e9cris ma col\u00e8re quand les policiers m\u2019emp\u00eachent d\u2019aider des activistes qui ont froid, alors que j\u2019ai des couvertures de survie dans les bras.&nbsp;Avec le recul, j\u2019endosse un autre point de vue o\u00f9 je tente notamment de comprendre les motivations et contraintes des forces de l\u2019ordre. \u00bb<\/p><\/blockquote>\n\n\n\n<p> Des discussions avec sa directrice de th\u00e8se, la professeure <a href=\"https:\/\/applicationspub.unil.ch\/interpub\/noauth\/php\/Un\/UnPers.php?PerNum=871282&amp;LanCode=37&amp;menu=coord\" target=\"_blank\" rel=\"noreferrer noopener\">Laurence<\/a><a href=\"https:\/\/applicationspub.unil.ch\/interpub\/noauth\/php\/Un\/UnPers.php?PerNum=871282&amp;LanCode=37&amp;menu=coord\"> Kaufmann<\/a>, ou avec des coll\u00e8gues de l\u2019UNIL lui permettent aussi de prendre une certaine distance face aux impressions de terrain.<\/p>\n\n\n\n<h5 class=\"wp-block-heading\">Palette d\u2019\u00e9motions<\/h5>\n\n\n\n<p>Parfois grim\u00e9s, costum\u00e9s, ou mimant la mort lors de <em>die-in,<\/em> les rebelles XR ne l\u00e9sinent pas sur la sc\u00e9nographie de l\u2019action, pour interpeller le public. En parall\u00e8le \u00e0 cet aspect tr\u00e8s spectaculaire, la chercheuse ne s\u2019attendait pas \u00e0 \u00e9prouver une sorte de languissement, d\u00fb \u00e0 une attente parfois prolong\u00e9e de telle ou telle partie de l\u2019action, notamment pendant les blocages. De plus, C\u00e9lia De Pietro a d\u00e9couvert \u00e0 quel point un grand travail de logistique et de mise en place \u00e9tait effectu\u00e9 en amont des actions, et m\u00eame pendant ces derni\u00e8res. Chaque d\u00e9tail est minutieusement \u00e9tudi\u00e9.<\/p>\n\n\n\n<p>La peur face aux forces de l\u2019ordre est aussi fr\u00e9quente chez les rebelles, loin de l\u2019image du militant t\u00eate br\u00fbl\u00e9e souvent relay\u00e9e dans la presse. Les membres de XR suivent des ateliers et participent \u00e0 diff\u00e9rents jeux de r\u00f4le les aidant entre autres \u00e0 g\u00e9rer ce sentiment et leur apprenant \u00e0 se sentir l\u00e9gitimes dans leur but d\u2019action, bien qu\u2019ill\u00e9gaux aux yeux de la loi. \u00ab&nbsp;Les rebelles apprennent leurs droits lors de formations, notamment celle sur l\u2019action directe non violente.&nbsp;\u00bb<\/p>\n\n\n\n<p>\u00c0 cela s\u2019ajoute aussi la possibilit\u00e9 d\u2019\u00eatre surveill\u00e9 par les autorit\u00e9s. \u00ab&nbsp;La loi sur les mesures polici\u00e8res de lutte contre le terrorisme, accept\u00e9e en juin 2021, renforce un sentiment d\u2019inqui\u00e9tude au sein de XR, l\u00e2che C\u00e9lia De Pietro. Quand nous nous r\u00e9unissons, tous les t\u00e9l\u00e9phones sont d\u00e9pos\u00e9s dans une bo\u00eete hors de la salle.&nbsp;\u00bb Certains membres optent pour un pseudonyme lorsqu\u2019ils parlent \u00e0 des journalistes et les syst\u00e8mes de messagerie crypt\u00e9e sont privil\u00e9gi\u00e9s.<\/p>\n\n\n\n<h5 class=\"wp-block-heading\"><strong>L\u2019appui de la science face aux critiques<\/strong><\/h5>\n\n\n\n<p>Les m\u00e9thodes th\u00e9\u00e2trales, le risque d\u2019arrestation (\u00ab&nbsp;pas syst\u00e9matique&nbsp;\u00bb, pr\u00e9cise notre interlocutrice), l\u2019esprit collectif tr\u00e8s fort\u2026 le militantisme fa\u00e7on XR n\u2019est pas fait pour tout le monde, admet l\u2019ethnologue. Mais face aux critiques reprochant au mouvement une approche trop \u00ab&nbsp;hyst\u00e9rique&nbsp;\u00bb de la question environnementale, C\u00e9lia De Pietro affirme&nbsp;:<\/p>\n\n\n\n<blockquote class=\"wp-block-quote is-layout-flow wp-block-quote-is-layout-flow\"><p> \u00ab\u00a0La grande force du mouvement est qu\u2019il se base sur des faits scientifiques \u00e9tablis. Beaucoup de chercheuses et de chercheurs, de m\u00e9decins et de personnalit\u00e9s de divers horizons, comme des avocates et avocats, appuient XR. Cela donne une l\u00e9gitimit\u00e9 ind\u00e9niable.\u00a0\u00bb<\/p><\/blockquote>\n\n\n\n<p>Au printemps 2021, le directeur g\u00e9n\u00e9ral de l\u2019OMS Tedros Adhanom Ghebreyesus a soutenu leur cause devant les m\u00e9dias.<\/p>\n\n\n\n<h5 class=\"has-accent-color has-text-color wp-block-heading\"><strong>Pour aller plus loin\u2026<\/strong><\/h5>\n\n\n\n<p><a href=\"https:\/\/airquotidien.wordpress.com\/\">Blog de <\/a><a href=\"https:\/\/airquotidien.wordpress.com\/\" target=\"_blank\" rel=\"noreferrer noopener\">l\u2019association<\/a><a href=\"https:\/\/airquotidien.wordpress.com\/\"> Air Quotidien<\/a>, dont fait partie C\u00e9lia De Pietro avec des coll\u00e8gues sociologues et dont le but est de d\u00e9crypter l\u2019actualit\u00e9 suisse \u00e0 travers le prisme de la sociologie<\/p>\n","protected":false},"excerpt":{"rendered":"<p>C\u00e9lia De Pietro, doctorante \u00e0 la Facult\u00e9 des sciences sociales et politiques de l\u2019UNIL, s\u2019est immerg\u00e9e dans le mouvement \u00e9cologiste pour \u00e9tudier les processus \u00e9motionnels militants.<\/p>\n","protected":false},"author":1001931,"featured_media":3578,"comment_status":"closed","ping_status":"closed","sticky":false,"template":"","format":"standard","meta":{"_seopress_robots_primary_cat":"","_seopress_titles_title":"","_seopress_titles_desc":"","_seopress_robots_index":"","_uag_custom_page_level_css":"","footnotes":""},"categories":[104,9,110],"tags":[176,179,180,150,177,27],"class_list":{"0":"post-3570","1":"post","2":"type-post","3":"status-publish","4":"format-standard","5":"has-post-thumbnail","7":"category-environnement","8":"category-recherche","9":"category-societe","10":"tag-desobeissance-civile","11":"tag-ethnographie","12":"tag-immersion","13":"tag-militantisme","14":"tag-sociologie","15":"tag-these-de-doctorat"},"uagb_featured_image_src":{"full":["https:\/\/wp.unil.ch\/uniscope\/files\/2021\/09\/1200x700_celia_de_pietro-3232.jpg",1200,700,false],"thumbnail":["https:\/\/wp.unil.ch\/uniscope\/files\/2021\/09\/1200x700_celia_de_pietro-3232-150x150.jpg",150,150,true],"medium":["https:\/\/wp.unil.ch\/uniscope\/files\/2021\/09\/1200x700_celia_de_pietro-3232-300x175.jpg",300,175,true],"medium_large":["https:\/\/wp.unil.ch\/uniscope\/files\/2021\/09\/1200x700_celia_de_pietro-3232-768x448.jpg",580,338,true],"large":["https:\/\/wp.unil.ch\/uniscope\/files\/2021\/09\/1200x700_celia_de_pietro-3232-1024x597.jpg",580,338,true],"1536x1536":["https:\/\/wp.unil.ch\/uniscope\/files\/2021\/09\/1200x700_celia_de_pietro-3232.jpg",1200,700,false],"2048x2048":["https:\/\/wp.unil.ch\/uniscope\/files\/2021\/09\/1200x700_celia_de_pietro-3232.jpg",1200,700,false],"post-thumbnail":["https:\/\/wp.unil.ch\/uniscope\/files\/2021\/09\/1200x700_celia_de_pietro-3232.jpg",1200,700,false],"chaplin_preview_image_low_resolution":["https:\/\/wp.unil.ch\/uniscope\/files\/2021\/09\/1200x700_celia_de_pietro-3232-540x315.jpg",540,315,true],"chaplin_preview_image_high_resolution":["https:\/\/wp.unil.ch\/uniscope\/files\/2021\/09\/1200x700_celia_de_pietro-3232-1080x630.jpg",1080,630,true],"chaplin_fullscreen":["https:\/\/wp.unil.ch\/uniscope\/files\/2021\/09\/1200x700_celia_de_pietro-3232.jpg",1200,700,false],"gform-image-choice-sm":["https:\/\/wp.unil.ch\/uniscope\/files\/2021\/09\/1200x700_celia_de_pietro-3232.jpg",300,175,false],"gform-image-choice-md":["https:\/\/wp.unil.ch\/uniscope\/files\/2021\/09\/1200x700_celia_de_pietro-3232.jpg",400,233,false],"gform-image-choice-lg":["https:\/\/wp.unil.ch\/uniscope\/files\/2021\/09\/1200x700_celia_de_pietro-3232.jpg",600,350,false],"mailpoet_newsletter_max":["https:\/\/wp.unil.ch\/uniscope\/files\/2021\/09\/1200x700_celia_de_pietro-3232.jpg",1200,700,false]},"uagb_author_info":{"display_name":"","author_link":"https:\/\/wp.unil.ch\/uniscope\/author\/"},"uagb_comment_info":0,"uagb_excerpt":"C\u00e9lia De Pietro, doctorante \u00e0 la Facult\u00e9 des sciences sociales et politiques de l\u2019UNIL, s\u2019est immerg\u00e9e dans le mouvement \u00e9cologiste pour \u00e9tudier les processus \u00e9motionnels militants.","_links":{"self":[{"href":"https:\/\/wp.unil.ch\/uniscope\/wp-json\/wp\/v2\/posts\/3570","targetHints":{"allow":["GET"]}}],"collection":[{"href":"https:\/\/wp.unil.ch\/uniscope\/wp-json\/wp\/v2\/posts"}],"about":[{"href":"https:\/\/wp.unil.ch\/uniscope\/wp-json\/wp\/v2\/types\/post"}],"author":[{"embeddable":true,"href":"https:\/\/wp.unil.ch\/uniscope\/wp-json\/wp\/v2\/users\/1001931"}],"replies":[{"embeddable":true,"href":"https:\/\/wp.unil.ch\/uniscope\/wp-json\/wp\/v2\/comments?post=3570"}],"version-history":[{"count":1,"href":"https:\/\/wp.unil.ch\/uniscope\/wp-json\/wp\/v2\/posts\/3570\/revisions"}],"predecessor-version":[{"id":9646,"href":"https:\/\/wp.unil.ch\/uniscope\/wp-json\/wp\/v2\/posts\/3570\/revisions\/9646"}],"wp:featuredmedia":[{"embeddable":true,"href":"https:\/\/wp.unil.ch\/uniscope\/wp-json\/wp\/v2\/media\/3578"}],"wp:attachment":[{"href":"https:\/\/wp.unil.ch\/uniscope\/wp-json\/wp\/v2\/media?parent=3570"}],"wp:term":[{"taxonomy":"category","embeddable":true,"href":"https:\/\/wp.unil.ch\/uniscope\/wp-json\/wp\/v2\/categories?post=3570"},{"taxonomy":"post_tag","embeddable":true,"href":"https:\/\/wp.unil.ch\/uniscope\/wp-json\/wp\/v2\/tags?post=3570"}],"curies":[{"name":"wp","href":"https:\/\/api.w.org\/{rel}","templated":true}]}}