{"id":3448,"date":"2021-09-22T17:03:12","date_gmt":"2021-09-22T15:03:12","guid":{"rendered":"https:\/\/wp.unil.ch\/uniscope\/?p=3448"},"modified":"2024-04-15T11:40:11","modified_gmt":"2024-04-15T09:40:11","slug":"sans-filtre-3-maxime-hoffmann-redac-chef-de-lauditoire","status":"publish","type":"post","link":"https:\/\/wp.unil.ch\/uniscope\/sans-filtre-3-maxime-hoffmann-redac-chef-de-lauditoire\/","title":{"rendered":"Sans Filtre #3: Maxime Hoffmann, r\u00e9dac&rsquo; chef de L&rsquo;Auditoire"},"content":{"rendered":"\n<p>Comment c&rsquo;est, de travailler dans le <a rel=\"noreferrer noopener\" href=\"https:\/\/lauditoire.ch\/\" target=\"_blank\">journal \u00e9tudiant de <em>L&rsquo;Auditoire<\/em><\/a> ?Maxime Hoffmann, r\u00e9dacteur en chef et \u00e9tudiant en Master de fran\u00e7ais moderne, a r\u00e9pondu \u00e0 nos questions.<\/p>\n\n\n\n<figure class=\"wp-block-embed is-type-video is-provider-youtube wp-block-embed-youtube wp-embed-aspect-16-9 wp-has-aspect-ratio\"><div class=\"wp-block-embed__wrapper\">\n<iframe loading=\"lazy\" title=\"&quot;SANS FILTRE&quot; \u00e9pisode 3: Maxime Hoffmann, r\u00e9dac&#039; chef de L&#039;Auditoire\" width=\"580\" height=\"326\" src=\"https:\/\/www.youtube.com\/embed\/eD2AT125NLs?feature=oembed\" frameborder=\"0\" allow=\"accelerometer; autoplay; clipboard-write; encrypted-media; gyroscope; picture-in-picture; web-share\" referrerpolicy=\"strict-origin-when-cross-origin\" allowfullscreen><\/iframe>\n<\/div><\/figure>\n","protected":false},"excerpt":{"rendered":"<p>Comment c&rsquo;est, de travailler dans le journal \u00e9tudiant de L&rsquo;Auditoire?Maxime Hoffmann, r\u00e9dacteur en chef et \u00e9tudiant en Master de fran\u00e7ais moderne, a r\u00e9pondu \u00e0 nos questions.<\/p>\n","protected":false},"author":1001931,"featured_media":3522,"comment_status":"closed","ping_status":"closed","sticky":false,"template":"","format":"standard","meta":{"_seopress_robots_primary_cat":"","_seopress_titles_title":"","_seopress_titles_desc":"","_seopress_robots_index":"","_uag_custom_page_level_css":"","footnotes":""},"categories":[11,101,45],"tags":[16,174,175],"class_list":{"0":"post-3448","1":"post","2":"type-post","3":"status-publish","4":"format-standard","5":"has-post-thumbnail","7":"category-campus","8":"category-culture","9":"category-video","10":"tag-etudiants","11":"tag-journalisme","12":"tag-poesie"},"uagb_featured_image_src":{"full":["https:\/\/wp.unil.ch\/uniscope\/files\/2021\/09\/1200x674_Maxime_Hoffmann_Sans_Filtre_image_vignette.jpg",1200,674,false],"thumbnail":["https:\/\/wp.unil.ch\/uniscope\/files\/2021\/09\/1200x674_Maxime_Hoffmann_Sans_Filtre_image_vignette-150x150.jpg",150,150,true],"medium":["https:\/\/wp.unil.ch\/uniscope\/files\/2021\/09\/1200x674_Maxime_Hoffmann_Sans_Filtre_image_vignette-300x169.jpg",300,169,true],"medium_large":["https:\/\/wp.unil.ch\/uniscope\/files\/2021\/09\/1200x674_Maxime_Hoffmann_Sans_Filtre_image_vignette-768x431.jpg",580,325,true],"large":["https:\/\/wp.unil.ch\/uniscope\/files\/2021\/09\/1200x674_Maxime_Hoffmann_Sans_Filtre_image_vignette-1024x575.jpg",580,326,true],"1536x1536":["https:\/\/wp.unil.ch\/uniscope\/files\/2021\/09\/1200x674_Maxime_Hoffmann_Sans_Filtre_image_vignette.jpg",1200,674,false],"2048x2048":["https:\/\/wp.unil.ch\/uniscope\/files\/2021\/09\/1200x674_Maxime_Hoffmann_Sans_Filtre_image_vignette.jpg",1200,674,false],"post-thumbnail":["https:\/\/wp.unil.ch\/uniscope\/files\/2021\/09\/1200x674_Maxime_Hoffmann_Sans_Filtre_image_vignette.jpg",1200,674,false],"chaplin_preview_image_low_resolution":["https:\/\/wp.unil.ch\/uniscope\/files\/2021\/09\/1200x674_Maxime_Hoffmann_Sans_Filtre_image_vignette-540x303.jpg",540,303,true],"chaplin_preview_image_high_resolution":["https:\/\/wp.unil.ch\/uniscope\/files\/2021\/09\/1200x674_Maxime_Hoffmann_Sans_Filtre_image_vignette-1080x607.jpg",1080,607,true],"chaplin_fullscreen":["https:\/\/wp.unil.ch\/uniscope\/files\/2021\/09\/1200x674_Maxime_Hoffmann_Sans_Filtre_image_vignette.jpg",1200,674,false],"gform-image-choice-sm":["https:\/\/wp.unil.ch\/uniscope\/files\/2021\/09\/1200x674_Maxime_Hoffmann_Sans_Filtre_image_vignette.jpg",300,169,false],"gform-image-choice-md":["https:\/\/wp.unil.ch\/uniscope\/files\/2021\/09\/1200x674_Maxime_Hoffmann_Sans_Filtre_image_vignette.jpg",400,225,false],"gform-image-choice-lg":["https:\/\/wp.unil.ch\/uniscope\/files\/2021\/09\/1200x674_Maxime_Hoffmann_Sans_Filtre_image_vignette.jpg",600,337,false],"mailpoet_newsletter_max":["https:\/\/wp.unil.ch\/uniscope\/files\/2021\/09\/1200x674_Maxime_Hoffmann_Sans_Filtre_image_vignette.jpg",1200,674,false]},"uagb_author_info":{"display_name":"","author_link":"https:\/\/wp.unil.ch\/uniscope\/author\/"},"uagb_comment_info":0,"uagb_excerpt":"Comment c'est, de travailler dans le journal \u00e9tudiant de L'Auditoire?Maxime Hoffmann, r\u00e9dacteur en chef et \u00e9tudiant en Master de fran\u00e7ais moderne, a r\u00e9pondu \u00e0 nos questions.","_links":{"self":[{"href":"https:\/\/wp.unil.ch\/uniscope\/wp-json\/wp\/v2\/posts\/3448","targetHints":{"allow":["GET"]}}],"collection":[{"href":"https:\/\/wp.unil.ch\/uniscope\/wp-json\/wp\/v2\/posts"}],"about":[{"href":"https:\/\/wp.unil.ch\/uniscope\/wp-json\/wp\/v2\/types\/post"}],"author":[{"embeddable":true,"href":"https:\/\/wp.unil.ch\/uniscope\/wp-json\/wp\/v2\/users\/1001931"}],"replies":[{"embeddable":true,"href":"https:\/\/wp.unil.ch\/uniscope\/wp-json\/wp\/v2\/comments?post=3448"}],"version-history":[{"count":1,"href":"https:\/\/wp.unil.ch\/uniscope\/wp-json\/wp\/v2\/posts\/3448\/revisions"}],"predecessor-version":[{"id":9436,"href":"https:\/\/wp.unil.ch\/uniscope\/wp-json\/wp\/v2\/posts\/3448\/revisions\/9436"}],"wp:featuredmedia":[{"embeddable":true,"href":"https:\/\/wp.unil.ch\/uniscope\/wp-json\/wp\/v2\/media\/3522"}],"wp:attachment":[{"href":"https:\/\/wp.unil.ch\/uniscope\/wp-json\/wp\/v2\/media?parent=3448"}],"wp:term":[{"taxonomy":"category","embeddable":true,"href":"https:\/\/wp.unil.ch\/uniscope\/wp-json\/wp\/v2\/categories?post=3448"},{"taxonomy":"post_tag","embeddable":true,"href":"https:\/\/wp.unil.ch\/uniscope\/wp-json\/wp\/v2\/tags?post=3448"}],"curies":[{"name":"wp","href":"https:\/\/api.w.org\/{rel}","templated":true}]}}