{"id":14106,"date":"2026-02-18T17:02:43","date_gmt":"2026-02-18T16:02:43","guid":{"rendered":"https:\/\/wp.unil.ch\/uniscope\/?p=14106"},"modified":"2026-02-19T11:02:34","modified_gmt":"2026-02-19T10:02:34","slug":"le-travail-en-transition-pourquoi-change-t-on-de-voie","status":"publish","type":"post","link":"https:\/\/wp.unil.ch\/uniscope\/le-travail-en-transition-pourquoi-change-t-on-de-voie\/","title":{"rendered":"Le travail en transition\u00a0: pourquoi change-t-on de voie\u00a0?"},"content":{"rendered":"\n<!-- iframe plugin v.6.0 wordpress.org\/plugins\/iframe\/ -->\n<iframe data-role=\"podcasticsPlayer\" data-format=\"light\" allow=\"autoplay\" loading=\"lazy\" src=\"https:\/\/player.podcastics.com\/light\/4838\/404578\" height=\"50\" width=\"100%\" 0=\"style=&quot;border:\" 1=\"none;\" 2=\"border-radius:\" 3=\"25px;&quot;&gt;&lt;\/iframe\" scrolling=\"yes\" class=\"iframe-class\" frameborder=\"0\"><\/iframe>\n\n\n\n\n<div style=\"height:42px\" aria-hidden=\"true\" class=\"wp-block-spacer\"><\/div>\n\n\n\n<p>Le travail fait partie int\u00e9grante de nos vies. Entre changements sociaux, politiques et avanc\u00e9es technologiques, sa forme et son contenu ne cessent pourtant d\u2019\u00e9voluer. Face aux crises sociales et \u00e9cologiques, certain\u00b7es se questionnent : faut-il changer de m\u00e9tier ? Transformer ses pratiques ?\u00a0<\/p>\n\n\n\n<p>Aux c\u00f4t\u00e9s de <strong>Sabrina Tacchini<\/strong>, psychologue de l\u2019orientation et doctorante en psychologie \u00e0 l\u2019Universit\u00e9 de Lausanne (CePCo), cet \u00e9pisode explore un monde professionnel en mouvement. Pourquoi certaines personnes changent-elles de voie ou leur mani\u00e8re de travailler ? Ces transitions peuvent-elles devenir un levier de changement collectif ?&nbsp;<\/p>\n\n\n\n<p>Apr\u00e8s avoir elle-m\u00eame r\u00e9orient\u00e9 son parcours, <strong>Sabrina Tacchini<\/strong> consacre aujourd\u2019hui sa th\u00e8se aux professionnel\u00b7les qui int\u00e8grent les limites plan\u00e9taires dans leur trajectoire, et anime des ateliers en ce sens.\u00a0<\/p>\n\n\n\n<p>Un \u00e9pisode pour s\u2019interroger et imaginer le travail autrement.&nbsp;<\/p>\n\n\n\n<p>Un podcast \u00e0 d\u00e9couvrir sur toutes les plateformes&nbsp;:<\/p>\n\n\n\n<!-- iframe plugin v.6.0 wordpress.org\/plugins\/iframe\/ -->\n<iframe data-role=\"podcasticsPlayer\" data-format=\"extended\" allow=\"autoplay\" loading=\"lazy\" src=\"https:\/\/player.podcastics.com\/extended\/4838\" height=\"200\" width=\"100%\" 0=\"style=&quot;border:\" 1=\"none;\" 2=\"border-radius:\" 3=\"10px;&quot;&gt;&lt;\/iframe\" scrolling=\"yes\" class=\"iframe-class\" frameborder=\"0\"><\/iframe>\n\n\n\n<div class=\"wp-block-image\">\n<figure class=\"alignleft is-resized\"><a href=\"https:\/\/music.amazon.com\/podcasts\/e693ee68-f3b2-4012-b2ad-be837b576212\" target=\"_blank\" rel=\" noreferrer noopener\"><img loading=\"lazy\" decoding=\"async\" width=\"600\" height=\"600\" src=\"https:\/\/wp.unil.ch\/uniscope\/files\/2026\/02\/amazon.png\" alt=\"This image has an empty alt attribute; its file name is amazon.png\" class=\"wp-image-14122\" style=\"width:88px\" srcset=\"https:\/\/wp.unil.ch\/uniscope\/files\/2026\/02\/amazon.png 600w, https:\/\/wp.unil.ch\/uniscope\/files\/2026\/02\/amazon-300x300.png 300w, https:\/\/wp.unil.ch\/uniscope\/files\/2026\/02\/amazon-150x150.png 150w, https:\/\/wp.unil.ch\/uniscope\/files\/2026\/02\/amazon-540x540.png 540w\" sizes=\"auto, (max-width: 600px) 100vw, 600px\" \/><\/a><\/figure>\n<\/div>\n\n<div class=\"wp-block-image\">\n<figure class=\"alignleft is-resized\" id=\"block-24a5813e-e326-4150-8680-8a9c32f736a3\"><a href=\"https:\/\/youtube.com\/playlist?list=PLGLNN-KqKMrQi9Lw6vchAInFu6rV-mTUv&amp;si=AF0h147xUp63-4lc\" target=\"_blank\" rel=\" noreferrer noopener\"><img loading=\"lazy\" decoding=\"async\" width=\"256\" height=\"256\" src=\"https:\/\/wp.unil.ch\/uniscope\/files\/2026\/02\/432560.webp\" alt=\"432560\" class=\"wp-image-14121\" style=\"width:88px\" srcset=\"https:\/\/wp.unil.ch\/uniscope\/files\/2026\/02\/432560.webp 256w, https:\/\/wp.unil.ch\/uniscope\/files\/2026\/02\/432560-150x150.webp 150w\" sizes=\"auto, (max-width: 256px) 100vw, 256px\" \/><\/a><\/figure>\n<\/div>\n\n<div class=\"wp-block-image\">\n<figure class=\"alignleft is-resized\" id=\"block-ada06b81-f722-47b5-b499-1b47138ef072\"><a href=\"https:\/\/podcasts.apple.com\/fr\/podcast\/luniscope-le-magazine-du-campus\/id523068664?uo=4\" target=\"_blank\" rel=\" noreferrer noopener\"><img loading=\"lazy\" decoding=\"async\" width=\"600\" height=\"600\" src=\"https:\/\/wp.unil.ch\/uniscope\/files\/2026\/02\/applepodcasts.png\" alt=\"This image has an empty alt attribute; its file name is applepodcasts.png\" class=\"wp-image-14124\" style=\"width:88px\" srcset=\"https:\/\/wp.unil.ch\/uniscope\/files\/2026\/02\/applepodcasts.png 600w, https:\/\/wp.unil.ch\/uniscope\/files\/2026\/02\/applepodcasts-300x300.png 300w, https:\/\/wp.unil.ch\/uniscope\/files\/2026\/02\/applepodcasts-150x150.png 150w, https:\/\/wp.unil.ch\/uniscope\/files\/2026\/02\/applepodcasts-540x540.png 540w\" sizes=\"auto, (max-width: 600px) 100vw, 600px\" \/><\/a><\/figure>\n<\/div>\n\n<div class=\"wp-block-image\">\n<figure class=\"alignleft is-resized\" id=\"block-197d7b33-434e-4810-a448-d45749efcf1b\"><a href=\"https:\/\/www.deezer.com\/show\/5230867\" target=\"_blank\" rel=\" noreferrer noopener\"><img loading=\"lazy\" decoding=\"async\" width=\"600\" height=\"600\" src=\"https:\/\/wp.unil.ch\/uniscope\/files\/2026\/02\/deezer3.png\" alt=\"This image has an empty alt attribute; its file name is deezer3.png\" class=\"wp-image-14120\" style=\"width:88px;height:auto\" srcset=\"https:\/\/wp.unil.ch\/uniscope\/files\/2026\/02\/deezer3.png 600w, https:\/\/wp.unil.ch\/uniscope\/files\/2026\/02\/deezer3-300x300.png 300w, https:\/\/wp.unil.ch\/uniscope\/files\/2026\/02\/deezer3-150x150.png 150w, https:\/\/wp.unil.ch\/uniscope\/files\/2026\/02\/deezer3-540x540.png 540w\" sizes=\"auto, (max-width: 600px) 100vw, 600px\" \/><\/a><\/figure>\n<\/div>\n\n<div class=\"wp-block-image\">\n<figure class=\"alignleft is-resized\" id=\"block-f865e49f-6955-46ab-b5f0-a26ccc3f37b7\"><a href=\"https:\/\/open.spotify.com\/show\/58lrDL8VioN1VJMc5avsls\" target=\"_blank\" rel=\" noreferrer noopener\"><img loading=\"lazy\" decoding=\"async\" width=\"600\" height=\"600\" src=\"https:\/\/wp.unil.ch\/uniscope\/files\/2026\/02\/spotify.png\" alt=\"This image has an empty alt attribute; its file name is spotify.png\" class=\"wp-image-14123\" style=\"width:88px\" srcset=\"https:\/\/wp.unil.ch\/uniscope\/files\/2026\/02\/spotify.png 600w, https:\/\/wp.unil.ch\/uniscope\/files\/2026\/02\/spotify-300x300.png 300w, https:\/\/wp.unil.ch\/uniscope\/files\/2026\/02\/spotify-150x150.png 150w, https:\/\/wp.unil.ch\/uniscope\/files\/2026\/02\/spotify-540x540.png 540w\" sizes=\"auto, (max-width: 600px) 100vw, 600px\" \/><\/a><\/figure>\n<\/div>\n\n\n<p><\/p>\n\n\n\n<div style=\"height:34px\" aria-hidden=\"true\" class=\"wp-block-spacer\"><\/div>\n\n\n\n<p>Pas de lecteur audio&nbsp;? Vous trouverez <a href=\"https:\/\/podcast.unil.ch\/podcast\/unil\/unicom\/26-02-tacchini.mp3\" data-type=\"link\" data-id=\"https:\/\/podcast.unil.ch\/podcast\/unil\/unicom\/26-02-tacchini.mp3\" target=\"_blank\" rel=\"noreferrer noopener\">le fichier mp3 ici<\/a>.<\/p>\n\n\n\n<p>Et pour plus d\u2019\u00e9pisodes du podcast,&nbsp;<a href=\"https:\/\/wp.unil.ch\/uniscope\/podcast-de-luniscope\/\" target=\"_blank\" rel=\"noreferrer noopener\">c\u2019est par ici&nbsp;!<\/a><\/p>\n\n\n\n<div class=\"wp-block-group has-light-background-background-color has-background\"><div class=\"wp-block-group__inner-container is-layout-constrained wp-block-group-is-layout-constrained\">\n<h5 class=\"wp-block-heading\">Cr\u00e9dits musique<\/h5>\n\n\n\n<p><em>Flight of the Inner Bird<\/em> by Yehezkel Raz feat <em>\u2013<\/em> <em>Sivan Talmor, A Journeys Epilogue<\/em> by Yehezkel Raz <em>\u2013<\/em> <em>The Wanderer<\/em> by Yehezkel Raz <em>\u2013<\/em> <em>Blue Beings<\/em> by Tamuz Dekel <em>\u2013<\/em> <em>Sleeper Valley &#8211; Piano Version<\/em> by Ardie Son. \u00a9 Artlist<\/p>\n<\/div><\/div>\n\n\n\n<p><\/p>\n","protected":false},"excerpt":{"rendered":"<p>Entre changements sociaux, politiques et avanc\u00e9es technologiques, le travail ne cesse de se transformer. \u00c0 l\u2019\u00e9chelle de l\u2019individu, les parcours doivent se r\u00e9inventer.<\/p>\n","protected":false},"author":1003080,"featured_media":14126,"comment_status":"closed","ping_status":"closed","sticky":false,"template":"","format":"standard","meta":{"_seopress_robots_primary_cat":"","_seopress_titles_title":"","_seopress_titles_desc":"","_seopress_robots_index":"","_uag_custom_page_level_css":"","footnotes":""},"categories":[104,44,110],"tags":[96,387,27],"class_list":{"0":"post-14106","1":"post","2":"type-post","3":"status-publish","4":"format-standard","5":"has-post-thumbnail","7":"category-environnement","8":"category-podcast","9":"category-societe","10":"tag-podcast","11":"tag-societe","12":"tag-these-de-doctorat"},"uagb_featured_image_src":{"full":["https:\/\/wp.unil.ch\/uniscope\/files\/2026\/02\/sabrina_tacchini-4045.jpg",1200,700,false],"thumbnail":["https:\/\/wp.unil.ch\/uniscope\/files\/2026\/02\/sabrina_tacchini-4045-150x150.jpg",150,150,true],"medium":["https:\/\/wp.unil.ch\/uniscope\/files\/2026\/02\/sabrina_tacchini-4045-300x175.jpg",300,175,true],"medium_large":["https:\/\/wp.unil.ch\/uniscope\/files\/2026\/02\/sabrina_tacchini-4045-768x448.jpg",580,338,true],"large":["https:\/\/wp.unil.ch\/uniscope\/files\/2026\/02\/sabrina_tacchini-4045-1024x597.jpg",580,338,true],"1536x1536":["https:\/\/wp.unil.ch\/uniscope\/files\/2026\/02\/sabrina_tacchini-4045.jpg",1200,700,false],"2048x2048":["https:\/\/wp.unil.ch\/uniscope\/files\/2026\/02\/sabrina_tacchini-4045.jpg",1200,700,false],"post-thumbnail":["https:\/\/wp.unil.ch\/uniscope\/files\/2026\/02\/sabrina_tacchini-4045.jpg",1200,700,false],"chaplin_preview_image_low_resolution":["https:\/\/wp.unil.ch\/uniscope\/files\/2026\/02\/sabrina_tacchini-4045-540x315.jpg",540,315,true],"chaplin_preview_image_high_resolution":["https:\/\/wp.unil.ch\/uniscope\/files\/2026\/02\/sabrina_tacchini-4045-1080x630.jpg",1080,630,true],"chaplin_fullscreen":["https:\/\/wp.unil.ch\/uniscope\/files\/2026\/02\/sabrina_tacchini-4045.jpg",1200,700,false],"gform-image-choice-sm":["https:\/\/wp.unil.ch\/uniscope\/files\/2026\/02\/sabrina_tacchini-4045.jpg",300,175,false],"gform-image-choice-md":["https:\/\/wp.unil.ch\/uniscope\/files\/2026\/02\/sabrina_tacchini-4045.jpg",400,233,false],"gform-image-choice-lg":["https:\/\/wp.unil.ch\/uniscope\/files\/2026\/02\/sabrina_tacchini-4045.jpg",600,350,false],"mailpoet_newsletter_max":["https:\/\/wp.unil.ch\/uniscope\/files\/2026\/02\/sabrina_tacchini-4045.jpg",1200,700,false]},"uagb_author_info":{"display_name":"Valentine Schmidhauser","author_link":"https:\/\/wp.unil.ch\/uniscope\/author\/vschmid2\/"},"uagb_comment_info":0,"uagb_excerpt":"Entre changements sociaux, politiques et avanc\u00e9es technologiques, le travail ne cesse de se transformer. \u00c0 l\u2019\u00e9chelle de l\u2019individu, les parcours doivent se r\u00e9inventer.","_links":{"self":[{"href":"https:\/\/wp.unil.ch\/uniscope\/wp-json\/wp\/v2\/posts\/14106","targetHints":{"allow":["GET"]}}],"collection":[{"href":"https:\/\/wp.unil.ch\/uniscope\/wp-json\/wp\/v2\/posts"}],"about":[{"href":"https:\/\/wp.unil.ch\/uniscope\/wp-json\/wp\/v2\/types\/post"}],"author":[{"embeddable":true,"href":"https:\/\/wp.unil.ch\/uniscope\/wp-json\/wp\/v2\/users\/1003080"}],"replies":[{"embeddable":true,"href":"https:\/\/wp.unil.ch\/uniscope\/wp-json\/wp\/v2\/comments?post=14106"}],"version-history":[{"count":4,"href":"https:\/\/wp.unil.ch\/uniscope\/wp-json\/wp\/v2\/posts\/14106\/revisions"}],"predecessor-version":[{"id":14134,"href":"https:\/\/wp.unil.ch\/uniscope\/wp-json\/wp\/v2\/posts\/14106\/revisions\/14134"}],"wp:featuredmedia":[{"embeddable":true,"href":"https:\/\/wp.unil.ch\/uniscope\/wp-json\/wp\/v2\/media\/14126"}],"wp:attachment":[{"href":"https:\/\/wp.unil.ch\/uniscope\/wp-json\/wp\/v2\/media?parent=14106"}],"wp:term":[{"taxonomy":"category","embeddable":true,"href":"https:\/\/wp.unil.ch\/uniscope\/wp-json\/wp\/v2\/categories?post=14106"},{"taxonomy":"post_tag","embeddable":true,"href":"https:\/\/wp.unil.ch\/uniscope\/wp-json\/wp\/v2\/tags?post=14106"}],"curies":[{"name":"wp","href":"https:\/\/api.w.org\/{rel}","templated":true}]}}