{"id":12854,"date":"2025-06-11T15:21:12","date_gmt":"2025-06-11T13:21:12","guid":{"rendered":"https:\/\/wp.unil.ch\/uniscope\/?p=12854"},"modified":"2025-09-24T10:24:05","modified_gmt":"2025-09-24T08:24:05","slug":"lunitheque-ferme-mais-cest-pour-mieux-renaitre","status":"publish","type":"post","link":"https:\/\/wp.unil.ch\/uniscope\/lunitheque-ferme-mais-cest-pour-mieux-renaitre\/","title":{"rendered":"L\u2019Unith\u00e8que ferme, mais c\u2019est pour mieux rena\u00eetre\u00a0!"},"content":{"rendered":"\n<p><strong>Le b\u00e2timent de la \u00ab&nbsp;Banane&nbsp;\u00bb s\u2019appr\u00eate \u00e0 fermer compl\u00e8tement ses portes d\u00e8s le 18 juillet 2025, marquant une \u00e9tape d\u00e9cisive dans un vaste projet de transformation. Avis aux membres de la communaut\u00e9&nbsp;: la biblioth\u00e8que se replie dans sa nouvelle extension et le restaurant sera relocalis\u00e9.<\/strong><\/p>\n\n\n\n<p>Val\u00e9rie Devallonn\u00e9 von Muralt, cheffe de projet au sein d\u2019Unibat, est aujourd\u2019hui, pour l\u2019Unil, l\u2019une des figures centrales du vaste chantier de transformation de l\u2019Unith\u00e8que, connue \u00e9galement sous le nom de la \u00ab&nbsp;Banane&nbsp;\u00bb. L\u2019architecte est charg\u00e9e de repr\u00e9senter \u00e0 la fois l\u2019exploitation des b\u00e2timents et les usagers internes (restaurateurs, associations, instituts). Dans ce r\u00f4le, elle participe depuis une ann\u00e9e environ \u00e0 la coordination de ce projet complexe, lanc\u00e9 il y a plus de dix ans, et d\u00e9sormais dans sa phase finale.<\/p>\n\n\n\n<p>D\u00e8s le 18 juillet 2025, les usag\u00e8res et usagers du campus devront s\u2019adapter \u00e0 une \u00e9tape cl\u00e9&nbsp;: la fermeture de l\u2019Unith\u00e8que, incluant la partie historique de la biblioth\u00e8que universitaire et le restaurant.&nbsp;Pendant cette p\u00e9riode de travaux de modernisation, la BCUL (ses services, ses bureaux, son libre acc\u00e8s et les places de travail) sera relocalis\u00e9e dans l\u2019extension neuve, d\u00e9j\u00e0 accessible provisoirement pour le libre-acc\u00e8s depuis le 26 mai 2025.<\/p>\n\n\n\n<p>Le restaurant universitaire rouvrira quant \u00e0 lui en septembre 2026 avec 350 places suppl\u00e9mentaires par rapport \u00e0 aujourd\u2019hui et une organisation du self revisit\u00e9e. D\u2019abord envisag\u00e9 comme un simple r\u00e9am\u00e9nagement, le projet a pris de l\u2019ampleur. \u00ab\u00a0Ce qui n\u2019\u00e9tait pas pr\u00e9vu, c\u2019\u00e9tait de refaire \u00e9galement toute la cuisine de production, y compris les sous-sols, les toilettes publiques et les salles de musique\u00a0\u00bb, explique Val\u00e9rie Devallonn\u00e9 von Muralt. Une d\u00e9cision rendue possible gr\u00e2ce \u00e0 un cr\u00e9dit additionnel vot\u00e9 pour moderniser l\u2019\u00e9quipement selon les normes actuelles. Pour assurer une continuit\u00e9 de l\u2019offre de restauration, une structure provisoire surnomm\u00e9e <a href=\"https:\/\/wp.unil.ch\/uniscope\/?p=12943&amp;preview=true\" data-type=\"link\" data-id=\"https:\/\/wp.unil.ch\/uniscope\/?p=12943&amp;preview=true\" target=\"_blank\" rel=\"noreferrer noopener\">La Ca\u2019Banane<\/a> ouvrira le 21 juillet 2025 sur le parking du centre (Internef). Elle pourra produire jusqu\u2019\u00e0 1000 repas par jour, avec une salle de plus de 500 places, ouverte aussi aux \u00e9tudiantes et \u00e9tudiants <a href=\"https:\/\/wp.unil.ch\/uniscope\/?p=12931&amp;preview=true\" data-type=\"link\" data-id=\"https:\/\/wp.unil.ch\/uniscope\/?p=12931&amp;preview=true\" target=\"_blank\" rel=\"noreferrer noopener\">pour r\u00e9viser<\/a>.<\/p>\n\n\n\n<h5 class=\"wp-block-heading\"><strong>Un besoin identifi\u00e9 d\u00e8s 2010<\/strong><\/h5>\n\n\n\n<p>La r\u00e9flexion autour du projet remonte \u00e0 2010, port\u00e9e par des besoins croissants en espace. Il y avait une vraie n\u00e9cessit\u00e9 d\u2019augmenter la capacit\u00e9 de la biblioth\u00e8que. Con\u00e7ue \u00e0 l\u2019origine pour une communaut\u00e9 d\u2019environ 6000 \u00e9tudiantes et \u00e9tudiants, la BCUL s\u2019adresse d\u00e9sormais \u00e0 plus de 17\u2019000 personnes. Les places de travail passeront de 850 \u00e0 2000. Le but \u00e9tait aussi d\u2019am\u00e9liorer le confort, avec une biblioth\u00e8que plus moderne.\u202f L\u2019extension sera exploit\u00e9e provisoirement jusqu\u2019\u00e0 fin 2026, jusqu\u2019\u00e0 l\u2019ach\u00e8vement de la modernisation du b\u00e2timent existant, avec une livraison pr\u00e9vue en avril 2027. \u00ab&nbsp;La Banane est un b\u00e2timent embl\u00e9matique du campus et du patrimoine architectural contemporain. Cette nouvelle construction inscrit l\u2019Unith\u00e8que dans une nouvelle \u00e8re&nbsp;\u00bb, conclut Val\u00e9rie Devallonn\u00e9 von Muralt.<\/p>\n\n\n\n<div class=\"wp-block-group has-light-background-background-color has-background\"><div class=\"wp-block-group__inner-container is-layout-constrained wp-block-group-is-layout-constrained\">\n<h5 class=\"wp-block-heading\"><strong>Pour en savoir plus <\/strong>:<\/h5>\n\n\n\n<p><a href=\"https:\/\/wp.unil.ch\/uniscope\/vive-la-cabanane\/\" data-type=\"link\" data-id=\"https:\/\/wp.unil.ch\/uniscope\/vive-la-cabanane\/\" target=\"_blank\" rel=\"noreferrer noopener\">O\u00f9 aller manger?<\/a><\/p>\n\n\n\n<p><a href=\"https:\/\/wp.unil.ch\/uniscope\/ou-etudier-durant-la-fermeture-de-la-banane\/\" data-type=\"link\" data-id=\"https:\/\/wp.unil.ch\/uniscope\/ou-etudier-durant-la-fermeture-de-la-banane\/\" target=\"_blank\" rel=\"noreferrer noopener\">O\u00f9 aller \u00e9tudier? <\/a><\/p>\n<\/div><\/div>\n\n\n\n<p><\/p>\n\n\n\n<div class=\"wp-block-group has-border-background-color has-background\"><div class=\"wp-block-group__inner-container is-layout-constrained wp-block-group-is-layout-constrained\">\n<h5 class=\"wp-block-heading\"><strong>Un chantier pilot\u00e9 par le Canton<\/strong><\/h5>\n\n\n\n<p>Le chantier de l\u2019Unith\u00e8que repr\u00e9sente un investissement de pr\u00e8s de 100 millions de francs, financ\u00e9 par l\u2019\u00c9tat de Vaud \u00e0 hauteur de 80,6 millions et par la Conf\u00e9d\u00e9ration pour 17,6 millions. Le budget comprend plusieurs enveloppes&nbsp;: un cr\u00e9dit d\u2019ouvrage de base pour l\u2019extension et la mise en conformit\u00e9 du b\u00e2timent&nbsp;, ainsi que des cr\u00e9dits compl\u00e9mentaires pour la couverture des toitures par des panneaux photovolta\u00efques, l\u2019assainissement des installations \u00e9lectriques et la r\u00e9novation de la cuisine du restaurant universitaire. Le projet, dont la ma\u00eetrise d\u2019ouvrage est assur\u00e9e par le CoPil des constructions universitaires, est pilot\u00e9 par la Direction g\u00e9n\u00e9rale des immeubles et du patrimoine (DGIP) du canton de Vaud. La Biblioth\u00e8que cantonale et universitaire de Lausanne (BCUL) est repr\u00e9sent\u00e9e dans les instances de gouvernance du projet, tout comme la Direction g\u00e9n\u00e9rale de l\u2019enseignement sup\u00e9rieur (DGES) et l\u2019Unil via Unibat. L\u2019architecture du b\u00e2timent est sign\u00e9e par le bureau Fruehauf, Henry &amp; Viladoms. Rappelons que l\u2019embl\u00e9matique b\u00e2timent existant est l\u2019\u0153uvre de Guido Cocchi.<\/p>\n<\/div><\/div>\n\n\n\n<div class=\"wp-block-group has-light-background-background-color has-background\"><div class=\"wp-block-group__inner-container is-layout-constrained wp-block-group-is-layout-constrained\">\n<h5 class=\"wp-block-heading\">Calendrier&nbsp;:<\/h5>\n\n\n\n<ul class=\"wp-block-list\">\n<li class=\"has-accent-color has-text-color has-link-color wp-elements-877e03f512d78d18f7ae6002681e392f\"> 26 mai 2025&nbsp;: ouverture de l\u2019extension<\/li>\n<\/ul>\n\n\n\n<ul class=\"wp-block-list\">\n<li class=\"has-accent-color has-text-color has-link-color wp-elements-ee0f941891644b76562a56625d305775\">18 juillet 2025&nbsp;: fermeture du b\u00e2timent existant (restaurant inclus)<\/li>\n<\/ul>\n\n\n\n<ul class=\"wp-block-list\">\n<li class=\"has-accent-color has-text-color has-link-color wp-elements-2b7805301cfd873b2b76262a3265cd8f\">21 juillet 2025\u00a0: ouverture du restaurant provisoire La Ca\u2019Banane<\/li>\n<\/ul>\n\n\n\n<ul class=\"wp-block-list\">\n<li class=\"has-accent-color has-text-color has-link-color wp-elements-b3a2ad6d08f0f6c81c963aa9d3a8db05\">Septembre 2026&nbsp;: r\u00e9ouverture du restaurant r\u00e9nov\u00e9<\/li>\n<\/ul>\n\n\n\n<ul class=\"wp-block-list\">\n<li class=\"has-accent-color has-text-color has-link-color wp-elements-a6cc22964ddf64d1d362d2084faf441f\">Avril 2027&nbsp;: fin officielle du chantier<a id=\"_msocom_1\"><\/a><\/li>\n<\/ul>\n<\/div><\/div>\n\n\n\n<p><a id=\"_msocom_2\"><\/a><\/p>\n\n\n\n<div class=\"wp-block-group\"><div class=\"wp-block-group__inner-container is-layout-constrained wp-block-group-is-layout-constrained\"><\/div><\/div>\n\n\n\n<hr class=\"wp-block-separator has-alpha-channel-opacity\" \/>\n\n\n\n<p><a id=\"_msocom_1\"><\/a><\/p>\n","protected":false},"excerpt":{"rendered":"<p>Le b\u00e2timent de la \u00ab\u00a0Banane\u00bb s\u2019appr\u00eate \u00e0 fermer: la biblioth\u00e8que se replie dans sa nouvelle extension et le restaurant sera relocalis\u00e9.<\/p>\n","protected":false},"author":1569,"featured_media":13075,"comment_status":"closed","ping_status":"closed","sticky":false,"template":"","format":"standard","meta":{"_seopress_robots_primary_cat":"","_seopress_titles_title":"","_seopress_titles_desc":"","_seopress_robots_index":"","_uag_custom_page_level_css":"","footnotes":""},"categories":[11,34],"tags":[392],"class_list":{"0":"post-12854","1":"post","2":"type-post","3":"status-publish","4":"format-standard","5":"has-post-thumbnail","7":"category-campus","8":"category-institution","9":"tag-campus"},"uagb_featured_image_src":{"full":["https:\/\/wp.unil.ch\/uniscope\/files\/2025\/06\/principal_ok.jpg",1200,700,false],"thumbnail":["https:\/\/wp.unil.ch\/uniscope\/files\/2025\/06\/principal_ok-150x150.jpg",150,150,true],"medium":["https:\/\/wp.unil.ch\/uniscope\/files\/2025\/06\/principal_ok-300x175.jpg",300,175,true],"medium_large":["https:\/\/wp.unil.ch\/uniscope\/files\/2025\/06\/principal_ok-768x448.jpg",580,338,true],"large":["https:\/\/wp.unil.ch\/uniscope\/files\/2025\/06\/principal_ok-1024x597.jpg",580,338,true],"1536x1536":["https:\/\/wp.unil.ch\/uniscope\/files\/2025\/06\/principal_ok.jpg",1200,700,false],"2048x2048":["https:\/\/wp.unil.ch\/uniscope\/files\/2025\/06\/principal_ok.jpg",1200,700,false],"post-thumbnail":["https:\/\/wp.unil.ch\/uniscope\/files\/2025\/06\/principal_ok.jpg",1200,700,false],"chaplin_preview_image_low_resolution":["https:\/\/wp.unil.ch\/uniscope\/files\/2025\/06\/principal_ok-540x315.jpg",540,315,true],"chaplin_preview_image_high_resolution":["https:\/\/wp.unil.ch\/uniscope\/files\/2025\/06\/principal_ok-1080x630.jpg",1080,630,true],"chaplin_fullscreen":["https:\/\/wp.unil.ch\/uniscope\/files\/2025\/06\/principal_ok.jpg",1200,700,false],"gform-image-choice-sm":["https:\/\/wp.unil.ch\/uniscope\/files\/2025\/06\/principal_ok.jpg",300,175,false],"gform-image-choice-md":["https:\/\/wp.unil.ch\/uniscope\/files\/2025\/06\/principal_ok.jpg",400,233,false],"gform-image-choice-lg":["https:\/\/wp.unil.ch\/uniscope\/files\/2025\/06\/principal_ok.jpg",600,350,false],"mailpoet_newsletter_max":["https:\/\/wp.unil.ch\/uniscope\/files\/2025\/06\/principal_ok.jpg",1200,700,false]},"uagb_author_info":{"display_name":"Francine Zambano","author_link":"https:\/\/wp.unil.ch\/uniscope\/author\/fzambano\/"},"uagb_comment_info":0,"uagb_excerpt":"Le b\u00e2timent de la \u00ab\u00a0Banane\u00bb s\u2019appr\u00eate \u00e0 fermer: la biblioth\u00e8que se replie dans sa nouvelle extension et le restaurant sera relocalis\u00e9.","_links":{"self":[{"href":"https:\/\/wp.unil.ch\/uniscope\/wp-json\/wp\/v2\/posts\/12854","targetHints":{"allow":["GET"]}}],"collection":[{"href":"https:\/\/wp.unil.ch\/uniscope\/wp-json\/wp\/v2\/posts"}],"about":[{"href":"https:\/\/wp.unil.ch\/uniscope\/wp-json\/wp\/v2\/types\/post"}],"author":[{"embeddable":true,"href":"https:\/\/wp.unil.ch\/uniscope\/wp-json\/wp\/v2\/users\/1569"}],"replies":[{"embeddable":true,"href":"https:\/\/wp.unil.ch\/uniscope\/wp-json\/wp\/v2\/comments?post=12854"}],"version-history":[{"count":5,"href":"https:\/\/wp.unil.ch\/uniscope\/wp-json\/wp\/v2\/posts\/12854\/revisions"}],"predecessor-version":[{"id":13175,"href":"https:\/\/wp.unil.ch\/uniscope\/wp-json\/wp\/v2\/posts\/12854\/revisions\/13175"}],"wp:featuredmedia":[{"embeddable":true,"href":"https:\/\/wp.unil.ch\/uniscope\/wp-json\/wp\/v2\/media\/13075"}],"wp:attachment":[{"href":"https:\/\/wp.unil.ch\/uniscope\/wp-json\/wp\/v2\/media?parent=12854"}],"wp:term":[{"taxonomy":"category","embeddable":true,"href":"https:\/\/wp.unil.ch\/uniscope\/wp-json\/wp\/v2\/categories?post=12854"},{"taxonomy":"post_tag","embeddable":true,"href":"https:\/\/wp.unil.ch\/uniscope\/wp-json\/wp\/v2\/tags?post=12854"}],"curies":[{"name":"wp","href":"https:\/\/api.w.org\/{rel}","templated":true}]}}