{"id":12606,"date":"2025-04-28T14:07:09","date_gmt":"2025-04-28T12:07:09","guid":{"rendered":"https:\/\/wp.unil.ch\/uniscope\/?p=12606"},"modified":"2025-06-11T10:21:08","modified_gmt":"2025-06-11T08:21:08","slug":"180-secondes-pour-un-zoom-sur-nos-trois-finalistes","status":"publish","type":"post","link":"https:\/\/wp.unil.ch\/uniscope\/180-secondes-pour-un-zoom-sur-nos-trois-finalistes\/","title":{"rendered":"180\u00a0secondes pour un zoom sur nos trois finalistes"},"content":{"rendered":"\n<p><strong>Des quais de la Seine\u00a0\u00e0 la biblioth\u00e8que de l\u2019ISDC en passant par un laboratoire rempli d\u2019\u00e9prouvettes,\u00a0<em>l\u2019uniscope<\/em> vous emm\u00e8ne \u00e0 la rencontre des trois finalistes UNIL de l\u2019\u00e9dition 2025 du concours \u00ab\u00a0Ma\u00a0th\u00e8se en 180 secondes\u00a0\u00bb.<\/strong><\/p>\n\n\n\n<p>Apr\u00e8s avoir d\u00e9fi\u00e9 le chrono\u00a0le 20 mars dernier pour expliquer au grand public leur\u00a0sujet\u00a0de th\u00e8se, Arthur Gallois, Honor Felisberto et Margaux Cr\u00e9z\u00e9 bravent aujourd\u2019hui l\u2019objectif de notre cam\u00e9ra pour se pr\u00e9senter \u00e0 vous. En dehors de leur labo, la t\u00eate hors de leurs livres\u00a0et leurs m\u00e9ninges au repos, qui sont les trois jeunes scientifiques qui d\u00e9fendront les couleurs de l\u2019UNIL le 22 mai prochain \u00e0 l\u2019Universit\u00e9 de Neuch\u00e2tel, lors de la finale suisse du concours de vulgarisation scientifique\u00a0?\u00a0180\u00a0secondes pour en savoir plus \u00e0 leur sujet, une s\u00e9rie de portraits vid\u00e9o ancr\u00e9e dans l\u2019esprit du concours.<\/p>\n\n\n\n<figure class=\"wp-block-embed is-type-video is-provider-youtube wp-block-embed-youtube wp-embed-aspect-16-9 wp-has-aspect-ratio\"><div class=\"wp-block-embed__wrapper\">\n<iframe loading=\"lazy\" title=\"180 secondes pour un zoom sur nos trois finalistes\" width=\"580\" height=\"326\" src=\"https:\/\/www.youtube.com\/embed\/a6QNi5muMTU?feature=oembed\" frameborder=\"0\" allow=\"accelerometer; autoplay; clipboard-write; encrypted-media; gyroscope; picture-in-picture; web-share\" referrerpolicy=\"strict-origin-when-cross-origin\" allowfullscreen><\/iframe>\n<\/div><\/figure>\n\n\n\n<div class=\"wp-block-group has-light-background-background-color has-background\"><div class=\"wp-block-group__inner-container is-layout-constrained wp-block-group-is-layout-constrained\">\n<h5 class=\"wp-block-heading\"><strong>\u00c0 lire aussi<\/strong><\/h5>\n\n\n\n<ul class=\"wp-block-list\">\n<li><a href=\"https:\/\/www.youtube.com\/watch?v=UvXYbxoNNVM\" target=\"_blank\" rel=\"noreferrer noopener\">Revisionnez la totalit\u00e9 de l\u2019\u00e9v\u00e9nement\u00a0du 20 mars dernier<\/a>\u00a0sur la cha\u00eene Youtube de l\u2019UNIL ou\u00a0retrouvez\u00a0<a href=\"https:\/\/www.unil.ch\/news\/fr\/1742540231451\" target=\"_blank\" rel=\"noreferrer noopener\">le compte rendu\u00a0de la r\u00e9daction<\/a>\u00a0sur le site d\u2019actu.<\/li>\n\n\n\n<li>Pour en apprendre davantage sur\u00a0<a href=\"https:\/\/www.mt180.ch\/accueil\/\" target=\"_blank\" rel=\"noreferrer noopener\">le\u00a0concours de l\u2019UNIL\u00a0et sur\u00a0le concours \u00e0 l\u2019\u00e9chelle nationale<\/a>.<\/li>\n\n\n\n<li>Revisionnez\u00a0les portraits vid\u00e9o\u00a0des finalistes de\u00a0<a href=\"https:\/\/wp.unil.ch\/uniscope\/180-secondes-pour-faire-connaissance\/\" target=\"_blank\" rel=\"noreferrer noopener\">l\u2019\u00e9dition 2024<\/a>\u00a0et de\u00a0<a href=\"https:\/\/wp.unil.ch\/uniscope\/leur-portrait-en-180-secondes\/\" target=\"_blank\" rel=\"noreferrer noopener\">l\u2019\u00e9dition 2023<\/a>\u00a0r\u00e9alis\u00e9s par\u00a0<em>l\u2019uniscope.<\/em><\/li>\n<\/ul>\n<\/div><\/div>\n\n\n\n<p><\/p>\n","protected":false},"excerpt":{"rendered":"<p>Portraits vid\u00e9o. L\u2019uniscope vous emm\u00e8ne \u00e0 la rencontre des trois finalistes UNIL de l\u2019\u00e9dition 2025 du concours \u00ab Ma th\u00e8se en 180 secondes \u00bb.<\/p>\n","protected":false},"author":1002589,"featured_media":12626,"comment_status":"closed","ping_status":"closed","sticky":false,"template":"","format":"standard","meta":{"_seopress_robots_primary_cat":"","_seopress_titles_title":"","_seopress_titles_desc":"","_seopress_robots_index":"","_uag_custom_page_level_css":"","footnotes":""},"categories":[100,163,110,45],"tags":[330,86,27],"class_list":{"0":"post-12606","1":"post","2":"type-post","3":"status-publish","4":"format-standard","5":"has-post-thumbnail","7":"category-biologie","8":"category-histoire","9":"category-societe","10":"category-video","11":"tag-mt180","12":"tag-portrait","13":"tag-these-de-doctorat"},"uagb_featured_image_src":{"full":["https:\/\/wp.unil.ch\/uniscope\/files\/2025\/04\/trio-mt180_2025-copie.jpg",1200,700,false],"thumbnail":["https:\/\/wp.unil.ch\/uniscope\/files\/2025\/04\/trio-mt180_2025-copie-150x150.jpg",150,150,true],"medium":["https:\/\/wp.unil.ch\/uniscope\/files\/2025\/04\/trio-mt180_2025-copie-300x175.jpg",300,175,true],"medium_large":["https:\/\/wp.unil.ch\/uniscope\/files\/2025\/04\/trio-mt180_2025-copie-768x448.jpg",580,338,true],"large":["https:\/\/wp.unil.ch\/uniscope\/files\/2025\/04\/trio-mt180_2025-copie-1024x597.jpg",580,338,true],"1536x1536":["https:\/\/wp.unil.ch\/uniscope\/files\/2025\/04\/trio-mt180_2025-copie.jpg",1200,700,false],"2048x2048":["https:\/\/wp.unil.ch\/uniscope\/files\/2025\/04\/trio-mt180_2025-copie.jpg",1200,700,false],"post-thumbnail":["https:\/\/wp.unil.ch\/uniscope\/files\/2025\/04\/trio-mt180_2025-copie.jpg",1200,700,false],"chaplin_preview_image_low_resolution":["https:\/\/wp.unil.ch\/uniscope\/files\/2025\/04\/trio-mt180_2025-copie-540x315.jpg",540,315,true],"chaplin_preview_image_high_resolution":["https:\/\/wp.unil.ch\/uniscope\/files\/2025\/04\/trio-mt180_2025-copie-1080x630.jpg",1080,630,true],"chaplin_fullscreen":["https:\/\/wp.unil.ch\/uniscope\/files\/2025\/04\/trio-mt180_2025-copie.jpg",1200,700,false],"gform-image-choice-sm":["https:\/\/wp.unil.ch\/uniscope\/files\/2025\/04\/trio-mt180_2025-copie.jpg",300,175,false],"gform-image-choice-md":["https:\/\/wp.unil.ch\/uniscope\/files\/2025\/04\/trio-mt180_2025-copie.jpg",400,233,false],"gform-image-choice-lg":["https:\/\/wp.unil.ch\/uniscope\/files\/2025\/04\/trio-mt180_2025-copie.jpg",600,350,false],"mailpoet_newsletter_max":["https:\/\/wp.unil.ch\/uniscope\/files\/2025\/04\/trio-mt180_2025-copie.jpg",1200,700,false]},"uagb_author_info":{"display_name":"Ga\u00eblle Monayron","author_link":"https:\/\/wp.unil.ch\/uniscope\/author\/gmonayro\/"},"uagb_comment_info":0,"uagb_excerpt":"Portraits vid\u00e9o. L\u2019uniscope vous emm\u00e8ne \u00e0 la rencontre des trois finalistes UNIL de l\u2019\u00e9dition 2025 du concours \u00ab Ma th\u00e8se en 180 secondes \u00bb.","_links":{"self":[{"href":"https:\/\/wp.unil.ch\/uniscope\/wp-json\/wp\/v2\/posts\/12606","targetHints":{"allow":["GET"]}}],"collection":[{"href":"https:\/\/wp.unil.ch\/uniscope\/wp-json\/wp\/v2\/posts"}],"about":[{"href":"https:\/\/wp.unil.ch\/uniscope\/wp-json\/wp\/v2\/types\/post"}],"author":[{"embeddable":true,"href":"https:\/\/wp.unil.ch\/uniscope\/wp-json\/wp\/v2\/users\/1002589"}],"replies":[{"embeddable":true,"href":"https:\/\/wp.unil.ch\/uniscope\/wp-json\/wp\/v2\/comments?post=12606"}],"version-history":[{"count":4,"href":"https:\/\/wp.unil.ch\/uniscope\/wp-json\/wp\/v2\/posts\/12606\/revisions"}],"predecessor-version":[{"id":12621,"href":"https:\/\/wp.unil.ch\/uniscope\/wp-json\/wp\/v2\/posts\/12606\/revisions\/12621"}],"wp:featuredmedia":[{"embeddable":true,"href":"https:\/\/wp.unil.ch\/uniscope\/wp-json\/wp\/v2\/media\/12626"}],"wp:attachment":[{"href":"https:\/\/wp.unil.ch\/uniscope\/wp-json\/wp\/v2\/media?parent=12606"}],"wp:term":[{"taxonomy":"category","embeddable":true,"href":"https:\/\/wp.unil.ch\/uniscope\/wp-json\/wp\/v2\/categories?post=12606"},{"taxonomy":"post_tag","embeddable":true,"href":"https:\/\/wp.unil.ch\/uniscope\/wp-json\/wp\/v2\/tags?post=12606"}],"curies":[{"name":"wp","href":"https:\/\/api.w.org\/{rel}","templated":true}]}}