{"id":12040,"date":"2025-02-24T10:49:53","date_gmt":"2025-02-24T09:49:53","guid":{"rendered":"https:\/\/wp.unil.ch\/uniscope\/?p=12040"},"modified":"2025-04-28T13:17:38","modified_gmt":"2025-04-28T11:17:38","slug":"un-spectacle-pose-la-question-du-trauma-par-loeuvre","status":"publish","type":"post","link":"https:\/\/wp.unil.ch\/uniscope\/un-spectacle-pose-la-question-du-trauma-par-loeuvre\/","title":{"rendered":"Un spectacle pose la question du trauma par l\u2019\u0153uvre"},"content":{"rendered":"\n<p><strong>Objet th\u00e9\u00e2tral hybride, <em>Face \u00e0 Chienne&nbsp;: portrait d\u2019un public <\/em>explore la r\u00e9ception d\u2019une pi\u00e8ce commotionnante pour ses cr\u00e9ateurs comme pour son public et les conditions de la transmission des r\u00e9cits traumatiques. Ses autrices, Mathilde Morel, \u00e9crivaine et performeuse, et Mathilde Zbaeren, chercheuse, investiguent chacune \u00e0 sa mani\u00e8re une parole n\u00e9e de cette exp\u00e9rience.<\/strong><\/p>\n\n\n\n<p>Tout commence en 2023 avec <em>Chienne,<\/em> qui traite d\u2019inceste, un spectacle pr\u00e9sent\u00e9 \u00e0 La Grange par Fabrice Gorgerat. Mathilde Morel, alors assistante \u00e0 la mise en sc\u00e8ne, n\u2019en sort pas indemne. La m\u00eame ann\u00e9e, cette jeune dipl\u00f4m\u00e9e de la Manufacture a fond\u00e9 sa propre compagnie, Jeanne Styx&nbsp;; elle a en outre organis\u00e9 un atelier d\u2019\u00e9criture sur le th\u00e8me de la rage pour le public de <em>Chienne<\/em>.<\/p>\n\n\n\n<p>Ma\u00eetresse-assistante \u00e0 la section de fran\u00e7ais de l\u2019UNIL, Mathilde Zbaeren s\u2019int\u00e9resse dans ses recherches aux collectes de paroles et aux r\u00e9cits de violences sexuelles. Elle d\u00e9couvre pour sa part le spectacle c\u00f4t\u00e9 public et en ressort \u00e9galement boulevers\u00e9e. C\u2019est pourquoi elle entre en contact Pascal Roman, professeur honoraire de l\u2019UNIL, dont le parcours s\u2019est \u00e9crit entre psychanalyse et culture. Parce qu\u2019il a lui aussi vu et \u00e9t\u00e9 saisi par la pi\u00e8ce <em>Chienne,<\/em> l\u2019id\u00e9e leur vient de mener une enqu\u00eate sur sa r\u00e9ception en r\u00e9alisant des entretiens \u2013 huit au total, d\u2019une dur\u00e9e de 40 \u00e0 70\u00a0minutes \u2013 avec les membres de l\u2019\u00e9quipe th\u00e9\u00e2trale et des spectatrices et spectateurs. \u00ab\u00a0Pour d\u00e9terminer comment elles et ils ont re\u00e7u le r\u00e9cit de traumatisme, nous les avons interrog\u00e9s sur leurs exp\u00e9riences physiques et \u00e9motionnelles, puis plus largement sur leur perception de la violence dans les arts\u00a0\u00bb, r\u00e9sume Mathilde Zbaeren. Un travail qui d\u00e9bouche sur un article, \u00e0 para\u00eetre d\u2019ici l\u2019\u00e9t\u00e9 dans la revue <em>In analysis<\/em>.<\/p>\n\n\n\n<h5 class=\"wp-block-heading\">Trente-trois t\u00e9moignages <\/h5>\n\n\n\n<p>En d\u00e9couvrant cette \u00e9tude acad\u00e9mique, Mathilde Morel a le sentiment que ce travail d\u00e9poss\u00e8de l\u2019\u00e9quipe artistique de son geste. Elle d\u00e9cide de recourir aux outils de la fiction et du corps pour \u00ab&nbsp;raconter \u00e0 la fois ce que le public a v\u00e9cu et ce que nous, qui avons entendu ce texte pendant des semaines, avons travers\u00e9&nbsp;\u00bb. Il lui semble que pour \u00e9voquer une telle exp\u00e9rience il faut \u00e0 nouveau passer par le th\u00e9\u00e2tre. Sa r\u00e9ponse prend donc la forme d\u2019une performance, \u00e9galement cr\u00e9\u00e9e \u00e0 partir des r\u00e9actions recueillies aupr\u00e8s des spectatrices et spectateurs de <em>Chienne<\/em><em>&nbsp;<\/em>: \u00ab&nbsp;Je leur ai pos\u00e9 une question toute simple (\u00ab&nbsp;Et maintenant quoi&nbsp;?&nbsp;\u00bb) et les ai invit\u00e9s \u00e0 laisser libre cours \u00e0 leur plume pendant cinq minutes.&nbsp;\u00bb Mathilde Morel r\u00e9colte ainsi 33&nbsp;t\u00e9moignages qui forment le mat\u00e9riau d\u2019un montage de voix.<\/p>\n\n\n\n<h5 class=\"wp-block-heading\">Conflit de parole et de style <\/h5>\n\n\n\n<p>Cette confrontation d\u00e9bouche sur un \u00e9change entre la performeuse et la chercheuse, et sur un objet th\u00e9\u00e2tral qui hybride conf\u00e9rence universitaire, fiction et jeu. <em>Face \u00e0 Chienne<\/em><em>&nbsp;<\/em><em>: portrait d\u2019un public<\/em> raconte un conflit de parole et de style, tout en faisant \u00e9merger des frictions entre arts et sciences sur la question du traumatisme au th\u00e9\u00e2tre. Elles explorent, chacune avec ses propres outils, cette question qui les int\u00e9resse toutes les deux&nbsp;: le fait de traverser un trauma via la narration th\u00e9\u00e2trale peut-il en aviver d\u2019autres, personnels&nbsp;? Un spectacle peut-il mettre en danger son public&nbsp;? Et, le cas \u00e9ch\u00e9ant, que faire de la douleur dont celui-ci devient le relais&nbsp;? Toutes deux en sont convaincues&nbsp;: collectiviser et hybrider une recherche offre des r\u00e9ponses.<\/p>\n\n\n\n<p class=\"has-light-background-background-color has-background\"><em>Face \u00e0 Chienne : portrait d\u2019un public<\/em>, un spectacle de Mathilde Morel \u2014 Cie Jeanne Styx.<br>Vendredi <strong>28 mars<\/strong> \u00e0 20h \u00e0 <strong>La Grange<\/strong><br>Informations et r\u00e9servations sur <a href=\"https:\/\/www.grange-unil.ch\/evenement\/face-a-chienne-portrait-dun-public\/\" target=\"_blank\" rel=\"noreferrer noopener\">le site de La Grange<\/a>.<br><\/p>\n\n\n\n<p><\/p>\n","protected":false},"excerpt":{"rendered":"<p>Le spectacle Face \u00e0 Chienne : portrait d\u2019un public explore la r\u00e9ception d\u2019une pi\u00e8ce commotionnante pour ses cr\u00e9ateurs comme pour son public. <\/p>\n","protected":false},"author":1002291,"featured_media":12030,"comment_status":"closed","ping_status":"closed","sticky":false,"template":"","format":"standard","meta":{"_seopress_robots_primary_cat":"","_seopress_titles_title":"","_seopress_titles_desc":"","_seopress_robots_index":"","_uag_custom_page_level_css":"","footnotes":""},"categories":[101,23],"tags":[422,170],"class_list":{"0":"post-12040","1":"post","2":"type-post","3":"status-publish","4":"format-standard","5":"has-post-thumbnail","7":"category-culture","8":"category-evenements","9":"tag-spectacle","10":"tag-theatre"},"uagb_featured_image_src":{"full":["https:\/\/wp.unil.ch\/uniscope\/files\/2025\/02\/mathilde_zbaeren-mathilde_morel-9049.jpg",1200,700,false],"thumbnail":["https:\/\/wp.unil.ch\/uniscope\/files\/2025\/02\/mathilde_zbaeren-mathilde_morel-9049-150x150.jpg",150,150,true],"medium":["https:\/\/wp.unil.ch\/uniscope\/files\/2025\/02\/mathilde_zbaeren-mathilde_morel-9049-300x175.jpg",300,175,true],"medium_large":["https:\/\/wp.unil.ch\/uniscope\/files\/2025\/02\/mathilde_zbaeren-mathilde_morel-9049-768x448.jpg",580,338,true],"large":["https:\/\/wp.unil.ch\/uniscope\/files\/2025\/02\/mathilde_zbaeren-mathilde_morel-9049-1024x597.jpg",580,338,true],"1536x1536":["https:\/\/wp.unil.ch\/uniscope\/files\/2025\/02\/mathilde_zbaeren-mathilde_morel-9049.jpg",1200,700,false],"2048x2048":["https:\/\/wp.unil.ch\/uniscope\/files\/2025\/02\/mathilde_zbaeren-mathilde_morel-9049.jpg",1200,700,false],"post-thumbnail":["https:\/\/wp.unil.ch\/uniscope\/files\/2025\/02\/mathilde_zbaeren-mathilde_morel-9049.jpg",1200,700,false],"chaplin_preview_image_low_resolution":["https:\/\/wp.unil.ch\/uniscope\/files\/2025\/02\/mathilde_zbaeren-mathilde_morel-9049-540x315.jpg",540,315,true],"chaplin_preview_image_high_resolution":["https:\/\/wp.unil.ch\/uniscope\/files\/2025\/02\/mathilde_zbaeren-mathilde_morel-9049-1080x630.jpg",1080,630,true],"chaplin_fullscreen":["https:\/\/wp.unil.ch\/uniscope\/files\/2025\/02\/mathilde_zbaeren-mathilde_morel-9049.jpg",1200,700,false],"gform-image-choice-sm":["https:\/\/wp.unil.ch\/uniscope\/files\/2025\/02\/mathilde_zbaeren-mathilde_morel-9049.jpg",300,175,false],"gform-image-choice-md":["https:\/\/wp.unil.ch\/uniscope\/files\/2025\/02\/mathilde_zbaeren-mathilde_morel-9049.jpg",400,233,false],"gform-image-choice-lg":["https:\/\/wp.unil.ch\/uniscope\/files\/2025\/02\/mathilde_zbaeren-mathilde_morel-9049.jpg",600,350,false],"mailpoet_newsletter_max":["https:\/\/wp.unil.ch\/uniscope\/files\/2025\/02\/mathilde_zbaeren-mathilde_morel-9049.jpg",1200,700,false]},"uagb_author_info":{"display_name":"Sylvie Ulmann","author_link":"https:\/\/wp.unil.ch\/uniscope\/author\/sulmann\/"},"uagb_comment_info":0,"uagb_excerpt":"Le spectacle Face \u00e0 Chienne : portrait d\u2019un public explore la r\u00e9ception d\u2019une pi\u00e8ce commotionnante pour ses cr\u00e9ateurs comme pour son public.","_links":{"self":[{"href":"https:\/\/wp.unil.ch\/uniscope\/wp-json\/wp\/v2\/posts\/12040","targetHints":{"allow":["GET"]}}],"collection":[{"href":"https:\/\/wp.unil.ch\/uniscope\/wp-json\/wp\/v2\/posts"}],"about":[{"href":"https:\/\/wp.unil.ch\/uniscope\/wp-json\/wp\/v2\/types\/post"}],"author":[{"embeddable":true,"href":"https:\/\/wp.unil.ch\/uniscope\/wp-json\/wp\/v2\/users\/1002291"}],"replies":[{"embeddable":true,"href":"https:\/\/wp.unil.ch\/uniscope\/wp-json\/wp\/v2\/comments?post=12040"}],"version-history":[{"count":5,"href":"https:\/\/wp.unil.ch\/uniscope\/wp-json\/wp\/v2\/posts\/12040\/revisions"}],"predecessor-version":[{"id":12304,"href":"https:\/\/wp.unil.ch\/uniscope\/wp-json\/wp\/v2\/posts\/12040\/revisions\/12304"}],"wp:featuredmedia":[{"embeddable":true,"href":"https:\/\/wp.unil.ch\/uniscope\/wp-json\/wp\/v2\/media\/12030"}],"wp:attachment":[{"href":"https:\/\/wp.unil.ch\/uniscope\/wp-json\/wp\/v2\/media?parent=12040"}],"wp:term":[{"taxonomy":"category","embeddable":true,"href":"https:\/\/wp.unil.ch\/uniscope\/wp-json\/wp\/v2\/categories?post=12040"},{"taxonomy":"post_tag","embeddable":true,"href":"https:\/\/wp.unil.ch\/uniscope\/wp-json\/wp\/v2\/tags?post=12040"}],"curies":[{"name":"wp","href":"https:\/\/api.w.org\/{rel}","templated":true}]}}