{"id":11718,"date":"2024-12-16T10:49:51","date_gmt":"2024-12-16T09:49:51","guid":{"rendered":"https:\/\/wp.unil.ch\/uniscope\/?p=11718"},"modified":"2025-02-24T11:09:42","modified_gmt":"2025-02-24T10:09:42","slug":"explorations-artistiques-de-lage-atomique","status":"publish","type":"post","link":"https:\/\/wp.unil.ch\/uniscope\/explorations-artistiques-de-lage-atomique\/","title":{"rendered":"Explorations artistiques de l\u2019\u00e2ge atomique"},"content":{"rendered":"\n<p><strong>\u00c0 d\u00e9couvrir au Mus\u00e9e d\u2019art moderne de Paris jusqu\u2019au 19&nbsp;janvier 2025, l\u2019exposition \u00ab&nbsp;L\u2019\u00e2ge atomique&nbsp;\u00bb explore cette p\u00e9riode des pionniers que furent les Curie et Becquerel \u00e0 aujourd\u2019hui. Gen\u00e8se avec Maria Stavrinaki, sa commissaire, professeure en histoire de l\u2019art contemporain \u00e0 l\u2019UNIL.<\/strong><\/p>\n\n\n\n<p><strong>De quoi cette exposition traite-t-elle<\/strong>?<\/p>\n\n\n\n<p><strong>Maria Stavrinaki&nbsp;:<\/strong> Elle vise \u00e0 comprendre l\u2019\u00e2ge dans lequel nous vivons. En commen\u00e7ant \u00e0 travailler sur le sujet, j\u2019ai r\u00e9alis\u00e9 que cette question n\u2019avait gu\u00e8re \u00e9t\u00e9 explor\u00e9e, hormis par quelques \u00e9v\u00e9nements photographiques organis\u00e9s aux \u00c9tats-Unis et en Espagne.<\/p>\n\n\n\n<p><strong>Pourquoi avoir d\u00e9cid\u00e9 de remonter au XIX<sup>e<\/sup>&nbsp;si\u00e8cle&nbsp;?<\/strong><\/p>\n\n\n\n<p>Les premi\u00e8res visualisations de l\u2019atome n\u2019avaient encore jamais \u00e9t\u00e9 pr\u00e9sent\u00e9es, il paraissait important de le faire. Cette premi\u00e8re partie, intitul\u00e9e \u00ab&nbsp;La d\u00e9sint\u00e9gration de la mati\u00e8re&nbsp;\u00bb, montre que la radioactivit\u00e9 int\u00e9ressait d\u00e9j\u00e0 nombre d\u2019artistes avant la Seconde Guerre mondiale. La deuxi\u00e8me est consacr\u00e9e \u00e0 la bombe et la troisi\u00e8me \u00e0 la nucl\u00e9arisation du monde. On a ainsi une vue d\u2019ensemble des questions qui se sont pos\u00e9es et des diff\u00e9rentes r\u00e9ponses apport\u00e9es par les artistes ou les m\u00e9dias.<\/p>\n\n\n\n<p><strong>En pr\u00e9sentant aussi bien de la peinture que de la photographie, des installations ou de la vid\u00e9o, l\u2019exposition n\u2019esquisse-t-elle pas \u00e9galement un portrait de l\u2019art aux XX<sup>e<\/sup> et XXI<sup>e<\/sup>&nbsp;si\u00e8cles&nbsp;?<\/strong><\/p>\n\n\n\n<p>Effectivement. Il nous importait de montrer comment, d\u00e8s le moment o\u00f9 l\u2019on quitte le tableau pour d\u2019autres m\u00e9diums, tous les types de cr\u00e9ativit\u00e9 abordent le sujet. Les artistes s\u2019y int\u00e9ressent sous une multitude d\u2019angles, du d\u00e9fi \u00e0 la nature visible qu\u2019incarne la radioactivit\u00e9 au f\u00e9minisme et au colonialisme.<\/p>\n\n\n\n<p><strong>La science a-t-elle \u00e9galement sa place dans l\u2019exposition&nbsp;?<\/strong><\/p>\n\n\n\n<p>Bien s\u00fbr, car elle ne sert pas uniquement de source d\u2019inspiration esth\u00e9tique. Le mouvement va dans les deux sens, les images sont centrales dans la construction du savoir. Ainsi, c\u2019est en \u00e9tudiant celles laiss\u00e9es par des sels d\u2019uranium sur des plaques photographiques gard\u00e9es dans un tiroir que Becquerel a d\u00e9couvert la radioactivit\u00e9. Et Niels Bohr a produit des films didactiques.<\/p>\n\n\n\n<p><strong>Quelle place archives et m\u00e9dias occupent-ils&nbsp;?<\/strong><\/p>\n\n\n\n<p>La bombe et la machine de propagande qui l\u2019accompagne posent la question du spectacle. Une grande partie des \u0153uvres interrogent donc justement cette fascination qu\u2019exerce l\u2019atome. Afin de transmettre au public des instruments de r\u00e9flexion, nous avons \u00e9vit\u00e9 de jouer sur la corde sensible et opt\u00e9 pour une certaine retenue dans le choix des pi\u00e8ces et t\u00e9moignages pr\u00e9sent\u00e9s.<\/p>\n\n\n\n<p><strong>L\u2019exposition a vraiment tout son sens dans le contexte actuel. Y avez-vous pens\u00e9 d\u00e8s le d\u00e9but&nbsp;?<\/strong><\/p>\n\n\n\n<p>Absolument pas, car nous avons amorc\u00e9 les travaux il y a quatre ans, pendant la pand\u00e9mie de Covid-19. Fabrice Hergott, le directeur du mus\u00e9e, a accept\u00e9 imm\u00e9diatement cette proposition. Ensuite, plusieurs \u00e9v\u00e9nements ont remis le nucl\u00e9aire sur le devant de la sc\u00e8ne. La guerre en Ukraine, bien s\u00fbr, mais aussi la sortie et le succ\u00e8s du film <em>Oppenheimer<\/em>. <\/p>\n\n\n\n<p class=\"has-accent-color has-light-background-background-color has-text-color has-background has-link-color wp-elements-e722e4274552c5708d7cb60794fefd36\"><em>Exposition \u00ab&nbsp;L\u2019\u00e2ge atomique<em>&nbsp;<\/em>\u00bb<\/em> <em> \u00e0 d\u00e9couvrir au <a href=\"https:\/\/www.mam.paris.fr\/fr\/expositions\/exposition-lage-atomique\" data-type=\"link\" data-id=\"https:\/\/www.mam.paris.fr\/fr\/expositions\/exposition-lage-atomique\" target=\"_blank\" rel=\"noreferrer noopener\">Mus\u00e9e d\u2019art moderne de Paris<\/a> jusqu\u2019au 19&nbsp;janvier 2025<\/em>.<\/p>\n\n\n\n<p><\/p>\n","protected":false},"excerpt":{"rendered":"<p>\u00c0 d\u00e9couvrir  jusqu\u2019au 19\u00a0janvier 2025, l\u2019exposition \u00ab\u00a0L\u2019\u00e2ge atomique\u00a0\u00bb explore cette p\u00e9riode des pionniers que furent les Curie et Becquerel \u00e0 aujourd\u2019hui.<\/p>\n","protected":false},"author":1002291,"featured_media":11757,"comment_status":"closed","ping_status":"closed","sticky":false,"template":"","format":"standard","meta":{"_seopress_robots_primary_cat":"","_seopress_titles_title":"","_seopress_titles_desc":"","_seopress_robots_index":"","_uag_custom_page_level_css":"","footnotes":""},"categories":[101],"tags":[219,29],"class_list":{"0":"post-11718","1":"post","2":"type-post","3":"status-publish","4":"format-standard","5":"has-post-thumbnail","7":"category-culture","8":"tag-exposition","9":"tag-histoire-de-lart"},"uagb_featured_image_src":{"full":["https:\/\/wp.unil.ch\/uniscope\/files\/2024\/12\/maria_stavrinaki-3337.jpg",1200,700,false],"thumbnail":["https:\/\/wp.unil.ch\/uniscope\/files\/2024\/12\/maria_stavrinaki-3337-150x150.jpg",150,150,true],"medium":["https:\/\/wp.unil.ch\/uniscope\/files\/2024\/12\/maria_stavrinaki-3337-300x175.jpg",300,175,true],"medium_large":["https:\/\/wp.unil.ch\/uniscope\/files\/2024\/12\/maria_stavrinaki-3337-768x448.jpg",580,338,true],"large":["https:\/\/wp.unil.ch\/uniscope\/files\/2024\/12\/maria_stavrinaki-3337-1024x597.jpg",580,338,true],"1536x1536":["https:\/\/wp.unil.ch\/uniscope\/files\/2024\/12\/maria_stavrinaki-3337.jpg",1200,700,false],"2048x2048":["https:\/\/wp.unil.ch\/uniscope\/files\/2024\/12\/maria_stavrinaki-3337.jpg",1200,700,false],"post-thumbnail":["https:\/\/wp.unil.ch\/uniscope\/files\/2024\/12\/maria_stavrinaki-3337.jpg",1200,700,false],"chaplin_preview_image_low_resolution":["https:\/\/wp.unil.ch\/uniscope\/files\/2024\/12\/maria_stavrinaki-3337-540x315.jpg",540,315,true],"chaplin_preview_image_high_resolution":["https:\/\/wp.unil.ch\/uniscope\/files\/2024\/12\/maria_stavrinaki-3337-1080x630.jpg",1080,630,true],"chaplin_fullscreen":["https:\/\/wp.unil.ch\/uniscope\/files\/2024\/12\/maria_stavrinaki-3337.jpg",1200,700,false],"gform-image-choice-sm":["https:\/\/wp.unil.ch\/uniscope\/files\/2024\/12\/maria_stavrinaki-3337-300x300.jpg",300,300,true],"gform-image-choice-md":["https:\/\/wp.unil.ch\/uniscope\/files\/2024\/12\/maria_stavrinaki-3337-400x400.jpg",400,400,true],"gform-image-choice-lg":["https:\/\/wp.unil.ch\/uniscope\/files\/2024\/12\/maria_stavrinaki-3337-600x600.jpg",600,600,true],"mailpoet_newsletter_max":["https:\/\/wp.unil.ch\/uniscope\/files\/2024\/12\/maria_stavrinaki-3337.jpg",1200,700,false]},"uagb_author_info":{"display_name":"Sylvie Ulmann","author_link":"https:\/\/wp.unil.ch\/uniscope\/author\/sulmann\/"},"uagb_comment_info":0,"uagb_excerpt":"\u00c0 d\u00e9couvrir jusqu\u2019au 19\u00a0janvier 2025, l\u2019exposition \u00ab\u00a0L\u2019\u00e2ge atomique\u00a0\u00bb explore cette p\u00e9riode des pionniers que furent les Curie et Becquerel \u00e0 aujourd\u2019hui.","_links":{"self":[{"href":"https:\/\/wp.unil.ch\/uniscope\/wp-json\/wp\/v2\/posts\/11718","targetHints":{"allow":["GET"]}}],"collection":[{"href":"https:\/\/wp.unil.ch\/uniscope\/wp-json\/wp\/v2\/posts"}],"about":[{"href":"https:\/\/wp.unil.ch\/uniscope\/wp-json\/wp\/v2\/types\/post"}],"author":[{"embeddable":true,"href":"https:\/\/wp.unil.ch\/uniscope\/wp-json\/wp\/v2\/users\/1002291"}],"replies":[{"embeddable":true,"href":"https:\/\/wp.unil.ch\/uniscope\/wp-json\/wp\/v2\/comments?post=11718"}],"version-history":[{"count":5,"href":"https:\/\/wp.unil.ch\/uniscope\/wp-json\/wp\/v2\/posts\/11718\/revisions"}],"predecessor-version":[{"id":11915,"href":"https:\/\/wp.unil.ch\/uniscope\/wp-json\/wp\/v2\/posts\/11718\/revisions\/11915"}],"wp:featuredmedia":[{"embeddable":true,"href":"https:\/\/wp.unil.ch\/uniscope\/wp-json\/wp\/v2\/media\/11757"}],"wp:attachment":[{"href":"https:\/\/wp.unil.ch\/uniscope\/wp-json\/wp\/v2\/media?parent=11718"}],"wp:term":[{"taxonomy":"category","embeddable":true,"href":"https:\/\/wp.unil.ch\/uniscope\/wp-json\/wp\/v2\/categories?post=11718"},{"taxonomy":"post_tag","embeddable":true,"href":"https:\/\/wp.unil.ch\/uniscope\/wp-json\/wp\/v2\/tags?post=11718"}],"curies":[{"name":"wp","href":"https:\/\/api.w.org\/{rel}","templated":true}]}}