{"id":10633,"date":"2024-09-12T09:47:05","date_gmt":"2024-09-12T07:47:05","guid":{"rendered":"https:\/\/wp.unil.ch\/uniscope\/?p=10633"},"modified":"2024-11-11T12:34:13","modified_gmt":"2024-11-11T11:34:13","slug":"lunil-est-une-institution-ou-les-conditions-de-travail-pour-la-recherche-et-lenseignement-nous-permettent-dexceller","status":"publish","type":"post","link":"https:\/\/wp.unil.ch\/uniscope\/lunil-est-une-institution-ou-les-conditions-de-travail-pour-la-recherche-et-lenseignement-nous-permettent-dexceller\/","title":{"rendered":"\u00ab\u00a0L\u2019UNIL est une institution o\u00f9 les conditions de travail pour la recherche et l\u2019enseignement nous permettent d\u2019exceller\u00a0\u00bb"},"content":{"rendered":"\n<p><strong>Pour cette rentr\u00e9e, Fr\u00e9d\u00e9ric Herman d\u00e9voile les principales innovations de l&rsquo;UNIL en mati\u00e8re d&rsquo;enseignement et de recherche, tout en exposant ses strat\u00e9gies pour renforcer le dynamisme de l&rsquo;institution. Le recteur aborde \u00e9galement son avenir au sein de l&rsquo;Universit\u00e9, alors qu&rsquo;il vient de franchir la moiti\u00e9 de son mandat.<\/strong><\/p>\n\n\n\n<p><\/p>\n\n\n\n<p><em><strong>\u00c0 l&rsquo;occasion de la rentr\u00e9e universitaire, environ 17&rsquo;000 \u00e9tudiants seront pr\u00e9sents sur le campus, dont plus de 3800 nouveaux inscrits. Quel message souhaiteriez-vous leur transmettre&nbsp;?<\/strong><\/em><\/p>\n\n\n\n<p><\/p>\n\n\n\n<p><strong>Fr\u00e9d\u00e9ric Herman&nbsp;:<\/strong> Je leur souhaite la bienvenue \u00e0 l\u2019UNIL&nbsp;! Chacun\u00b7e embarque aujourd\u2019hui pour un voyage d\u2019apprentissage qui sera, je l\u2019esp\u00e8re, exceptionnel. Ici, l\u2019esprit critique est encourag\u00e9. L\u2019UNIL est un lieu o\u00f9 l\u2019on apprend, questionne, d\u00e9construit et \u00e9labore de nouvelles perspectives. Je leur souhaite aussi d\u2019avoir une vie estudiantine riche en d\u00e9couvertes, tant sur le plan acad\u00e9mique que personnel. J\u2019aimerais aussi leur dire que nous faisons le maximum pour proposer un enseignement \u00e9troitement li\u00e9 \u00e0 la recherche et un environnement d\u2019\u00e9tudes respectueux des sp\u00e9cificit\u00e9s de chacun\u00b7e. Tout cela sur des campus vivants, qui h\u00e9bergent des \u00e9v\u00e9nements scientifiques et culturels tout au long de l\u2019ann\u00e9e.<\/p>\n\n\n\n<p><\/p>\n\n\n\n<p><em><strong>Quelles sont les nouveaut\u00e9s de la rentr\u00e9e en mati\u00e8re d\u2019enseignement&nbsp;?<\/strong><\/em><\/p>\n\n\n\n<p>L\u2019ensemble de nos programmes d\u2019enseignement continue d\u2019\u00e9voluer, avec une place de plus en plus importante pour l\u2019intelligence artificielle. Je remercie d\u2019ailleurs les facult\u00e9s pour leur travail et leur cr\u00e9ativit\u00e9. Nous accueillerons aussi des personnalit\u00e9s externes de renom qui enseigneront sur le campus de Dorigny, comme Douglas Kennedy \u2013 auteur aux 14 millions de livres vendus dans le monde \u2013 qui s\u2019impliquera en parall\u00e8le dans un programme de recherche sur le <em>creative writing<\/em> \u00e0 la Facult\u00e9 des lettres.<\/p>\n\n\n\n<p>Par ailleurs, dans le cadre de notre programme E4S avec l\u2019EPFL et l\u2019IMD, nous aurons Bruno Lemaire (<a href=\"https:\/\/e4s.center\/news\/bruno-le-maire-nomme-professeur-invite-au-centre-enterprise-for-society-e4s\/\" data-type=\"link\" data-id=\"https:\/\/e4s.center\/news\/bruno-le-maire-nomme-professeur-invite-au-centre-enterprise-for-society-e4s\/\" target=\"_blank\" rel=\"noreferrer noopener\">cf  communiqu\u00e9),<\/a> ex-ministre &nbsp;de l&rsquo;\u00c9conomie et des Finances en France entre 2017 et 202&nbsp;et le jeune \u00e9conomiste Timoth\u00e9e Parrique \u2013 d\u00e9sormais engag\u00e9 \u00e0 la Facult\u00e9 des HEC de l\u2019UNIL et qui fait un tabac avec son livre&nbsp;<em>Ralentir ou p\u00e9rir<\/em>&nbsp;\u2014 qui d\u00e9battront avec nos expert\u00b7e\u00b7s de l\u2019UNIL.<\/p>\n\n\n\n<p class=\"has-accent-color has-text-color has-link-color wp-elements-4c55a6ecf3190b979ea6239ba15d6219\"><\/p>\n\n\n\n<p>Apr\u00e8s de nombreuses consultations, nous introduisons aussi cette ann\u00e9e un cadre institutionnel li\u00e9 \u00e0 la diffusion des cours en ligne. Les enseignant\u00b7e\u00b7s garderont la possibilit\u00e9 de choisir les modalit\u00e9s de leurs cours, y compris leur diffusion, dans le respect des r\u00e8glements en vigueur, mais en s\u2019assurant qu\u2019un acc\u00e8s en pr\u00e9sentiel soit toujours maintenu. En tant qu&rsquo;entit\u00e9s responsables des enseignements, les facult\u00e9s auront aussi la possibilit\u00e9 d\u2019imposer des d\u00e9cisions sur la diffusion en ligne pour des raisons p\u00e9dagogiques ou logistiques jug\u00e9es essentielles.<\/p>\n\n\n\n<p><em><strong>Et du c\u00f4t\u00e9 de la recherche&nbsp;?<\/strong><\/em><\/p>\n\n\n\n<p>La Direction soutient certains projets directement dans une logique bottom-up, qui s\u2019ajoutent \u00e0 l\u2019ensemble des innombrables projets de recherche qui ont lieu \u00e0 l\u2019UNIL. Qu\u2019il s\u2019agisse de recherche de base (par exemple la mobilit\u00e9, les extr\u00eames climatiques, la restauration motrice lors de l\u00e9sions de la moelle \u00e9pini\u00e8re, l\u2019activit\u00e9 physique et la long\u00e9vit\u00e9, le microbiome, la taphonomie forensique, la science des donn\u00e9es, l\u2019imagerie biom\u00e9dicale, la transformation \u00e9cologique et sociale et les r\u00e9cits qui y sont li\u00e9s) ou de recherche partenariale (via le programme Interface), ces soutiens ponctuels permettent de voir na\u00eetre de v\u00e9ritables programmes interdisciplinaires. Cette \u00e9nergie a d\u2019ailleurs men\u00e9 \u00e0 neuf demandes de projets NCCR aupr\u00e8s du SNSF au printemps dernier. Ces derniers proposent d\u2019aborder des questions scientifiques sur un spectre tr\u00e8s large, comme l\u2019origine de la vie, l\u2019intelligence artificielle et la sant\u00e9, l\u2019imagerie m\u00e9dicale assist\u00e9e par l\u2019intelligence artificielle, la g\u00e9nomique, l\u2019eau ou encore des questions plus soci\u00e9tales li\u00e9es \u00e0 des th\u00e9matiques telles que la transition \u00e9cologique, les co\u00fbts de la sant\u00e9 ou le genre. J\u2019esp\u00e8re que nous aurons de bonnes nouvelles \u00e0 ce sujet en octobre \u00e0 l\u2019occasion de la premi\u00e8re phase d\u2019\u00e9valuation&nbsp;!<\/p>\n\n\n\n<p><em><strong>L\u2019UNIL va cr\u00e9er un institut d\u2019\u00e9tudes avanc\u00e9es. Quel est son but&nbsp;?<\/strong><\/em><\/p>\n\n\n\n<p>L\u2019objectif des instituts d&rsquo;\u00e9tudes avanc\u00e9es (IEA) est de favoriser une recherche innovante et pluridisciplinaire en offrant des espaces o\u00f9 les chercheuses et chercheurs sont lib\u00e9r\u00e9s de leurs engagements administratifs et p\u00e9dagogiques. Depuis leur fondation \u00e0 Princeton et Stanford, les IEA se sont multipli\u00e9s en Europe et dans le monde, jouant un r\u00f4le cl\u00e9 dans l&rsquo;innovation scientifique. Ces instituts permettent des collaborations entre chercheuses et chercheurs de haut niveau issus de divers horizons scientifiques, de l\u2019interne et de l\u2019externe. Ils stimulent les \u00e9changes intellectuels et soutiennent les id\u00e9es nouvelles. S\u00e9lectionn\u00e9s sur l&rsquo;excellence de leurs travaux, les chercheuses et chercheurs y m\u00e8nent leurs recherches avec une grande libert\u00e9, dans un environnement interdisciplinaire et international. Pour l\u2019IEA \u00e0 l\u2019UNIL, nous proposons une politique de mise en r\u00e9seau avec les autres instituts et une ouverture compl\u00e8te par rapport aux disciplines repr\u00e9sent\u00e9es en soutenant des th\u00e9matiques refl\u00e9tant les axes prioritaires de nos facult\u00e9s. Nous esp\u00e9rons obtenir un soutien philanthropique, comme c\u2019est le cas pour de nombreux instituts de ce type.<\/p>\n\n\n\n<p><em><strong>Quels seront les grands \u00e9v\u00e9nements organis\u00e9s sur le campus&nbsp;?<\/strong><\/em><\/p>\n\n\n\n<p>C\u2019est un plaisir pour moi d\u2019observer le foisonnement d\u2019\u00e9v\u00e9nements qui ont lieu sur nos campus dans l\u2019ensemble de nos facult\u00e9s. Aujourd\u2019hui, j\u2019aimerais en citer juste quelques-uns. D\u2019abord la venue de l\u2019\u00e9conomiste Thomas Piketty, qui a r\u00e9pondu \u00e0 l\u2019invitation de Jacques Dubochet. Il viendra le 3 octobre nous parler de l\u2019\u00e9volution des in\u00e9galit\u00e9s au cours du temps. J\u2019aimerais aussi mentionner le Digital Dreams Festival, qui est une nouveaut\u00e9. Nous \u00e9tions tr\u00e8s heureux de pouvoir accueillir un festival li\u00e9 au num\u00e9rique, et cela juste avant notre rentr\u00e9e acad\u00e9mique. C\u2019est une mani\u00e8re de nous r\u00e9unir \u00e0 l\u2019Universit\u00e9 en incluant le grand public, comme annonc\u00e9 dans notre plan d\u2019intention. Dans un autre registre, nous allons accueillir cet automne la princesse Marie-Esm\u00e9ralda de Belgique, la cheffe Maasa\u00ef Magdalene Kait\u00e9 (Kenya) et le repr\u00e9sentant du peuple Yanomami, Mauricio Yekuana (Br\u00e9sil).<\/p>\n\n\n\n<p>Nous aurons aussi l\u2019exposition \u00ab&nbsp;Pass\u00e9 sensible&nbsp;\u00bb, li\u00e9 au regrettable doctorat honoris causa remis \u00e0 Benito Mussolini. En 2022, la Direction avait condamn\u00e9 la remise de ce titre en affirmant que \u00ab&nbsp;l&rsquo;Universit\u00e9 de Lausanne avait failli \u00e0 sa mission et aux valeurs acad\u00e9miques fond\u00e9es sur le respect de l&rsquo;individu et la libert\u00e9 de pens\u00e9e&nbsp;\u00bb, et elle avait d\u00e9cid\u00e9 d\u2019entreprendre une s\u00e9rie de recherches historiques et d\u2019actions m\u00e9morielles, dont cette exposition fait partie. Enfin, nous retrouverons \u00e9videmment les classiques (Myst\u00e8res, Printemps de la po\u00e9sie, etc.). J\u2019aimerais terminer cette <em>shopping list<\/em> en mentionnant les journ\u00e9es consacr\u00e9es \u00e0 la sant\u00e9 et un \u00e9v\u00e9nement sur l\u2019IA en automne avec nos ami\u00b7e\u00b7s de l\u2019EPFL, autant de th\u00e9matiques qui sont \u00e9galement directement li\u00e9es \u00e0 notre plan d\u2019intention.<\/p>\n\n\n\n<p><em><strong>C\u2019est votre quatri\u00e8me rentr\u00e9e en tant que recteur, vous avez d\u00e9pass\u00e9 le mi-mandat. Comment l\u2019UNIL a-t-elle \u00e9volu\u00e9 ces derni\u00e8res ann\u00e9es&nbsp;?<\/strong><\/em><\/p>\n\n\n\n<p>Ces trois premi\u00e8res ann\u00e9es nous ont permis de progresser sur de nombreux fronts, que ce soit pour la transition \u00e9cologique, l\u2019am\u00e9lioration du climat de travail, la f\u00e9minisation du corps professoral, les carri\u00e8res du corps interm\u00e9diaire et bien d\u2019autres sujets encore. L\u2019UNIL continue aussi de se profiler comme une institution en accord avec son temps. C\u2019est une institution o\u00f9 les conditions de travail pour la recherche et l\u2019enseignement nous permettent d\u2019exceller. Parmi la cinquantaine de nominations professorales qui ont lieu chaque ann\u00e9e, les facult\u00e9s ont d\u2019ailleurs recrut\u00e9 d\u2019excellentes personnes sur des sujets tr\u00e8s vari\u00e9s et pertinents comme la science des donn\u00e9es, la sant\u00e9, les \u00e9conomies de transition, l\u2019art, les \u00e9tudes audiovisuelles, le sport, la gouvernance des \u00e9nergies et bien d\u2019autres disciplines encore. Sur cette base, je reste convaincu que l\u2019UNIL est une actrice incontournable face aux grands enjeux soci\u00e9taux actuels. C\u2019est important d\u2019insister sur le fait qu\u2019elle agit toutefois en \u00e9tant ancr\u00e9e dans ses missions de base d\u2019enseignement et de recherche.<\/p>\n\n\n\n<p><em><strong>On a l\u2019impression que la fonction de recteur devient de plus en plus complexe. Quelle est votre r\u00e9flexion \u00e0 ce sujet&nbsp;?<\/strong><\/em><\/p>\n\n\n\n<p>Je lis et entends souvent cela. C\u2019est vrai que le poste comprend de nombreuses facettes, qui ne se voient pas toujours. Quoi qu\u2019il en soit, je confirme que c\u2019est un job complexe, mais fascinant. Il permet de proposer une vision et de tout faire pour la mettre en \u0153uvre, ainsi que de d\u00e9fendre des valeurs universelles dans un monde en crise. On apprend \u00e9norm\u00e9ment de choses et on rencontre des personnes passionnantes. Ce poste exige de nombreuses comp\u00e9tences, que ce soit sur des questions de leadership, de strat\u00e9gie, de gestion du changement organisationnel, de communication, de sens des affaires ou de lien avec le monde politique. Il s\u2019agit aussi d\u2019avoir une excellente connaissance du monde acad\u00e9mique, bien entendu, et d\u2019agir dans un contexte \u00e0 la fois local, national et international. C\u2019est enfin un poste tr\u00e8s expos\u00e9, car il s\u2019agit de gouverner dans un environnement public tr\u00e8s complexe, alors que les pressions internes, externes, m\u00e9diatiques et politiques peuvent \u00eatre cons\u00e9quentes. Dans mon cas plus personnel, je ne suis heureusement pas seul pour accomplir ce travail et suis entour\u00e9 par toute une \u00e9quipe de direction, qui se sent bien soutenue \u00e0 l\u2019UNIL.<\/p>\n\n\n\n<p><em><strong>Quels sont vos objectifs pour la suite de votre mandat&nbsp;?<\/strong><\/em><\/p>\n\n\n\n<p>Ils sont nombreux. Avant tout, il s\u2019agit de mettre en \u0153uvre notre plan d\u2019intention, de lancer notre institut d\u2019\u00e9tudes avanc\u00e9es et de continuer \u00e0 soutenir les projets de recherche mentionn\u00e9s ci-dessus. La Direction a rarement financ\u00e9 autant de projets de recherche sur la base de ses fonds propres. Cela nous tient \u00e0 c\u0153ur. Nous devons aussi clarifier l\u2019utilisation de l\u2019enveloppe vers\u00e9e au CHUV chaque ann\u00e9e (environ 125 millions de francs). Le travail est colossal, mais c\u2019est une opportunit\u00e9 unique pour renforcer et clarifier nos activit\u00e9s de recherche et d\u2019enseignement au sein de la Facult\u00e9 de biologie et de m\u00e9decine au CHUV. Concernant l\u2019administration, nous travaillerons aussi pour am\u00e9liorer l\u2019efficience, notamment via la num\u00e9risation de nombreux processus pour les finances et les RH ou en soutenant une collaboration plus forte entre les diff\u00e9rents services, ainsi qu\u2019entre les services et les facult\u00e9s. Finalement, l\u2019innovation continuera de s\u2019inscrire de plus en plus dans la culture de l\u2019institution, et ce \u00e0 tous les niveaux.<\/p>\n\n\n\n<p><em><strong>Le Conseil de l\u2019UNIL a annonc\u00e9 les \u00e9ch\u00e9ances pour la nomination du futur recteur. Envisagez-vous de vous repr\u00e9senter&nbsp;?<\/strong><\/em><\/p>\n\n\n\n<p>Je r\u00e9pondrai \u00e0 cette question au Conseil de l\u2019Universit\u00e9 lorsqu\u2019il m\u2019interrogera \u00e0 ce sujet. C\u2019est en effet sa pr\u00e9rogative. Je consulte cependant d\u00e9j\u00e0 les doyennes et doyens, les associations comme Acidul et la FAE, la commission du personnel, les syndicats, les membres de la Direction, les chef\u00b7fe\u00b7s de service et les directions des institutions partenaires (CHUV, Unisant\u00e9 et EPFL). Je d\u00e9ciderai en fonction du feedback re\u00e7u lors de ces consultations. Le poste ne m\u2019appartient pas et c\u2019est important d\u2019\u00e9couter la communaut\u00e9 avant de se projeter. J\u2019y trouve certes une certaine satisfaction, mais plusieurs possibilit\u00e9s s\u2019offrent \u00e0 moi et je garde toutes les options ouvertes. J\u2019aime la recherche, travailler avec des doctorant\u00b7e\u00b7s et donner des cours. Cela me manque aussi. Donc tout reste possible et je d\u00e9ciderai sereinement lorsque le moment sera venu.<\/p>\n","protected":false},"excerpt":{"rendered":"<p>Pour la rentr\u00e9e, Fr\u00e9d\u00e9ric Herman d\u00e9voile les principales innovations de l&rsquo;UNIL en mati\u00e8re d&rsquo;enseignement et de recherche.<\/p>\n","protected":false},"author":1569,"featured_media":10632,"comment_status":"closed","ping_status":"closed","sticky":false,"template":"","format":"standard","meta":{"_seopress_robots_primary_cat":"","_seopress_titles_title":"","_seopress_titles_desc":"","_seopress_robots_index":"","_uag_custom_page_level_css":"","footnotes":""},"categories":[34,110],"tags":[406,152,314],"class_list":{"0":"post-10633","1":"post","2":"type-post","3":"status-publish","4":"format-standard","5":"has-post-thumbnail","7":"category-institution","8":"category-societe","9":"tag-evenements","10":"tag-intelligence-artificielle","11":"tag-recherche"},"uagb_featured_image_src":{"full":["https:\/\/wp.unil.ch\/uniscope\/files\/2024\/09\/image001.jpg",1200,700,false],"thumbnail":["https:\/\/wp.unil.ch\/uniscope\/files\/2024\/09\/image001-150x150.jpg",150,150,true],"medium":["https:\/\/wp.unil.ch\/uniscope\/files\/2024\/09\/image001-300x175.jpg",300,175,true],"medium_large":["https:\/\/wp.unil.ch\/uniscope\/files\/2024\/09\/image001-768x448.jpg",580,338,true],"large":["https:\/\/wp.unil.ch\/uniscope\/files\/2024\/09\/image001-1024x597.jpg",580,338,true],"1536x1536":["https:\/\/wp.unil.ch\/uniscope\/files\/2024\/09\/image001.jpg",1200,700,false],"2048x2048":["https:\/\/wp.unil.ch\/uniscope\/files\/2024\/09\/image001.jpg",1200,700,false],"post-thumbnail":["https:\/\/wp.unil.ch\/uniscope\/files\/2024\/09\/image001.jpg",1200,700,false],"chaplin_preview_image_low_resolution":["https:\/\/wp.unil.ch\/uniscope\/files\/2024\/09\/image001-540x315.jpg",540,315,true],"chaplin_preview_image_high_resolution":["https:\/\/wp.unil.ch\/uniscope\/files\/2024\/09\/image001-1080x630.jpg",1080,630,true],"chaplin_fullscreen":["https:\/\/wp.unil.ch\/uniscope\/files\/2024\/09\/image001.jpg",1200,700,false],"gform-image-choice-sm":["https:\/\/wp.unil.ch\/uniscope\/files\/2024\/09\/image001.jpg",300,175,false],"gform-image-choice-md":["https:\/\/wp.unil.ch\/uniscope\/files\/2024\/09\/image001.jpg",400,233,false],"gform-image-choice-lg":["https:\/\/wp.unil.ch\/uniscope\/files\/2024\/09\/image001.jpg",600,350,false],"mailpoet_newsletter_max":["https:\/\/wp.unil.ch\/uniscope\/files\/2024\/09\/image001.jpg",1200,700,false]},"uagb_author_info":{"display_name":"Francine Zambano","author_link":"https:\/\/wp.unil.ch\/uniscope\/author\/fzambano\/"},"uagb_comment_info":0,"uagb_excerpt":"Pour la rentr\u00e9e, Fr\u00e9d\u00e9ric Herman d\u00e9voile les principales innovations de l'UNIL en mati\u00e8re d'enseignement et de recherche.","_links":{"self":[{"href":"https:\/\/wp.unil.ch\/uniscope\/wp-json\/wp\/v2\/posts\/10633","targetHints":{"allow":["GET"]}}],"collection":[{"href":"https:\/\/wp.unil.ch\/uniscope\/wp-json\/wp\/v2\/posts"}],"about":[{"href":"https:\/\/wp.unil.ch\/uniscope\/wp-json\/wp\/v2\/types\/post"}],"author":[{"embeddable":true,"href":"https:\/\/wp.unil.ch\/uniscope\/wp-json\/wp\/v2\/users\/1569"}],"replies":[{"embeddable":true,"href":"https:\/\/wp.unil.ch\/uniscope\/wp-json\/wp\/v2\/comments?post=10633"}],"version-history":[{"count":5,"href":"https:\/\/wp.unil.ch\/uniscope\/wp-json\/wp\/v2\/posts\/10633\/revisions"}],"predecessor-version":[{"id":11164,"href":"https:\/\/wp.unil.ch\/uniscope\/wp-json\/wp\/v2\/posts\/10633\/revisions\/11164"}],"wp:featuredmedia":[{"embeddable":true,"href":"https:\/\/wp.unil.ch\/uniscope\/wp-json\/wp\/v2\/media\/10632"}],"wp:attachment":[{"href":"https:\/\/wp.unil.ch\/uniscope\/wp-json\/wp\/v2\/media?parent=10633"}],"wp:term":[{"taxonomy":"category","embeddable":true,"href":"https:\/\/wp.unil.ch\/uniscope\/wp-json\/wp\/v2\/categories?post=10633"},{"taxonomy":"post_tag","embeddable":true,"href":"https:\/\/wp.unil.ch\/uniscope\/wp-json\/wp\/v2\/tags?post=10633"}],"curies":[{"name":"wp","href":"https:\/\/api.w.org\/{rel}","templated":true}]}}