{"id":10370,"date":"2024-06-24T16:05:14","date_gmt":"2024-06-24T14:05:14","guid":{"rendered":"https:\/\/wp.unil.ch\/uniscope\/?p=10370"},"modified":"2024-09-23T15:04:42","modified_gmt":"2024-09-23T13:04:42","slug":"pascal-roman-explore-autant-le-texte-que-la-marge","status":"publish","type":"post","link":"https:\/\/wp.unil.ch\/uniscope\/pascal-roman-explore-autant-le-texte-que-la-marge\/","title":{"rendered":"Pascal Roman explore autant le texte que la marge"},"content":{"rendered":"\n<p><strong>Il a donn\u00e9 sa le\u00e7on d\u2019honneur jeudi 27 juin 2024. Portrait d&rsquo;un professeur tr\u00e8s engag\u00e9 dans son institution.<\/strong><\/p>\n\n\n\n<p>Le protestantisme, chez Pascal Roman, est un humanisme. C\u2019est \u00e0 partir de ce fond culturel qu\u2019il arrive \u00e0 toutes les autres mises en r\u00e9cit, scientifiques et artistiques, capables de r\u00e9v\u00e9ler l\u2019humain et d\u2019am\u00e9liorer sa condition. Arriv\u00e9 de Lyon \u00e0 Lausanne en 2008, il ach\u00e8ve son parcours de psychoth\u00e9rapeute et de professeur de psychologie clinique, psychopathologie et psychanalyse \u00e0 l\u2019UNIL. Il cesse \u00e9galement de diriger la formation postgrade en psychoth\u00e9rapie (MAS de formation continue dans le domaine) ainsi que l\u2019Observatoire de la maltraitance envers les enfants.<\/p>\n\n\n\n<p>Comme on oublie toujours quelque chose \u00e0 l\u2019heure de r\u00e9sumer un parcours professionnel aussi riche, allons encore chercher du c\u00f4t\u00e9 de sa pr\u00e9sidence du Conseil des aides sociales (sous la&nbsp;Direction de l\u2019UNIL), une fonction o\u00f9 il a pu contribuer autant que possible \u00e0 rem\u00e9dier aux in\u00e9galit\u00e9s. En petit-fils et arri\u00e8re-petit-fils de pasteur,&nbsp;fran\u00e7ais par son p\u00e8re,&nbsp;helv\u00e8te par sa m\u00e8re, il ne connaissait de la Suisse \u00ab&nbsp;que la vill\u00e9giature et les hauts de Lutry&nbsp;\u00bb&nbsp;; il a d\u00e9couvert des situations parfois dramatiques, des conflits familiaux et des probl\u00e8mes financiers qui peuvent entraver un parcours acad\u00e9mique.<\/p>\n\n\n\n<h5 class=\"wp-block-heading\">La violence et la cr\u00e9ation<\/h5>\n\n\n\n<p>Peu enclin \u00e0 passer son rare temps libre \u00e0 voyager, il se r\u00e9jouit de se consacrer davantage aux siens, \u00e9pouse, enfants et petits-enfants, \u00e0 la lecture (on ne se refait pas) et \u00e0 l\u2019\u00e9criture (un livre est d\u00e9j\u00e0 en pr\u00e9paration, rassemblant ses articles sur la prise en charge des adolescents auteurs de violences sexuelles). \u00ab&nbsp;Prendre soin des auteurs est une mani\u00e8re de participer \u00e0 la pr\u00e9vention&nbsp;\u00bb, indique-t-il bri\u00e8vement. Il conservera en outre une petite pratique clinique en p\u00e9dopsychiatrie l\u00e9gale, assurant des expertises pour le tribunal des mineurs. \u00ab&nbsp;Oui, cela se v\u00e9rifie, ces jeunes ne sont pas forc\u00e9ment d\u2019anciennes victimes d\u2019abus sexuels, mais ils ont eu peu ou prou des v\u00e9cus traumatiques&nbsp;\u00bb, relate le sp\u00e9cialiste.<\/p>\n\n\n\n<p>Les trois tables rondes qu\u2019il a pr\u00e9vues en mati\u00e8re de symposium tourneront autour de ses th\u00e9matiques de recherche&nbsp;: la violence chez les adolescents (contre eux-m\u00eames aussi), les m\u00e9thodes projectives (il a r\u00e9alis\u00e9 sa th\u00e8se sur&#8230; les blancs dans le test de Rorschach), autrement dit les outils d\u2019aide au diagnostic en psychopathologie, ainsi que les processus de cr\u00e9ation. Ce dernier point m\u00e9rite qu\u2019on s\u2019y arr\u00eate un peu.<\/p>\n\n\n\n<h5 class=\"wp-block-heading\">La rencontre avec l\u2019art&nbsp;brut<\/h5>\n\n\n\n<p>Au d\u00e9but de cette ann\u00e9e, Pascal Roman a mont\u00e9 une <a href=\"https:\/\/wp.unil.ch\/uniscope\/voir-des-visages-partout\/\" data-type=\"link\" data-id=\"https:\/\/wp.unil.ch\/uniscope\/voir-des-visages-partout\/\" target=\"_blank\" rel=\"noreferrer noopener\">exposition<\/a> sur la th\u00e9matique du visage, en puisant avec un \u0153il aiguis\u00e9 dans les fonds de la Collection de l\u2019Art Brut, avec le soutien de la directrice Sarah Lombardi et de Pauline Mack, assistante conservatrice.<\/p>\n\n\n\n<p>Anim\u00e9 par la question de \u00ab&nbsp;la r\u00e9ception des \u0153uvres et des processus psychiques engag\u00e9s dans cet \u00e9change&nbsp;\u00bb, il a organis\u00e9 pendant plusieurs ann\u00e9es des visites guid\u00e9es pour les 200 \u00e9tudiantes et \u00e9tudiants de son cours d\u2019introduction \u00e0 la psychanalyse. \u00ab&nbsp;Je leur conseille toujours de lire, d\u2019aller aux&nbsp;spectacles, au mus\u00e9e, car la psychanalyse,&nbsp;c\u2019est la vie, la science de l\u2019\u00e2me,&nbsp;comme disait Freud, pas seulement une approche transmissible dans un cours&nbsp;\u00bb, esquisse-t-il. Avant d\u2019annoncer la sortie prochaine d\u2019un ouvrage collectif sur le th\u00e8me&nbsp;des&nbsp;\u00ab&nbsp;visages en cr\u00e9ation dans l\u2019art&nbsp;brut et ailleurs&nbsp;\u00bb, qu\u2019il a codirig\u00e9 avec Sarah Lombardi.<\/p>\n\n\n\n<h5 class=\"wp-block-heading\">Donn\u00e9es de recherche&#8230; en spectacle<\/h5>\n\n\n\n<p>La question de la marge sera au centre de sa le\u00e7on d\u2019honneur, un paradoxe qu\u2019il entretient volontiers, intrigu\u00e9 par la rencontre avec des v\u00e9cus diff\u00e9rents, voire tr\u00e8s \u00e9loign\u00e9s du sien&nbsp;; n\u2019est-ce pas le propre de notre relation \u00e0 l\u2019art&nbsp;? Des entretiens men\u00e9s par son \u00e9quipe avec l\u2019autrice du texte&nbsp;<em>Chienne,<\/em>&nbsp;le metteur en sc\u00e8ne Fabrice Gorgerat, la com\u00e9dienne Mathilde Morel ou encore les spectateurs de La Grange-UNIL ont donn\u00e9 naissance \u00e0 un nouveau spectacle sur la r\u00e9ception de cette \u0153uvre litt\u00e9raire et th\u00e9\u00e2trale&nbsp;:&nbsp;<em>Face \u00e0 Chienne<\/em>. <\/p>\n\n\n\n<p>Dans le texte initial, Marie-Pier Lafontaine raconte les violences sexuelles subies par elle-m\u00eame et sa s\u0153ur, sous le regard de leur m\u00e8re. Comment affronter et accueillir un tel r\u00e9cit&nbsp;? \u00ab&nbsp;Les donn\u00e9es de notre recherche ont aliment\u00e9 une nouvelle cr\u00e9ation de Mathilde Morel, qui devrait \u00eatre visible au printemps 2025, avec \u00e0 ses c\u00f4t\u00e9s au moins l\u2019une des chercheuses de notre groupe&#8230; et peut-\u00eatre moi-m\u00eame&nbsp;\u00bb, relate le psychologue, dont ce serait ainsi la premi\u00e8re exp\u00e9rience sur une sc\u00e8ne th\u00e9\u00e2trale.<\/p>\n\n\n\n<h5 class=\"wp-block-heading\">Souvenir d\u2019Arm\u00e9nie<\/h5>\n\n\n\n<p>Un dernier th\u00e8me reste \u00e0 aborder pour esquisser le portrait d\u2019un homme qui cultive un lien avec l\u2019Arm\u00e9nie, pays associ\u00e9 \u00e0 sa propre histoire familiale. \u00ab&nbsp;Mon arri\u00e8re-grand-p\u00e8re a recueilli dans les ann\u00e9es 1920 \u00e0 Begnins 150 orphelins du g\u00e9nocide&nbsp;\u00bb, relate le professeur, qui a rencontr\u00e9 plusieurs de leurs descendants. Dans&nbsp;<em>Sauver les enfants, sauver l\u2019Arm\u00e9nie<\/em>&nbsp;(\u00e9ditions&nbsp;Antipodes, 2020), Pascal Roman et Sisvan Nigolian \u00e9clairent la vie et les \u00e9crits du pasteur Antony Krafft-Bonnard (1869-1945), une figure encore c\u00e9l\u00e9br\u00e9e par les Arm\u00e9niens. \u00ab&nbsp;Dans sa propre famille, mon arri\u00e8re-grand-p\u00e8re ne faisait pas l\u2019unanimit\u00e9, certains ont pu penser qu\u2019il s\u2019occupait davantage des autres que des siens&nbsp;\u00bb, glisse Pascal Roman, qui restitue ainsi \u00e0 son a\u00efeul sa stature originale et courageuse. Ce livre \u00e9voque la suite, aussi, dans l\u2019orphelinat cr\u00e9\u00e9 en France par l\u2019une des filles de Krafft-Bonnard, et nous interroge sur l\u2019aspect post-traumatique de ces trag\u00e9dies v\u00e9cues par des enfants.<\/p>\n\n\n\n<p>Riche de savoirs et de rencontres, le parcours de Pascal Roman se poursuit&nbsp;: \u00ab&nbsp;J\u2019ai cinq ans d\u2019\u00e9criture possible avec ce bagage en moi&nbsp;\u00bb, conclut-il.<\/p>\n\n\n\n<p class=\"has-light-background-background-color has-background\"><a href=\"https:\/\/s3.eu-central-1.amazonaws.com\/static.artbrut.ch\/1714487482_symposium_p.roman_270624.pdf\" data-type=\"link\" data-id=\"https:\/\/s3.eu-central-1.amazonaws.com\/static.artbrut.ch\/1714487482_symposium_p.roman_270624.pdf\">Symposium<\/a> public et gratuit sur inscription \u00e0 <a href=\"mailto:eventsip@unil.ch\">eventsip@unil.ch<\/a><\/p>\n","protected":false},"excerpt":{"rendered":"<p>Rencontre avec le professeur Pascal Roman, \u00e0 la veille de sa le\u00e7on d&rsquo;honneur.<\/p>\n","protected":false},"author":1002082,"featured_media":10275,"comment_status":"closed","ping_status":"closed","sticky":false,"template":"","format":"standard","meta":{"_seopress_robots_primary_cat":"","_seopress_titles_title":"","_seopress_titles_desc":"","_seopress_robots_index":"","_uag_custom_page_level_css":"","footnotes":""},"categories":[101,390,110],"tags":[86,386],"class_list":{"0":"post-10370","1":"post","2":"type-post","3":"status-publish","4":"format-standard","5":"has-post-thumbnail","7":"category-culture","8":"category-portrait","9":"category-societe","10":"tag-portrait","11":"tag-psychologie"},"uagb_featured_image_src":{"full":["https:\/\/wp.unil.ch\/uniscope\/files\/2024\/06\/pascal_roman-3980-2.jpg",1200,700,false],"thumbnail":["https:\/\/wp.unil.ch\/uniscope\/files\/2024\/06\/pascal_roman-3980-2-150x150.jpg",150,150,true],"medium":["https:\/\/wp.unil.ch\/uniscope\/files\/2024\/06\/pascal_roman-3980-2-300x175.jpg",300,175,true],"medium_large":["https:\/\/wp.unil.ch\/uniscope\/files\/2024\/06\/pascal_roman-3980-2-768x448.jpg",580,338,true],"large":["https:\/\/wp.unil.ch\/uniscope\/files\/2024\/06\/pascal_roman-3980-2-1024x597.jpg",580,338,true],"1536x1536":["https:\/\/wp.unil.ch\/uniscope\/files\/2024\/06\/pascal_roman-3980-2.jpg",1200,700,false],"2048x2048":["https:\/\/wp.unil.ch\/uniscope\/files\/2024\/06\/pascal_roman-3980-2.jpg",1200,700,false],"post-thumbnail":["https:\/\/wp.unil.ch\/uniscope\/files\/2024\/06\/pascal_roman-3980-2.jpg",1200,700,false],"chaplin_preview_image_low_resolution":["https:\/\/wp.unil.ch\/uniscope\/files\/2024\/06\/pascal_roman-3980-2-540x315.jpg",540,315,true],"chaplin_preview_image_high_resolution":["https:\/\/wp.unil.ch\/uniscope\/files\/2024\/06\/pascal_roman-3980-2-1080x630.jpg",1080,630,true],"chaplin_fullscreen":["https:\/\/wp.unil.ch\/uniscope\/files\/2024\/06\/pascal_roman-3980-2.jpg",1200,700,false],"gform-image-choice-sm":["https:\/\/wp.unil.ch\/uniscope\/files\/2024\/06\/pascal_roman-3980-2.jpg",300,175,false],"gform-image-choice-md":["https:\/\/wp.unil.ch\/uniscope\/files\/2024\/06\/pascal_roman-3980-2.jpg",400,233,false],"gform-image-choice-lg":["https:\/\/wp.unil.ch\/uniscope\/files\/2024\/06\/pascal_roman-3980-2.jpg",600,350,false],"mailpoet_newsletter_max":["https:\/\/wp.unil.ch\/uniscope\/files\/2024\/06\/pascal_roman-3980-2.jpg",1200,700,false]},"uagb_author_info":{"display_name":"Nadine Richon Salzmann","author_link":"https:\/\/wp.unil.ch\/uniscope\/author\/nrichon\/"},"uagb_comment_info":0,"uagb_excerpt":"Rencontre avec le professeur Pascal Roman, \u00e0 la veille de sa le\u00e7on d'honneur.","_links":{"self":[{"href":"https:\/\/wp.unil.ch\/uniscope\/wp-json\/wp\/v2\/posts\/10370","targetHints":{"allow":["GET"]}}],"collection":[{"href":"https:\/\/wp.unil.ch\/uniscope\/wp-json\/wp\/v2\/posts"}],"about":[{"href":"https:\/\/wp.unil.ch\/uniscope\/wp-json\/wp\/v2\/types\/post"}],"author":[{"embeddable":true,"href":"https:\/\/wp.unil.ch\/uniscope\/wp-json\/wp\/v2\/users\/1002082"}],"replies":[{"embeddable":true,"href":"https:\/\/wp.unil.ch\/uniscope\/wp-json\/wp\/v2\/comments?post=10370"}],"version-history":[{"count":3,"href":"https:\/\/wp.unil.ch\/uniscope\/wp-json\/wp\/v2\/posts\/10370\/revisions"}],"predecessor-version":[{"id":10438,"href":"https:\/\/wp.unil.ch\/uniscope\/wp-json\/wp\/v2\/posts\/10370\/revisions\/10438"}],"wp:featuredmedia":[{"embeddable":true,"href":"https:\/\/wp.unil.ch\/uniscope\/wp-json\/wp\/v2\/media\/10275"}],"wp:attachment":[{"href":"https:\/\/wp.unil.ch\/uniscope\/wp-json\/wp\/v2\/media?parent=10370"}],"wp:term":[{"taxonomy":"category","embeddable":true,"href":"https:\/\/wp.unil.ch\/uniscope\/wp-json\/wp\/v2\/categories?post=10370"},{"taxonomy":"post_tag","embeddable":true,"href":"https:\/\/wp.unil.ch\/uniscope\/wp-json\/wp\/v2\/tags?post=10370"}],"curies":[{"name":"wp","href":"https:\/\/api.w.org\/{rel}","templated":true}]}}