{"id":2361,"date":"2013-12-05T11:44:07","date_gmt":"2013-12-05T10:44:07","guid":{"rendered":"http:\/\/wp.unil.ch\/unimedia\/?p=2361"},"modified":"2021-11-11T10:12:39","modified_gmt":"2021-11-11T09:12:39","slug":"fonds-manuscrit-juste-olivier","status":"publish","type":"post","link":"https:\/\/wp.unil.ch\/unimedia\/fonds-manuscrit-juste-olivier\/","title":{"rendered":"Fonds manuscrit Juste Olivier"},"content":{"rendered":"\n<div class=\"wp-block-columns is-layout-flex wp-container-core-columns-is-layout-9d6595d7 wp-block-columns-is-layout-flex\">\n<div class=\"wp-block-column is-layout-flow wp-block-column-is-layout-flow\" style=\"flex-basis:65%\">\n<p>Ce fonds, qui fait partie du fonds de la famille Olivier, est conserv\u00e9 par le D\u00e9partement des manuscrits de la <a title=\"BCU\" href=\"https:\/\/www.bcu-lausanne.ch\">Biblioth\u00e8que cantonale et universitaire de Lausanne<\/a> (BCU).<\/p>\n\n\n\n<p>Cette pr\u00e9sentation est le fruit d&rsquo;un stage effectu\u00e9 au D\u00e9partement des manuscrits de la BCU, qui s&rsquo;inscrit dans le cadre du programme de sp\u00e9cialisation Master intitul\u00e9 \u00ab\u00a0Histoire du livre et \u00e9dition critique des textes\u00a0\u00bb par&nbsp;Lorenzo Scuderi.<\/p>\n\n\n\n<figure class=\"wp-block-image\"><a href=\"https:\/\/wp.unil.ch\/unimedia\/files\/2013\/12\/jolivier_1.jpg\"><img loading=\"lazy\" decoding=\"async\" width=\"550\" height=\"354\" src=\"https:\/\/wp.unil.ch\/unimedia\/files\/2013\/12\/jolivier_1.jpg\" alt=\"jolivier_1\" class=\"wp-image-2362\" srcset=\"https:\/\/wp.unil.ch\/unimedia\/files\/2013\/12\/jolivier_1.jpg 550w, https:\/\/wp.unil.ch\/unimedia\/files\/2013\/12\/jolivier_1-233x150.jpg 233w, https:\/\/wp.unil.ch\/unimedia\/files\/2013\/12\/jolivier_1-466x300.jpg 466w\" sizes=\"auto, (max-width: 550px) 100vw, 550px\" \/><\/a><\/figure>\n\n\n\n<h4 class=\"wp-block-heading\">Juste Olivier (1807-1876)<\/h4>\n\n\n\n<p>De nature \u00e9clectique, conf\u00e9rencier, critique litt\u00e9raire, journaliste, historien, po\u00e8te, dramaturge, romancier, Juste Olivier est principalement connu pour ses oeuvres en vers. Ses premiers po\u00e8mes, Marcos Botzaris au Mont Aracynthe et Julia Alpinula, r\u00e9dig\u00e9s lors de ses \u00e9tudes en th\u00e9ologie, remportent le concours organis\u00e9 par l\u2019Acad\u00e9mie de Lausanne. Ses premiers ouvrages publi\u00e9s, Po\u00e8mes suisses (1830), recueil regroupant Julia Alpinula et La bataille de Grandson, L\u2019avenir (1831), Le canton de Vaud (1831), ainsi que L\u2019\u00e9vocation (1831) sont \u00e9galement en vers. Les chansons lointaines (1847) et Les chansons du soir (1867), recueils de po\u00e8mes, ainsi qu\u2019H\u00e9l\u00e9na (1861), Donald (1865) et Jean Wysshaupt, nouvelles en vers, figurent parmi les \u0153uvres les plus c\u00e9l\u00e8bres de l\u2019\u00e9crivain.<\/p>\n\n\n\n<p>En revanche, la prose du Vaudois ne rencontre pas le m\u00eame succ\u00e8s. Ses romans, Luze L\u00e9onard ou les deux promesses : idylle tragique (1856), Le batelier de Clarens (1861) et Le pr\u00e9 aux noisettes (1863), ainsi que ses nouvelles, Dans cent ans (1844), Malessert (1845), Fr\u00e9d\u00e9ric Monneron (1851), M. Argant et ses compagnons d\u2019aventures : histoire p\u00e9rilleuse (1850), Le dernier Tircis (1854) et Un mari \u00e9chapp\u00e9, dont la publication est posthume (1923), sont encore aujourd\u2019hui \u00e9clips\u00e9s par ses po\u00e8mes.<\/p>\n\n\n\n<figure class=\"wp-block-image\"><a href=\"https:\/\/wp.unil.ch\/unimedia\/files\/2013\/12\/jolivier_2.jpg\"><img loading=\"lazy\" decoding=\"async\" width=\"550\" height=\"684\" src=\"https:\/\/wp.unil.ch\/unimedia\/files\/2013\/12\/jolivier_2.jpg\" alt=\"jolivier_2\" class=\"wp-image-2363\" srcset=\"https:\/\/wp.unil.ch\/unimedia\/files\/2013\/12\/jolivier_2.jpg 550w, https:\/\/wp.unil.ch\/unimedia\/files\/2013\/12\/jolivier_2-120x150.jpg 120w, https:\/\/wp.unil.ch\/unimedia\/files\/2013\/12\/jolivier_2-241x300.jpg 241w\" sizes=\"auto, (max-width: 550px) 100vw, 550px\" \/><\/a><\/figure>\n\n\n\n<p>L\u2019\u0153uvre de Juste Olivier n\u2019est pas uniquement circonscrite \u00e0 la sph\u00e8re de la litt\u00e9rature. L\u2019\u00e9crivain s\u2019int\u00e9resse \u00e9galement \u00e0 l\u2019histoire de sa patrie.&nbsp;<em>Le Canton de Vaud : sa vie et son histoire<\/em>&nbsp;(1837) et&nbsp;<em>Etudes d\u2019histoire nationale<\/em> (1842) constituent le diptyque de son travail d\u2019historien. De plus, de 1843 \u00e0 1860, il est aussi r\u00e9dacteur pour la&nbsp;<em>Revue suisse<\/em>.<\/p>\n\n\n\n<p>Parall\u00e8lement \u00e0 son travail d\u2019\u00e9crivain, Juste Olivier est \u00e9galement professeur. Il enseigne dans un premier temps, de 1830 \u00e0 1833, la litt\u00e9rature fran\u00e7aise au gymnase de Neuch\u00e2tel, puis obtient le poste de professeur d\u2019histoire \u00e0 l\u2019Acad\u00e9mie de Lausanne. Quelques mois apr\u00e8s la r\u00e9volution vaudoise de 1845, l\u2019\u00e9crivain perd sa chaire et s\u2019exile \u00e0 Paris.<\/p>\n\n\n\n<p>En 1870, ann\u00e9e de son retour en Suisse, il \u00e9dite&nbsp;<em>Th\u00e9\u00e2tre de soci\u00e9t\u00e9 : fantaisies dramatiques<\/em>, recueil contenant trois pi\u00e8ces de th\u00e9\u00e2tre. Peu avant son d\u00e9c\u00e8s, l\u2019\u00e9crivain publie son dernier ouvrage,<em>Sentiers de montagne<\/em>&nbsp;(1875), recueil brassant nouvelles, po\u00e9sie et th\u00e9\u00e2tre, qui refl\u00e8te parfaitement la diversit\u00e9 de son \u0153uvre. Consid\u00e9r\u00e9 comme un \u00ab po\u00e8te national \u00bb, Juste Olivier a consacr\u00e9 son \u0153uvre \u00e0 d\u00e9crire le canton de Vaud et \u00e0 doter ainsi la Suisse romande d\u2019une expression culturelle sp\u00e9cifique.<\/p>\n\n\n\n<figure class=\"wp-block-image\"><a href=\"https:\/\/wp.unil.ch\/unimedia\/files\/2013\/12\/jolivier_3.jpg\"><img loading=\"lazy\" decoding=\"async\" width=\"550\" height=\"669\" src=\"https:\/\/wp.unil.ch\/unimedia\/files\/2013\/12\/jolivier_3.jpg\" alt=\"jolivier_3\" class=\"wp-image-2364\" srcset=\"https:\/\/wp.unil.ch\/unimedia\/files\/2013\/12\/jolivier_3.jpg 550w, https:\/\/wp.unil.ch\/unimedia\/files\/2013\/12\/jolivier_3-123x150.jpg 123w, https:\/\/wp.unil.ch\/unimedia\/files\/2013\/12\/jolivier_3-246x300.jpg 246w\" sizes=\"auto, (max-width: 550px) 100vw, 550px\" \/><\/a><\/figure>\n<\/div>\n\n\n\n<div class=\"wp-block-column is-layout-flow wp-block-column-is-layout-flow\" style=\"flex-basis:35%\">\n<div class=\"wp-block-group has-light-background-background-color has-background\"><div class=\"wp-block-group__inner-container is-layout-flow wp-block-group-is-layout-flow\">\n<h4 class=\"wp-block-heading\">Fonds manuscrit Juste Olivier<\/h4>\n\n\n<ul class=\"wp-block-latest-posts__list wp-block-latest-posts\"><li><a class=\"wp-block-latest-posts__post-title\" href=\"https:\/\/wp.unil.ch\/unimedia\/fonds-manuscrit-juste-olivier\/\">Fonds manuscrit Juste Olivier<\/a><\/li>\n<li><a class=\"wp-block-latest-posts__post-title\" href=\"https:\/\/wp.unil.ch\/unimedia\/romans\/\">Romans<\/a><\/li>\n<li><a class=\"wp-block-latest-posts__post-title\" href=\"https:\/\/wp.unil.ch\/unimedia\/theatre\/\">Th\u00e9\u00e2tre<\/a><\/li>\n<li><a class=\"wp-block-latest-posts__post-title\" href=\"https:\/\/wp.unil.ch\/unimedia\/nouvelles\/\">Nouvelles<\/a><\/li>\n<li><a class=\"wp-block-latest-posts__post-title\" href=\"https:\/\/wp.unil.ch\/unimedia\/bibliographie\/\">Bibliographie<\/a><\/li>\n<\/ul><\/div><\/div>\n<\/div>\n<\/div>\n","protected":false},"excerpt":{"rendered":"<p>Ce fonds, qui fait partie du fonds de la famille Olivier, est conserv\u00e9 par le D\u00e9partement des manuscrits de la Biblioth\u00e8que cantonale et universitaire de Lausanne (BCU). Cette&hellip;<\/p>\n","protected":false},"author":108,"featured_media":2369,"comment_status":"closed","ping_status":"closed","sticky":false,"template":"template-full-width.php","format":"standard","meta":{"_seopress_robots_primary_cat":"","_seopress_titles_title":"","_seopress_titles_desc":"","_seopress_robots_index":"","footnotes":""},"categories":[13144,73289,2337,73321,31,74746],"tags":[74686,74687,73327,74680,74689,74688,74685,74679,74682,74684,74636,74681,74683,324],"class_list":{"0":"post-2361","1":"post","2":"type-post","3":"status-publish","4":"format-standard","5":"has-post-thumbnail","7":"category-art-et-litterature","8":"category-bcu","9":"category-dossiers","10":"category-fonds-iconographiques","11":"category-histoire","12":"category-juste-olivier","13":"tag-conferencier","14":"tag-critique-litteraire","15":"tag-dramaturgie","16":"tag-ecrivain-vaudois","17":"tag-historien","18":"tag-journaliste","19":"tag-manuscrits","20":"tag-master","21":"tag-nouvelles","22":"tag-oeuvre","23":"tag-poesie","24":"tag-prose","25":"tag-romans","26":"tag-theatre"},"_links":{"self":[{"href":"https:\/\/wp.unil.ch\/unimedia\/wp-json\/wp\/v2\/posts\/2361","targetHints":{"allow":["GET"]}}],"collection":[{"href":"https:\/\/wp.unil.ch\/unimedia\/wp-json\/wp\/v2\/posts"}],"about":[{"href":"https:\/\/wp.unil.ch\/unimedia\/wp-json\/wp\/v2\/types\/post"}],"author":[{"embeddable":true,"href":"https:\/\/wp.unil.ch\/unimedia\/wp-json\/wp\/v2\/users\/108"}],"replies":[{"embeddable":true,"href":"https:\/\/wp.unil.ch\/unimedia\/wp-json\/wp\/v2\/comments?post=2361"}],"version-history":[{"count":0,"href":"https:\/\/wp.unil.ch\/unimedia\/wp-json\/wp\/v2\/posts\/2361\/revisions"}],"wp:featuredmedia":[{"embeddable":true,"href":"https:\/\/wp.unil.ch\/unimedia\/wp-json\/wp\/v2\/media\/2369"}],"wp:attachment":[{"href":"https:\/\/wp.unil.ch\/unimedia\/wp-json\/wp\/v2\/media?parent=2361"}],"wp:term":[{"taxonomy":"category","embeddable":true,"href":"https:\/\/wp.unil.ch\/unimedia\/wp-json\/wp\/v2\/categories?post=2361"},{"taxonomy":"post_tag","embeddable":true,"href":"https:\/\/wp.unil.ch\/unimedia\/wp-json\/wp\/v2\/tags?post=2361"}],"curies":[{"name":"wp","href":"https:\/\/api.w.org\/{rel}","templated":true}]}}