{"id":1369,"date":"2013-10-16T11:07:22","date_gmt":"2013-10-16T09:07:22","guid":{"rendered":"http:\/\/wp.unil.ch\/unimedia\/?p=1369"},"modified":"2021-11-10T16:37:47","modified_gmt":"2021-11-10T15:37:47","slug":"visions-de-lenfance","status":"publish","type":"post","link":"https:\/\/wp.unil.ch\/unimedia\/visions-de-lenfance\/","title":{"rendered":"Visions de l&rsquo;enfance"},"content":{"rendered":"\n<div class=\"wp-block-columns is-layout-flex wp-container-core-columns-is-layout-9d6595d7 wp-block-columns-is-layout-flex\">\n<div class=\"wp-block-column is-layout-flow wp-block-column-is-layout-flow\" style=\"flex-basis:65%\">\n<h4 class=\"wp-block-heading\">Arr\u00eats sur images<\/h4>\n\n\n\n<p><em>Un travail sur les photographies du fonds Hans Steiner a \u00e9t\u00e9 engag\u00e9 dans le cadre d\u2019un s\u00e9minaire interdisciplinaire dirig\u00e9 par Philippe Kaenel (Section d&rsquo;histoire de l\u2019art) et Fran\u00e7ois Vallotton (Section d&rsquo;histoire) au cours du semestre d\u2019\u00e9t\u00e9 2007. Suite \u00e0 ce s\u00e9minaire, les \u00e9tudiant(e)s ont poursuivi leurs recherches et nous proposent d\u2019explorer quelques th\u00e9matiques d\u00e9finies.<\/em><\/p>\n\n\n\n<p>Hans Steiner a amplement document\u00e9 l&rsquo;univers de l&rsquo;enfance, dressant un panorama de la vie enfantine en Suisse entre les ann\u00e9es trente et soixante. Comme l&rsquo;entier de son oeuvre, ces repr\u00e9sentations oscillent entre tradition et modernit\u00e9, surtout en raison de la destination des images &#8211; les unes pour un usage commercial, les autres en vue de reportages, d&rsquo;autres encore sans but pr\u00e9cis et donc plus libres. Certaines constantes permettent de d\u00e9finir le rapport de Steiner \u00e0 l&rsquo;enfance&nbsp;: il photographie toujours les enfants en se pla\u00e7ant \u00e0 leur hauteur et ceux-ci semblent s&rsquo;\u00eatre all\u00e8grement pr\u00eat\u00e9 au jeu de la mise en sc\u00e8ne. Les clich\u00e9s t\u00e9moignent de la complicit\u00e9 et du respect mutuel qui s&rsquo;est \u00e9tabli entre le photographe et ses mod\u00e8les.<\/p>\n\n\n\n<figure class=\"wp-block-image\"><img loading=\"lazy\" decoding=\"async\" width=\"550\" height=\"570\" src=\"https:\/\/wp.unil.ch\/unimedia\/files\/2013\/10\/enfance_arrets_1.jpg\" alt=\"enfance_arrets_1\" class=\"wp-image-1370\" srcset=\"https:\/\/wp.unil.ch\/unimedia\/files\/2013\/10\/enfance_arrets_1.jpg 550w, https:\/\/wp.unil.ch\/unimedia\/files\/2013\/10\/enfance_arrets_1-289x300.jpg 289w, https:\/\/wp.unil.ch\/unimedia\/files\/2013\/10\/enfance_arrets_1-540x560.jpg 540w, https:\/\/wp.unil.ch\/unimedia\/files\/2013\/10\/enfance_arrets_1-144x150.jpg 144w\" sizes=\"auto, (max-width: 550px) 100vw, 550px\" \/><\/figure>\n\n\n\n<p>Examinons plus attentivement deux planches. La premi\u00e8re repr\u00e9sente les enfants d&rsquo;une Bergschule. Photographi\u00e9s en contre-plong\u00e9e, ils forment une pyramide humaine qui rappelle les vraies montagnes enneig\u00e9es composant l&rsquo;arri\u00e8re-plan des images, des branchages cr\u00e9ant un troisi\u00e8me motif sur le ciel. La contre-plong\u00e9e ajoute une dimension symbolique, les enfants semblant en symbiose avec la nature, surplombant un paysage idyllique. Rappelons qu&rsquo;\u00e0 l&rsquo;\u00e9poque, l&rsquo;\u00e9cole est valoris\u00e9e comme lieu d&rsquo;apprentissage des valeurs patriotiques et que le milieu alpin poss\u00e8de une connotation identitaire fondamentale, surtout durant la p\u00e9riode de la D\u00e9fense nationale spirituelle.<\/p>\n\n\n\n<figure class=\"wp-block-image\"><img loading=\"lazy\" decoding=\"async\" width=\"1000\" height=\"623\" src=\"https:\/\/wp.unil.ch\/unimedia\/files\/2013\/10\/enfance_arrets_2.jpg\" alt=\"enfance_arrets_2\" class=\"wp-image-1371\" srcset=\"https:\/\/wp.unil.ch\/unimedia\/files\/2013\/10\/enfance_arrets_2.jpg 1000w, https:\/\/wp.unil.ch\/unimedia\/files\/2013\/10\/enfance_arrets_2-300x187.jpg 300w, https:\/\/wp.unil.ch\/unimedia\/files\/2013\/10\/enfance_arrets_2-768x478.jpg 768w, https:\/\/wp.unil.ch\/unimedia\/files\/2013\/10\/enfance_arrets_2-540x336.jpg 540w, https:\/\/wp.unil.ch\/unimedia\/files\/2013\/10\/enfance_arrets_2-240x150.jpg 240w, https:\/\/wp.unil.ch\/unimedia\/files\/2013\/10\/enfance_arrets_2-481x300.jpg 481w\" sizes=\"auto, (max-width: 1000px) 100vw, 1000px\" \/><\/figure>\n\n\n\n<p>La seconde planche, parmi les plus inventives de Steiner, appartient \u00e0 une s\u00e9rie pleine de vitalit\u00e9 et de fra\u00eecheur sur les enfants se baignant. Le motif des enfants s&rsquo;amusant dans une bassine d&rsquo;eau donne lieu \u00e0 des images tendres et dr\u00f4les, mais aussi \u00e0 des points de vue modernes. L&rsquo;iconographie du bain renvoie \u00e0 diff\u00e9rents imaginaires. Celui de la photographie de famille et celui du monde baln\u00e9aire, \u00e9troitement li\u00e9 \u00e0 l&rsquo;arriv\u00e9e des loisirs de masse.<\/p>\n\n\n\n<p class=\"has-small-font-size\">H\u00e9lo\u00efse Pocry<\/p>\n\n\n\n<p class=\"has-small-font-size\">Photographies: \u00a9 Hans Steiner \/ Mus\u00e9e de l&rsquo;Elys\u00e9e, Lausanne<\/p>\n<\/div>\n\n\n\n<div class=\"wp-block-column is-layout-flow wp-block-column-is-layout-flow\" style=\"flex-basis:35%\">\n<div class=\"wp-block-group has-light-background-background-color has-background\"><div class=\"wp-block-group__inner-container is-layout-flow wp-block-group-is-layout-flow\">\n<h4 class=\"wp-block-heading\"><strong>Autour de Hans Steiner, un partenariat national<\/strong><\/h4>\n\n\n<ul class=\"wp-block-latest-posts__list wp-block-latest-posts\"><li><a class=\"wp-block-latest-posts__post-title\" href=\"https:\/\/wp.unil.ch\/unimedia\/autour-de-hans-steiner-un-partenariat-national\/\">Autour de Hans Steiner, un partenariat national<\/a><\/li>\n<li><a class=\"wp-block-latest-posts__post-title\" href=\"https:\/\/wp.unil.ch\/unimedia\/reportage-chez-ovomaltine\/\">Reportage chez Ovomaltine<\/a><\/li>\n<li><a class=\"wp-block-latest-posts__post-title\" href=\"https:\/\/wp.unil.ch\/unimedia\/le-barrage-de-la-grande-dixence\/\">Le barrage de la Grande-Dixence<\/a><\/li>\n<li><a class=\"wp-block-latest-posts__post-title\" href=\"https:\/\/wp.unil.ch\/unimedia\/la-culture-du-loisir-thermalisme-et-bains-lacustres\/\">La culture du loisir, thermalisme et bains lacustres<\/a><\/li>\n<li><a class=\"wp-block-latest-posts__post-title\" href=\"https:\/\/wp.unil.ch\/unimedia\/visions-de-lenfance\/\">Visions de l&rsquo;enfance<\/a><\/li>\n<li><a class=\"wp-block-latest-posts__post-title\" href=\"https:\/\/wp.unil.ch\/unimedia\/a-lassaut-de-leiger\/\">A l&rsquo;assaut de l&rsquo;Eiger<\/a><\/li>\n<\/ul><\/div><\/div>\n<\/div>\n<\/div>\n","protected":false},"excerpt":{"rendered":"<p>Arr\u00eats sur images Un travail sur les photographies du fonds Hans Steiner a \u00e9t\u00e9 engag\u00e9 dans le cadre d\u2019un s\u00e9minaire interdisciplinaire dirig\u00e9 par Philippe Kaenel (Section d&rsquo;histoire de&hellip;<\/p>\n","protected":false},"author":51,"featured_media":2821,"comment_status":"closed","ping_status":"closed","sticky":false,"template":"template-full-width.php","format":"standard","meta":{"_seopress_robots_primary_cat":"","_seopress_titles_title":"","_seopress_titles_desc":"","_seopress_robots_index":"","footnotes":""},"categories":[74634],"tags":[],"class_list":{"0":"post-1369","1":"post","2":"type-post","3":"status-publish","4":"format-standard","5":"has-post-thumbnail","7":"category-steiner"},"_links":{"self":[{"href":"https:\/\/wp.unil.ch\/unimedia\/wp-json\/wp\/v2\/posts\/1369","targetHints":{"allow":["GET"]}}],"collection":[{"href":"https:\/\/wp.unil.ch\/unimedia\/wp-json\/wp\/v2\/posts"}],"about":[{"href":"https:\/\/wp.unil.ch\/unimedia\/wp-json\/wp\/v2\/types\/post"}],"author":[{"embeddable":true,"href":"https:\/\/wp.unil.ch\/unimedia\/wp-json\/wp\/v2\/users\/51"}],"replies":[{"embeddable":true,"href":"https:\/\/wp.unil.ch\/unimedia\/wp-json\/wp\/v2\/comments?post=1369"}],"version-history":[{"count":0,"href":"https:\/\/wp.unil.ch\/unimedia\/wp-json\/wp\/v2\/posts\/1369\/revisions"}],"wp:featuredmedia":[{"embeddable":true,"href":"https:\/\/wp.unil.ch\/unimedia\/wp-json\/wp\/v2\/media\/2821"}],"wp:attachment":[{"href":"https:\/\/wp.unil.ch\/unimedia\/wp-json\/wp\/v2\/media?parent=1369"}],"wp:term":[{"taxonomy":"category","embeddable":true,"href":"https:\/\/wp.unil.ch\/unimedia\/wp-json\/wp\/v2\/categories?post=1369"},{"taxonomy":"post_tag","embeddable":true,"href":"https:\/\/wp.unil.ch\/unimedia\/wp-json\/wp\/v2\/tags?post=1369"}],"curies":[{"name":"wp","href":"https:\/\/api.w.org\/{rel}","templated":true}]}}