{"id":502,"date":"2026-08-20T11:27:01","date_gmt":"2026-08-20T09:27:01","guid":{"rendered":"https:\/\/wp.unil.ch\/transition-juste\/?p=502"},"modified":"2026-08-20T11:27:01","modified_gmt":"2026-08-20T09:27:01","slug":"la-lutte-contre-la-pauvrete-na-plus-besoin-de-la-croissance-economique","status":"publish","type":"post","link":"https:\/\/wp.unil.ch\/transition-juste\/la-lutte-contre-la-pauvrete-na-plus-besoin-de-la-croissance-economique\/","title":{"rendered":"La lutte contre la pauvret\u00e9 n\u2019a plus besoin de la croissance \u00e9conomique"},"content":{"rendered":"\n<div class=\"wp-block-columns is-layout-flex wp-container-core-columns-is-layout-8f761849 wp-block-columns-is-layout-flex\">\n<div class=\"wp-block-column is-layout-flow wp-block-column-is-layout-flow\" style=\"flex-basis:66.66%\">\n<p class=\"has-text-align-center wp-block-paragraph\"><strong><em>\u00ab&nbsp;Le cycle \u00e0 travers lequel on avait voulu r\u00e9pondre au d\u00e9fi de la pauvret\u00e9 est en train de se terminer.&nbsp;\u00bb<\/em><\/strong><\/p>\n\n\n\n<p class=\"wp-block-paragraph\">C\u2019est \u00e0 partir de ce constat que le professeur Olivier De Schutter, rapporteur sp\u00e9cial des Nations Unies sur les droits de l\u2019homme et l\u2019extr\u00eame pauvret\u00e9, s\u2019est lanc\u00e9 pour co-cr\u00e9er une nouvelle strat\u00e9gie d\u2019attaque contre la pauvret\u00e9. Et ce fut dans le cadre de la seconde conf\u00e9rence du cycle <strong><em>Transition Juste<\/em><\/strong>, qu\u2019il a pr\u00e9sent\u00e9 pour la premi\u00e8re fois la <strong>Feuille de route pour l\u2019\u00e9radication de la pauvret\u00e9 au-del\u00e0 de la croissance<\/strong> \u2013 cette invitation \u00e0 <strong>pluraliser la lutte contre la pauvret\u00e9<\/strong> et \u00e0 <strong>imaginer une croissance non-\u00e9conomique.<\/strong><\/p>\n\n\n\n<h2 class=\"wp-block-heading\">Croissance et pauvret\u00e9<\/h2>\n\n\n\n<p class=\"wp-block-paragraph\">Durant les Trente Glorieuses \u2013 l\u2019\u00e2ge d\u2019or occidental de l\u2019\u00c9tat providence (1945-1973) \u2013 la lutte contre la pauvret\u00e9 s\u2019est traduite par le soutien \u00e0 la production, permettant la mise en place d\u2019un \u00e9tat social et d\u2019acquis communs dans ces soci\u00e9t\u00e9s, bien souvent sans consid\u00e9ration pour les pays du Sud global.<\/p>\n\n\n\n<p class=\"wp-block-paragraph\">Dans ce monde \u00ab&nbsp;tout-croissance \u00bb, le travail de r\u00e9duction de la pauvret\u00e9 est focalis\u00e9 sur la <strong>redistribution post-march\u00e9<\/strong> par une s\u00e9quence en trois temps&nbsp;:<\/p>\n\n\n\n<ol class=\"wp-block-list\">\n<li>Cr\u00e9ation de richesse (par la croissance)&nbsp;;<\/li>\n\n\n\n<li>Pr\u00e9l\u00e8vement par l\u2019imp\u00f4t&nbsp;;<\/li>\n\n\n\n<li>Redistribution via le financement des services publics et de la protection sociale.<\/li>\n<\/ol>\n\n\n\n<p class=\"wp-block-paragraph\">C\u2019est ainsi <strong>l\u2019\u00c9tat qui est responsable de \u00ab&nbsp;<em>corriger les effets d\u2019exclusion que le march\u00e9 peut causer<\/em>&nbsp;\u00bb<\/strong>, afin d\u2019assurer que les fruits de la croissance sont r\u00e9partis entre l\u2019\u00c9tat, les actionnaires et les m\u00e9nages. <ins><\/ins><\/p>\n\n\n\n<p class=\"wp-block-paragraph\">Pour De Schutter, cette strat\u00e9gie reposant sur le bien-fond\u00e9 de la croissance nous entra\u00eene dans une impasse multifactorielle dont il identifie deux enjeux probl\u00e9matiques&nbsp;: le d\u00e9passement des limites plan\u00e9taires qu&rsquo;elle entraine d\u2019une part ; et son incapacit\u00e9 \u00e0 satisfaire les besoins de l\u2019enti\u00e8ret\u00e9 de l\u2019humanit\u00e9 d\u2019autre part.<\/p>\n\n\n\n<div class=\"wp-block-uagb-blockquote uagb-block-127d4a09 uagb-blockquote__skin-border uagb-blockquote__stack-img-none\"><blockquote class=\"uagb-blockquote\"><div class=\"uagb-blockquote__content\">\u00ab\u00a0Imaginez d\u2019\u00eatre dans une salle de concert. Chacun et chacune d\u2019entre vous veut voir la pianiste sur sc\u00e8ne et se met sur la pointe des pieds pour mieux voir que les autres. \u00c0 la fin, personne ne voit mieux mais tout le monde est plus inconfortable.\u00a0\u00bb<\/div><footer><div class=\"uagb-blockquote__author-wrap uagb-blockquote__author-at-left\"><img decoding=\"async\" class=\"\" src=\"https:\/\/wp.unil.ch\/transition-juste\/files\/2026\/08\/olivierbw.png\" alt=\"olivierbw\" width=\"100\" height=\"100\" loading=\"lazy\" \/><cite class=\"uagb-blockquote__author\"><strong>Olivier De Schutter<\/strong><br>Rapporteur sp\u00e9cial sur les droits de l&rsquo;homme et l&rsquo;extr\u00eame pauvret\u00e9<\/cite><\/div><\/footer><\/blockquote><\/div>\n\n\n\n<hr class=\"wp-block-separator has-alpha-channel-opacity\" \/>\n\n\n\n<p class=\"wp-block-paragraph\">Dans nos soci\u00e9t\u00e9s, ce sont les biens (et les services) positionnels qui nous permettent de nous situer les un\u00b7es par rapport aux autres. De Schutter montre ainsi que <strong>la croissance de l\u2019\u00e9conomie, appelant \u00e0 une consommation accrue de biens positionnels, nous entra\u00eene donc dans une qu\u00eate qui ne sera jamais satisfaite mais demeurera continuellement vorace, \u00e9puisant nos ressources sans que notre sentiment de satisfaction (ou notre bien-\u00eatre) ne soit am\u00e9lior\u00e9 \u00e0 long terme.<\/strong><\/p>\n\n\n\n<h2 class=\"wp-block-heading\">La Feuille de route<\/h2>\n\n\n\n<p class=\"has-text-align-center wp-block-paragraph\"><strong><em>\u00ab&nbsp;La croissance [\u2026] est vou\u00e9e \u00e0 d\u00e9cevoir.&nbsp;\u00bb<\/em><\/strong><\/p>\n\n\n\n<p class=\"wp-block-paragraph\">Il est donc imp\u00e9ratif de faire \u00e9voluer notre approche \u00e0 l\u2019\u00e9radication de la pauvret\u00e9 et \u00e0 la satisfaction de nos besoins fondamentaux. Les travaux de grande ampleur coordonn\u00e9s par De Schutter aboutissent \u00e0 la proposition de deux nouveaux angles d\u2019actions, qui structurent la Feuille de route contre l\u2019\u00e9radication de la pauvret\u00e9 au-del\u00e0 de la croissance :<\/p>\n\n\n\n<ol class=\"wp-block-list\">\n<li>Un investissement social pr\u00e9-march\u00e9 afin de s\u2019attaquer \u00e0 la pauvret\u00e9 structurelle et \u00e0 la reproduction des conditions en fonction du milieu social\u00a0;<\/li>\n\n\n\n<li>Un march\u00e9 inclusif capable de renforcer le pouvoir de n\u00e9gociation des syndicats et employ\u00e9s, en cr\u00e9ant une garantie d\u2019emploi par exemple.<a id=\"_msocom_1\"><\/a><\/li>\n<\/ol>\n\n\n\n<figure class=\"wp-block-image size-full\"><img loading=\"lazy\" decoding=\"async\" width=\"880\" height=\"568\" src=\"https:\/\/wp.unil.ch\/transition-juste\/files\/2026\/08\/feuille.png\" alt=\"feuille\" class=\"wp-image-507\" srcset=\"https:\/\/wp.unil.ch\/transition-juste\/files\/2026\/08\/feuille.png 880w, https:\/\/wp.unil.ch\/transition-juste\/files\/2026\/08\/feuille-300x194.png 300w, https:\/\/wp.unil.ch\/transition-juste\/files\/2026\/08\/feuille-768x496.png 768w, https:\/\/wp.unil.ch\/transition-juste\/files\/2026\/08\/feuille-540x349.png 540w\" sizes=\"auto, (max-width: 880px) 100vw, 880px\" \/><\/figure>\n\n\n\n<p class=\"wp-block-paragraph\">Compos\u00e9e de pr\u00e8s de <strong>80 propositions politiques concr\u00e8tes ancr\u00e9es dans la litt\u00e9rature acad\u00e9mique<\/strong>, la Feuille de route est r\u00e9partie en cinq piliers th\u00e9matiques :<\/p>\n\n\n\n<figure class=\"wp-block-image size-large\"><img loading=\"lazy\" decoding=\"async\" width=\"1024\" height=\"576\" src=\"https:\/\/wp.unil.ch\/transition-juste\/files\/2026\/08\/roadmap-final-image-1024x576.png\" alt=\"roadmap final image\" class=\"wp-image-508\" srcset=\"https:\/\/wp.unil.ch\/transition-juste\/files\/2026\/08\/roadmap-final-image-1024x576.png 1024w, https:\/\/wp.unil.ch\/transition-juste\/files\/2026\/08\/roadmap-final-image-300x169.png 300w, https:\/\/wp.unil.ch\/transition-juste\/files\/2026\/08\/roadmap-final-image-768x432.png 768w, https:\/\/wp.unil.ch\/transition-juste\/files\/2026\/08\/roadmap-final-image-1536x864.png 1536w, https:\/\/wp.unil.ch\/transition-juste\/files\/2026\/08\/roadmap-final-image-540x304.png 540w, https:\/\/wp.unil.ch\/transition-juste\/files\/2026\/08\/roadmap-final-image-1080x608.png 1080w, https:\/\/wp.unil.ch\/transition-juste\/files\/2026\/08\/roadmap-final-image.png 1920w\" sizes=\"auto, (max-width: 1024px) 100vw, 1024px\" \/><\/figure>\n\n\n\n<p class=\"wp-block-paragraph\">Ces nouvelles mesures sont dites <strong>\u00e0 triple dividende<\/strong>, car elles permettraient de r\u00e9duire notre empreinte environnementale, de cr\u00e9er des emplois inclusifs (ne n\u00e9cessitant pas des formations pouss\u00e9es, \u00e9tant accessibles et \u00e0 grande \u00e9chelle), et de garantir l\u2019accessibilit\u00e9 des biens et services indispensables \u00e0 une vie d\u00e9cente pour tout un chacun.<\/p>\n\n\n\n<p class=\"wp-block-paragraph\">Chaque proposition est pr\u00e9sent\u00e9e dans une fiche qui lui est d\u00e9di\u00e9e. On y retrouve en d\u00e9tail l\u2019objectif vis\u00e9 par sa mise en place, une \u00e9laboration encourag\u00e9e de la politique, les b\u00e9n\u00e9fices attendus et la justification de ces attentes, mais aussi des indications d\u2019impl\u00e9mentations \u00e0 court, moyen et long terme \u00e0 des \u00e9chelles locales, nationales ou mondiales agr\u00e9ment\u00e9es de bonnes pratiques. Notamment, ces impl\u00e9mentations prennent en consid\u00e9rations les responsabilit\u00e9s et les capacit\u00e9s diff\u00e9renci\u00e9es des pays du Sud et du Nord : ainsi les gouvernements sont encourag\u00e9s \u00e0 adapter la mise en place des propositions en fonction de leur situation sp\u00e9cifique. R\u00e9dig\u00e9es par des expert\u00b7es de leur domaine, les propositions sont en grande partie issues d&rsquo;un appel \u00e0 contribution<ins> <\/ins>ayant r\u00e9unie ses propositions issues du monde acad\u00e9mique, ainsi que d\u2019organisations syndicales, gouvernementales ou non gouvernentales, et de la soci\u00e9t\u00e9 civile du monde entier.<\/p>\n\n\n\n<p class=\"has-large-font-size wp-block-paragraph\"><strong>Regardez la conf\u00e9rence d&rsquo;Olivier De Schutter<\/strong><\/p>\n\n\n\n<figure class=\"wp-block-embed is-type-video is-provider-youtube wp-block-embed-youtube wp-embed-aspect-16-9 wp-has-aspect-ratio\"><div class=\"wp-block-embed__wrapper\">\n<iframe loading=\"lazy\" title=\"Au-del\u00e0 de la croissance - Une feuille de route pour \u00e9radiquer la pauvret\u00e9 \u2013 Olivier De Schutter\" width=\"580\" height=\"326\" src=\"https:\/\/www.youtube.com\/embed\/vMy5AP1GR80?feature=oembed\" frameborder=\"0\" allow=\"accelerometer; autoplay; clipboard-write; encrypted-media; gyroscope; picture-in-picture; web-share\" referrerpolicy=\"strict-origin-when-cross-origin\" allowfullscreen><\/iframe>\n<\/div><\/figure>\n\n\n\n<div style=\"height:100px\" aria-hidden=\"true\" class=\"wp-block-spacer\"><\/div>\n\n\n\n<h2 class=\"wp-block-heading\">les prochaines \u00e9tapes<\/h2>\n\n\n\n<p class=\"wp-block-paragraph\">Par cette feuille de route et l\u2019ensemble du travail men\u00e9 dans le cadre du projet <em>New Economies for Eradicating Poverty (NEEP)<\/em>, De Schutter plaide en faveur de la <strong>prise de conscience de l\u2019ultra-concentration des richesses et de la modernisation de la pauvret\u00e9<\/strong>. La pr\u00e9carisation de l\u2019emploi, le recul de la protection sociale d\u00fb \u00e0 des restrictions budg\u00e9taires, l\u2019augmentation des co\u00fbts, font partie des raisons expliquant une transformation de la pauvret\u00e9, avec l\u2019\u00e9mergence de conditions rendant impossible une vie digne pour une partie grandissante de la population du Nord global. Les gouvernements sont encourag\u00e9s \u00e0 mettre en place des outils sp\u00e9cifiques \u00e0 leur situation, plus inventifs et radicaux dans leur lutte pour l\u2019\u00e9radication de la pauvret\u00e9 par la d\u00e9mocratisation de l\u2019\u00e9conomie, afin d\u2019\u00eatre le moteur d\u2019un changement de paradigme important.<\/p>\n\n\n\n<p class=\"wp-block-paragraph\">La Feuille de route a \u00e9t\u00e9 adopt\u00e9e par consensus lors de la <a href=\"https:\/\/www.neep-poverty.org\/event\/presentation-of-the-roadmap-to-the-62nd-session-of-the-un-human-rights-council\/\">62e session<\/a> du Conseil des droits de l&rsquo;homme des Nations Unies. Les \u00c9tats sont maintenant invit\u00e9s \u00e0 s\u2019approprier les propositions faites par l\u2019\u00e9quipe derri\u00e8re le projet NEEP pour une adaptation \u00e0 l\u2019\u00e9chelle nationale et locale, et une coordination \u00e0 l\u2019\u00e9chelle globale.<\/p>\n\n\n\n<p class=\"wp-block-paragraph\">Retrouvez l\u2019int\u00e9gralit\u00e9 des documents compl\u00e9mentaires au propos d\u2019Olivier De Schutter dans <a href=\"https:\/\/wp.unil.ch\/transition-juste\/les-ressources\/\">Ressources<\/a>, ainsi que la vid\u00e9o de la pr\u00e9sentation suivie de l\u2019\u00e9change avec nos intervenant\u00b7es de l\u2019Unil, <strong>V\u00e9ronique Boillet<\/strong>, professeure de droit public et <strong>Victor Canilla<\/strong>, doctorant au sein de la Facult\u00e9 de g\u00e9osciences et de l\u2019environnement.<\/p>\n<\/div>\n\n\n\n<div class=\"wp-block-column is-layout-flow wp-block-column-is-layout-flow\" style=\"flex-basis:33.33%\"><\/div>\n<\/div>\n","protected":false},"excerpt":{"rendered":"<p>\u00ab&nbsp;Le cycle \u00e0 travers lequel on avait voulu r\u00e9pondre au d\u00e9fi de la pauvret\u00e9 est en train de se terminer.&nbsp;\u00bb C\u2019est \u00e0 partir de ce constat que le&hellip;<\/p>\n","protected":false},"author":1002526,"featured_media":511,"comment_status":"closed","ping_status":"closed","sticky":false,"template":"template-full-width.php","format":"standard","meta":{"_seopress_titles_title":"","_seopress_titles_desc":"","_seopress_robots_index":"","_seopress_robots_follow":"","_seopress_robots_imageindex":"","_seopress_robots_snippet":"","_seopress_robots_primary_cat":"","_seopress_robots_breadcrumbs":"","_seopress_robots_freeze_modified_date":"","_seopress_robots_custom_modified_date":"","_seopress_robots_canonical":"","_seopress_social_fb_title":"","_seopress_social_fb_desc":"","_seopress_social_fb_img":"","_seopress_social_fb_img_attachment_id":0,"_seopress_social_fb_img_width":0,"_seopress_social_fb_img_height":0,"_seopress_social_twitter_title":"","_seopress_social_twitter_desc":"","_seopress_social_twitter_img":"","_seopress_social_twitter_img_attachment_id":0,"_seopress_social_twitter_img_width":0,"_seopress_social_twitter_img_height":0,"_seopress_redirections_value":"","_seopress_redirections_enabled":"","_seopress_redirections_enabled_regex":"","_seopress_redirections_logged_status":"","_seopress_redirections_param":"","_seopress_redirections_type":0,"_seopress_analysis_target_kw":"","_seopress_news_disabled":"","_seopress_video_disabled":"","_seopress_video":[],"_seopress_pro_schemas_manual":[],"_seopress_pro_rich_snippets_disable_all":"","_seopress_pro_rich_snippets_disable":[],"_seopress_pro_schemas":[],"_uag_custom_page_level_css":"","footnotes":""},"categories":[1],"tags":[],"class_list":["post-502","post","type-post","status-publish","format-standard","has-post-thumbnail","category-uncategorized"],"uagb_featured_image_src":{"full":["https:\/\/wp.unil.ch\/transition-juste\/files\/2026\/08\/yt_thumbnail_ods.jpg",1920,1080,false],"thumbnail":["https:\/\/wp.unil.ch\/transition-juste\/files\/2026\/08\/yt_thumbnail_ods-150x150.jpg",150,150,true],"medium":["https:\/\/wp.unil.ch\/transition-juste\/files\/2026\/08\/yt_thumbnail_ods-300x169.jpg",300,169,true],"medium_large":["https:\/\/wp.unil.ch\/transition-juste\/files\/2026\/08\/yt_thumbnail_ods-768x432.jpg",580,326,true],"large":["https:\/\/wp.unil.ch\/transition-juste\/files\/2026\/08\/yt_thumbnail_ods-1024x576.jpg",580,326,true],"1536x1536":["https:\/\/wp.unil.ch\/transition-juste\/files\/2026\/08\/yt_thumbnail_ods-1536x864.jpg",1536,864,true],"2048x2048":["https:\/\/wp.unil.ch\/transition-juste\/files\/2026\/08\/yt_thumbnail_ods.jpg",1920,1080,false],"post-thumbnail":["https:\/\/wp.unil.ch\/transition-juste\/files\/2026\/08\/yt_thumbnail_ods.jpg",1920,1080,false],"chaplin_preview_image_low_resolution":["https:\/\/wp.unil.ch\/transition-juste\/files\/2026\/08\/yt_thumbnail_ods-540x304.jpg",540,304,true],"chaplin_preview_image_high_resolution":["https:\/\/wp.unil.ch\/transition-juste\/files\/2026\/08\/yt_thumbnail_ods-1080x608.jpg",1080,608,true],"chaplin_fullscreen":["https:\/\/wp.unil.ch\/transition-juste\/files\/2026\/08\/yt_thumbnail_ods.jpg",1920,1080,false]},"uagb_author_info":{"display_name":"Niccolo Panozzo","author_link":"https:\/\/wp.unil.ch\/transition-juste\/author\/npanozzo\/"},"uagb_comment_info":0,"uagb_excerpt":"\u00ab&nbsp;Le cycle \u00e0 travers lequel on avait voulu r\u00e9pondre au d\u00e9fi de la pauvret\u00e9 est en train de se terminer.&nbsp;\u00bb C\u2019est \u00e0 partir de ce constat que le&hellip;","_links":{"self":[{"href":"https:\/\/wp.unil.ch\/transition-juste\/wp-json\/wp\/v2\/posts\/502","targetHints":{"allow":["GET"]}}],"collection":[{"href":"https:\/\/wp.unil.ch\/transition-juste\/wp-json\/wp\/v2\/posts"}],"about":[{"href":"https:\/\/wp.unil.ch\/transition-juste\/wp-json\/wp\/v2\/types\/post"}],"author":[{"embeddable":true,"href":"https:\/\/wp.unil.ch\/transition-juste\/wp-json\/wp\/v2\/users\/1002526"}],"replies":[{"embeddable":true,"href":"https:\/\/wp.unil.ch\/transition-juste\/wp-json\/wp\/v2\/comments?post=502"}],"version-history":[{"count":5,"href":"https:\/\/wp.unil.ch\/transition-juste\/wp-json\/wp\/v2\/posts\/502\/revisions"}],"predecessor-version":[{"id":515,"href":"https:\/\/wp.unil.ch\/transition-juste\/wp-json\/wp\/v2\/posts\/502\/revisions\/515"}],"wp:featuredmedia":[{"embeddable":true,"href":"https:\/\/wp.unil.ch\/transition-juste\/wp-json\/wp\/v2\/media\/511"}],"wp:attachment":[{"href":"https:\/\/wp.unil.ch\/transition-juste\/wp-json\/wp\/v2\/media?parent=502"}],"wp:term":[{"taxonomy":"category","embeddable":true,"href":"https:\/\/wp.unil.ch\/transition-juste\/wp-json\/wp\/v2\/categories?post=502"},{"taxonomy":"post_tag","embeddable":true,"href":"https:\/\/wp.unil.ch\/transition-juste\/wp-json\/wp\/v2\/tags?post=502"}],"curies":[{"name":"wp","href":"https:\/\/api.w.org\/{rel}","templated":true}]}}