{"id":504,"date":"2019-11-25T11:57:15","date_gmt":"2019-11-25T10:57:15","guid":{"rendered":"http:\/\/wp.unil.ch\/tourismeetdeveloppement\/?p=504"},"modified":"2019-11-25T13:45:40","modified_gmt":"2019-11-25T12:45:40","slug":"jour-5-restitution-et-conclusion","status":"publish","type":"post","link":"https:\/\/wp.unil.ch\/tourismeetdeveloppement\/2019\/11\/jour-5-restitution-et-conclusion\/","title":{"rendered":"Jour 5 &#8211; Restitution et Conclusion"},"content":{"rendered":"<div class=\"page\" title=\"Page 8\">\n<div class=\"layoutArea\">\n<div class=\"column\">\n<p><strong>Vendredi 15 novembre, 15h. Sion.\u00a0<\/strong><\/p>\n<\/div>\n<\/div>\n<\/div>\n<p>Restitution devant deux encadrantes, dont le Dr. Marjolaine Gros-Balthazard.<\/p>\n<p>En conclusion, cette e\u0301tude de terrain m\u2019a amene\u0301 plusieurs agre\u0301ables surprises. Il n\u2019est pas ne\u0301cessaire d\u2019e\u0302tre ne\u0301 dans une re\u0301gion pour y ge\u0301rer un parc re\u0301gional, pourtant profonde\u0301ment lie\u0301 au territoire et a\u0300 ses habitants.<\/p>\n<p>La le\u0301gende est fausse, les Hauts-Valaisans sont vraiment chaleureux et accueillants.<\/p>\n<p>Pour communiquer avec des germanophones, c\u2019est un atout de travailler avec un camarade anglais. [Ryan Muza, ndlr]<\/p>\n<p><em>Ryan Muza et J\u00e9r\u00f4me K\u00fcffer<\/em><\/p>\n<hr \/>\n<figure id=\"attachment_505\" aria-describedby=\"caption-attachment-505\" style=\"width: 1600px\" class=\"wp-caption alignnone\"><img alt=\"\" loading=\"lazy\" decoding=\"async\" class=\"size-full wp-image-505\" src=\"https:\/\/wp.unil.ch\/tourismeetdeveloppement\/files\/2019\/11\/WhatsApp-Image-2019-11-21-at-10.04.38.jpeg\" alt=\"\" width=\"1600\" height=\"1200\" srcset=\"https:\/\/wp.unil.ch\/tourismeetdeveloppement\/files\/2019\/11\/WhatsApp-Image-2019-11-21-at-10.04.38.jpeg 1600w, https:\/\/wp.unil.ch\/tourismeetdeveloppement\/files\/2019\/11\/WhatsApp-Image-2019-11-21-at-10.04.38-300x225.jpeg 300w, https:\/\/wp.unil.ch\/tourismeetdeveloppement\/files\/2019\/11\/WhatsApp-Image-2019-11-21-at-10.04.38-1024x768.jpeg 1024w, https:\/\/wp.unil.ch\/tourismeetdeveloppement\/files\/2019\/11\/WhatsApp-Image-2019-11-21-at-10.04.38-768x576.jpeg 768w, https:\/\/wp.unil.ch\/tourismeetdeveloppement\/files\/2019\/11\/WhatsApp-Image-2019-11-21-at-10.04.38-1536x1152.jpeg 1536w\" sizes=\"auto, (max-width: 706px) 89vw, (max-width: 767px) 82vw, 740px\" \/><figcaption id=\"caption-attachment-505\" class=\"wp-caption-text\">Souvenirs doucereux du Haut-Valais, Source : les auteurs<\/figcaption><\/figure>\n<figure id=\"attachment_481\" aria-describedby=\"caption-attachment-481\" style=\"width: 600px\" class=\"wp-caption alignnone\"><img alt=\"\" loading=\"lazy\" decoding=\"async\" class=\"size-full wp-image-481\" src=\"https:\/\/wp.unil.ch\/tourismeetdeveloppement\/files\/2019\/11\/WhatsApp-Image-2019-11-21-at-10.03.22.jpeg\" alt=\"\" width=\"600\" height=\"1200\" srcset=\"https:\/\/wp.unil.ch\/tourismeetdeveloppement\/files\/2019\/11\/WhatsApp-Image-2019-11-21-at-10.03.22.jpeg 600w, https:\/\/wp.unil.ch\/tourismeetdeveloppement\/files\/2019\/11\/WhatsApp-Image-2019-11-21-at-10.03.22-150x300.jpeg 150w, https:\/\/wp.unil.ch\/tourismeetdeveloppement\/files\/2019\/11\/WhatsApp-Image-2019-11-21-at-10.03.22-512x1024.jpeg 512w\" sizes=\"auto, (max-width: 600px) 100vw, 600px\" \/><figcaption id=\"caption-attachment-481\" class=\"wp-caption-text\">Source : J\u00e9r\u00f4me K\u00fcffer et Ryan Muza.<\/figcaption><\/figure>\n<p>&nbsp;<\/p>\n","protected":false},"excerpt":{"rendered":"<p>Vendredi 15 novembre, 15h. Sion.\u00a0 Restitution devant deux encadrantes, dont le Dr. Marjolaine Gros-Balthazard. En conclusion, cette e\u0301tude de terrain m\u2019a amene\u0301 plusieurs agre\u0301ables surprises. Il n\u2019est pas ne\u0301cessaire d\u2019e\u0302tre ne\u0301 dans une re\u0301gion pour y ge\u0301rer un parc re\u0301gional, pourtant profonde\u0301ment lie\u0301 au territoire et a\u0300 ses habitants. La le\u0301gende est fausse, les Hauts-Valaisans &hellip; <\/p>\n<p class=\"link-more\"><a href=\"https:\/\/wp.unil.ch\/tourismeetdeveloppement\/2019\/11\/jour-5-restitution-et-conclusion\/\" class=\"more-link\">Continuer la lecture<span class=\"screen-reader-text\"> de &laquo;&nbsp;Jour 5 &#8211; Restitution et Conclusion&nbsp;&raquo;<\/span><\/a><\/p>\n","protected":false},"author":1001941,"featured_media":501,"comment_status":"closed","ping_status":"closed","sticky":false,"template":"","format":"standard","meta":{"_seopress_robots_primary_cat":"","_seopress_titles_title":"","_seopress_titles_desc":"","_seopress_robots_index":"","footnotes":""},"categories":[72],"tags":[6,59],"class_list":{"0":"post-504","1":"post","2":"type-post","3":"status-publish","4":"format-standard","5":"has-post-thumbnail","7":"category-jour-5-restitution-et-conclusion","8":"tag-6","9":"tag-haut-valais"},"_links":{"self":[{"href":"https:\/\/wp.unil.ch\/tourismeetdeveloppement\/wp-json\/wp\/v2\/posts\/504","targetHints":{"allow":["GET"]}}],"collection":[{"href":"https:\/\/wp.unil.ch\/tourismeetdeveloppement\/wp-json\/wp\/v2\/posts"}],"about":[{"href":"https:\/\/wp.unil.ch\/tourismeetdeveloppement\/wp-json\/wp\/v2\/types\/post"}],"author":[{"embeddable":true,"href":"https:\/\/wp.unil.ch\/tourismeetdeveloppement\/wp-json\/wp\/v2\/users\/1001941"}],"replies":[{"embeddable":true,"href":"https:\/\/wp.unil.ch\/tourismeetdeveloppement\/wp-json\/wp\/v2\/comments?post=504"}],"version-history":[{"count":0,"href":"https:\/\/wp.unil.ch\/tourismeetdeveloppement\/wp-json\/wp\/v2\/posts\/504\/revisions"}],"wp:featuredmedia":[{"embeddable":true,"href":"https:\/\/wp.unil.ch\/tourismeetdeveloppement\/wp-json\/wp\/v2\/media\/501"}],"wp:attachment":[{"href":"https:\/\/wp.unil.ch\/tourismeetdeveloppement\/wp-json\/wp\/v2\/media?parent=504"}],"wp:term":[{"taxonomy":"category","embeddable":true,"href":"https:\/\/wp.unil.ch\/tourismeetdeveloppement\/wp-json\/wp\/v2\/categories?post=504"},{"taxonomy":"post_tag","embeddable":true,"href":"https:\/\/wp.unil.ch\/tourismeetdeveloppement\/wp-json\/wp\/v2\/tags?post=504"}],"curies":[{"name":"wp","href":"https:\/\/api.w.org\/{rel}","templated":true}]}}