{"id":395,"date":"2019-11-18T12:07:54","date_gmt":"2019-11-18T11:07:54","guid":{"rendered":"http:\/\/wp.unil.ch\/tourismeetdeveloppement\/?p=395"},"modified":"2019-11-25T14:09:29","modified_gmt":"2019-11-25T13:09:29","slug":"jour-5-presentations-des-travaux-de-groupe","status":"publish","type":"post","link":"https:\/\/wp.unil.ch\/tourismeetdeveloppement\/2019\/11\/jour-5-presentations-des-travaux-de-groupe\/","title":{"rendered":"Jour 5 &#8211; Pr\u00e9sentations des travaux de groupe"},"content":{"rendered":"<p>&nbsp;<\/p>\n<p>Le dernier jour de travail pour les \u00e9tudiants se passe \u00e0 l\u2019Universit\u00e9 de Cape Coast.<\/p>\n<p>Les groupes travaillent chacun de leur c\u00f4t\u00e9 sur leurs donn\u00e9es, commencent \u00e0 d\u00e9gager les premi\u00e8res tendances et commencent l\u2019analyse globale. Ils doivent faire une courte pr\u00e9sentation de leur travail en d\u00e9but d\u2019apr\u00e8s-midi devant tous les groupes et des coll\u00e8gues ghan\u00e9ens. Cette pr\u00e9sentation a pour but de confronter les \u00e9tudiants au travail sous pression dans un temps tr\u00e8s restreint en anglais, et de se confronter aux questions des professeurs accompagnants et des coll\u00e8gues ghan\u00e9ens.<\/p>\n<p>&nbsp;<\/p>\n<p><img alt=\"\" loading=\"lazy\" decoding=\"async\" class=\"wp-image-407 aligncenter\" src=\"https:\/\/wp.unil.ch\/tourismeetdeveloppement\/files\/2019\/11\/Pre\u0301senation-des-e\u0301tudiants-3-300x225.jpg\" alt=\"\" width=\"452\" height=\"339\" srcset=\"https:\/\/wp.unil.ch\/tourismeetdeveloppement\/files\/2019\/11\/Pre\u0301senation-des-e\u0301tudiants-3-300x225.jpg 300w, https:\/\/wp.unil.ch\/tourismeetdeveloppement\/files\/2019\/11\/Pre\u0301senation-des-e\u0301tudiants-3-768x576.jpg 768w, https:\/\/wp.unil.ch\/tourismeetdeveloppement\/files\/2019\/11\/Pre\u0301senation-des-e\u0301tudiants-3-1024x768.jpg 1024w, https:\/\/wp.unil.ch\/tourismeetdeveloppement\/files\/2019\/11\/Pre\u0301senation-des-e\u0301tudiants-3.jpg 1600w\" sizes=\"auto, (max-width: 452px) 100vw, 452px\" \/><\/p>\n<p><img alt=\"\" loading=\"lazy\" decoding=\"async\" class=\"wp-image-410 aligncenter\" src=\"https:\/\/wp.unil.ch\/tourismeetdeveloppement\/files\/2019\/11\/Pre\u0301sentation-des-e\u0301tudiants-2-300x225.jpg\" alt=\"\" width=\"448\" height=\"336\" srcset=\"https:\/\/wp.unil.ch\/tourismeetdeveloppement\/files\/2019\/11\/Pre\u0301sentation-des-e\u0301tudiants-2-300x225.jpg 300w, https:\/\/wp.unil.ch\/tourismeetdeveloppement\/files\/2019\/11\/Pre\u0301sentation-des-e\u0301tudiants-2-768x576.jpg 768w, https:\/\/wp.unil.ch\/tourismeetdeveloppement\/files\/2019\/11\/Pre\u0301sentation-des-e\u0301tudiants-2-1024x768.jpg 1024w, https:\/\/wp.unil.ch\/tourismeetdeveloppement\/files\/2019\/11\/Pre\u0301sentation-des-e\u0301tudiants-2.jpg 1600w\" sizes=\"auto, (max-width: 448px) 100vw, 448px\" \/><\/p>\n<p><img alt=\"\" loading=\"lazy\" decoding=\"async\" class=\"wp-image-408 aligncenter\" src=\"https:\/\/wp.unil.ch\/tourismeetdeveloppement\/files\/2019\/11\/Pre\u0301senation-des-e\u0301tudiants-4-225x300.jpg\" alt=\"\" width=\"342\" height=\"456\" srcset=\"https:\/\/wp.unil.ch\/tourismeetdeveloppement\/files\/2019\/11\/Pre\u0301senation-des-e\u0301tudiants-4-225x300.jpg 225w, https:\/\/wp.unil.ch\/tourismeetdeveloppement\/files\/2019\/11\/Pre\u0301senation-des-e\u0301tudiants-4-768x1024.jpg 768w, https:\/\/wp.unil.ch\/tourismeetdeveloppement\/files\/2019\/11\/Pre\u0301senation-des-e\u0301tudiants-4.jpg 900w\" sizes=\"auto, (max-width: 342px) 100vw, 342px\" \/><\/p>\n<p style=\"text-align: center\"><em>(Pr\u00e9sentations des 3 groupes de travail)<\/em><\/p>\n<p>&nbsp;<\/p>\n<p>Apr\u00e8s les pr\u00e9sentations un moment de temps libre est organis\u00e9 et nous allons tous \u00e0 la plage au Sud de l\u2019Universit\u00e9, pour profiter d&rsquo;une bonne baignade et du coucher de soleil.<\/p>\n<p><img alt=\"\" loading=\"lazy\" decoding=\"async\" class=\"wp-image-427 aligncenter\" src=\"https:\/\/wp.unil.ch\/tourismeetdeveloppement\/files\/2019\/11\/Plage-soire\u0301e-300x225.jpg\" alt=\"\" width=\"568\" height=\"426\" srcset=\"https:\/\/wp.unil.ch\/tourismeetdeveloppement\/files\/2019\/11\/Plage-soire\u0301e-300x225.jpg 300w, https:\/\/wp.unil.ch\/tourismeetdeveloppement\/files\/2019\/11\/Plage-soire\u0301e-768x576.jpg 768w, https:\/\/wp.unil.ch\/tourismeetdeveloppement\/files\/2019\/11\/Plage-soire\u0301e-1024x768.jpg 1024w, https:\/\/wp.unil.ch\/tourismeetdeveloppement\/files\/2019\/11\/Plage-soire\u0301e.jpg 1600w\" sizes=\"auto, (max-width: 568px) 100vw, 568px\" \/><\/p>\n<p><img alt=\"\" loading=\"lazy\" decoding=\"async\" class=\"wp-image-426 aligncenter\" src=\"https:\/\/wp.unil.ch\/tourismeetdeveloppement\/files\/2019\/11\/Baignade-e\u0301tudiants--225x300.jpg\" alt=\"\" width=\"365\" height=\"487\" srcset=\"https:\/\/wp.unil.ch\/tourismeetdeveloppement\/files\/2019\/11\/Baignade-e\u0301tudiants--225x300.jpg 225w, https:\/\/wp.unil.ch\/tourismeetdeveloppement\/files\/2019\/11\/Baignade-e\u0301tudiants--768x1024.jpg 768w, https:\/\/wp.unil.ch\/tourismeetdeveloppement\/files\/2019\/11\/Baignade-e\u0301tudiants-.jpg 900w\" sizes=\"auto, (max-width: 365px) 100vw, 365px\" \/><\/p>\n<p style=\"text-align: center\"><em>(Coucher de soleil sur la plage au Sud de l&rsquo;Universit\u00e9 et baignade des \u00e9tudiants)<\/em><\/p>\n<p>Le soir nous avons \u00e9t\u00e9 convi\u00e9 \u00e0 la soir\u00e9e de gala organis\u00e9e par les coll\u00e8gues ghan\u00e9ens de l&rsquo;institut d&rsquo;hospitalit\u00e9 et de tourisme, qui f\u00eatent leurs 10 ans.<\/p>\n<p>&nbsp;<\/p>\n<p><img alt=\"\" loading=\"lazy\" decoding=\"async\" class=\"wp-image-545 aligncenter\" src=\"https:\/\/wp.unil.ch\/tourismeetdeveloppement\/files\/2019\/11\/Gala-soire\u0301e-10-ans-300x225.jpg\" alt=\"\" width=\"422\" height=\"317\" srcset=\"https:\/\/wp.unil.ch\/tourismeetdeveloppement\/files\/2019\/11\/Gala-soire\u0301e-10-ans-300x225.jpg 300w, https:\/\/wp.unil.ch\/tourismeetdeveloppement\/files\/2019\/11\/Gala-soire\u0301e-10-ans-1024x768.jpg 1024w, https:\/\/wp.unil.ch\/tourismeetdeveloppement\/files\/2019\/11\/Gala-soire\u0301e-10-ans-768x576.jpg 768w, https:\/\/wp.unil.ch\/tourismeetdeveloppement\/files\/2019\/11\/Gala-soire\u0301e-10-ans-1536x1152.jpg 1536w, https:\/\/wp.unil.ch\/tourismeetdeveloppement\/files\/2019\/11\/Gala-soire\u0301e-10-ans.jpg 1600w\" sizes=\"auto, (max-width: 422px) 100vw, 422px\" \/><\/p>\n<p><em>Source photos : L\u00e9a Canevet<\/em><\/p>\n","protected":false},"excerpt":{"rendered":"<p>&nbsp; Le dernier jour de travail pour les \u00e9tudiants se passe \u00e0 l\u2019Universit\u00e9 de Cape Coast. Les groupes travaillent chacun de leur c\u00f4t\u00e9 sur leurs donn\u00e9es, commencent \u00e0 d\u00e9gager les premi\u00e8res tendances et commencent l\u2019analyse globale. Ils doivent faire une courte pr\u00e9sentation de leur travail en d\u00e9but d\u2019apr\u00e8s-midi devant tous les groupes et des coll\u00e8gues &hellip; <\/p>\n<p class=\"link-more\"><a href=\"https:\/\/wp.unil.ch\/tourismeetdeveloppement\/2019\/11\/jour-5-presentations-des-travaux-de-groupe\/\" class=\"more-link\">Continuer la lecture<span class=\"screen-reader-text\"> de &laquo;&nbsp;Jour 5 &#8211; Pr\u00e9sentations des travaux de groupe&nbsp;&raquo;<\/span><\/a><\/p>\n","protected":false},"author":1002008,"featured_media":409,"comment_status":"closed","ping_status":"closed","sticky":false,"template":"","format":"standard","meta":{"_seopress_robots_primary_cat":"","_seopress_titles_title":"","_seopress_titles_desc":"","_seopress_robots_index":"","footnotes":""},"categories":[57],"tags":[6,5],"class_list":{"0":"post-395","1":"post","2":"type-post","3":"status-publish","4":"format-standard","5":"has-post-thumbnail","7":"category-jour-5-presentations-des-travaux-de-groupe","8":"tag-6","9":"tag-ghana"},"_links":{"self":[{"href":"https:\/\/wp.unil.ch\/tourismeetdeveloppement\/wp-json\/wp\/v2\/posts\/395","targetHints":{"allow":["GET"]}}],"collection":[{"href":"https:\/\/wp.unil.ch\/tourismeetdeveloppement\/wp-json\/wp\/v2\/posts"}],"about":[{"href":"https:\/\/wp.unil.ch\/tourismeetdeveloppement\/wp-json\/wp\/v2\/types\/post"}],"author":[{"embeddable":true,"href":"https:\/\/wp.unil.ch\/tourismeetdeveloppement\/wp-json\/wp\/v2\/users\/1002008"}],"replies":[{"embeddable":true,"href":"https:\/\/wp.unil.ch\/tourismeetdeveloppement\/wp-json\/wp\/v2\/comments?post=395"}],"version-history":[{"count":0,"href":"https:\/\/wp.unil.ch\/tourismeetdeveloppement\/wp-json\/wp\/v2\/posts\/395\/revisions"}],"wp:featuredmedia":[{"embeddable":true,"href":"https:\/\/wp.unil.ch\/tourismeetdeveloppement\/wp-json\/wp\/v2\/media\/409"}],"wp:attachment":[{"href":"https:\/\/wp.unil.ch\/tourismeetdeveloppement\/wp-json\/wp\/v2\/media?parent=395"}],"wp:term":[{"taxonomy":"category","embeddable":true,"href":"https:\/\/wp.unil.ch\/tourismeetdeveloppement\/wp-json\/wp\/v2\/categories?post=395"},{"taxonomy":"post_tag","embeddable":true,"href":"https:\/\/wp.unil.ch\/tourismeetdeveloppement\/wp-json\/wp\/v2\/tags?post=395"}],"curies":[{"name":"wp","href":"https:\/\/api.w.org\/{rel}","templated":true}]}}