{"id":535,"date":"2021-07-13T11:03:54","date_gmt":"2021-07-13T09:03:54","guid":{"rendered":"https:\/\/wp.unil.ch\/sportfuture\/?p=535"},"modified":"2021-07-13T11:03:54","modified_gmt":"2021-07-13T09:03:54","slug":"inscrivez-vous-des-maintenant-au-sport-future-rendez-vous-2021","status":"publish","type":"post","link":"https:\/\/wp.unil.ch\/sportfuture\/inscrivez-vous-des-maintenant-au-sport-future-rendez-vous-2021\/","title":{"rendered":"Inscrivez-vous d\u00e8s maintenant au Sport Future Rendez-Vous 2021"},"content":{"rendered":"\n<p>Le mod\u00e8le \u00e9conomique du football professionnel suisse et europ\u00e9en face \u00e0 la pand\u00e9mie du Covid-19 sera le th\u00e8me principal de Sport Future Rendez-Vous de cette ann\u00e9e, qui se tiendra physiquement (si la situation sanitaire le permet) le 29 septembre 2021 \u00e0 Lausanne. Organis\u00e9 conjointement par l&rsquo;Universit\u00e9 de Lausanne (UNIL) et ThinkSport, cet \u00e9v\u00e9nement annuel propose des discussions d&rsquo;experts sur des sujets d\u2019actualit\u00e9 dans le domaine du sport.&nbsp;<\/p>\n\n\n\n<p>Cette ann\u00e9e, le discours d&rsquo;ouverture sera prononc\u00e9 par Andrea Traverso, Directeur Viabilit\u00e9 financi\u00e8re et recherche \u00e0 l&rsquo;UEFA.<\/p>\n\n\n\n<p>La table ronde qui suivra sera anim\u00e9e par Isabelle Musy, Journaliste sportive \u00e0 la RTS, et sera consacr\u00e9e \u00e0 ce sujet :<\/p>\n\n\n\n<ul class=\"wp-block-list\"><li>Andrea Traverso, Directeur Directeur Viabilit\u00e9 financi\u00e8re et recherche \u00e0 l&rsquo;UEFA.<\/li><li>Pascal Besnard, Pr\u00e9sident du Servette FC&nbsp;<\/li><li>J\u00e9r\u00e9my Mani\u00e8re, Responsable des op\u00e9rations de la Premi\u00e8re Ligue ASF<\/li><li>Siri Wallenius et Olivier Jarosz, Managing Partners chez Club Affairs<\/li><li>Daniel Oyon, Professeur de management \u00e0 l&rsquo;Universit\u00e9 de Lausanne<\/li><\/ul>\n\n\n\n<p><strong>Pour en savoir plus, inscrivez-vous d\u00e8s maintenant, sans frais, sur&nbsp;<a href=\"https:\/\/wp.unil.ch\/sportfuture\/\" target=\"_blank\" rel=\"noreferrer noopener\">www.sportfuture.ch<\/a>. Les places sont limit\u00e9es !<\/strong><\/p>\n\n\n\n<p>La conf\u00e9rence et les d\u00e9bats se d\u00e9rouleront en fran\u00e7ais. Il sera possible de poser des questions en anglais.<\/p>\n\n\n\n<p>Pour t\u00e9l\u00e9charger le flyer,&nbsp;<a href=\"https:\/\/wp.unil.ch\/sportfuture\/files\/2021\/07\/2_Flyers_SFRV_2021.pdf\" target=\"_blank\" rel=\"noreferrer noopener\">cliquez ici<\/a>.<\/p>\n","protected":false},"excerpt":{"rendered":"<p>Le mod\u00e8le \u00e9conomique du football professionnel suisse et europ\u00e9en face \u00e0 la pand\u00e9mie du Covid-19 sera le th\u00e8me principal de Sport Future Rendez-Vous de cette ann\u00e9e, qui se&hellip;<\/p>\n","protected":false},"author":1002116,"featured_media":536,"comment_status":"closed","ping_status":"closed","sticky":false,"template":"","format":"standard","meta":{"_seopress_robots_primary_cat":"","_seopress_titles_title":"","_seopress_titles_desc":"","_seopress_robots_index":"","footnotes":""},"categories":[1],"tags":[],"class_list":{"0":"post-535","1":"post","2":"type-post","3":"status-publish","4":"format-standard","5":"has-post-thumbnail","7":"category-uncategorized"},"_links":{"self":[{"href":"https:\/\/wp.unil.ch\/sportfuture\/wp-json\/wp\/v2\/posts\/535","targetHints":{"allow":["GET"]}}],"collection":[{"href":"https:\/\/wp.unil.ch\/sportfuture\/wp-json\/wp\/v2\/posts"}],"about":[{"href":"https:\/\/wp.unil.ch\/sportfuture\/wp-json\/wp\/v2\/types\/post"}],"author":[{"embeddable":true,"href":"https:\/\/wp.unil.ch\/sportfuture\/wp-json\/wp\/v2\/users\/1002116"}],"replies":[{"embeddable":true,"href":"https:\/\/wp.unil.ch\/sportfuture\/wp-json\/wp\/v2\/comments?post=535"}],"version-history":[{"count":0,"href":"https:\/\/wp.unil.ch\/sportfuture\/wp-json\/wp\/v2\/posts\/535\/revisions"}],"wp:featuredmedia":[{"embeddable":true,"href":"https:\/\/wp.unil.ch\/sportfuture\/wp-json\/wp\/v2\/media\/536"}],"wp:attachment":[{"href":"https:\/\/wp.unil.ch\/sportfuture\/wp-json\/wp\/v2\/media?parent=535"}],"wp:term":[{"taxonomy":"category","embeddable":true,"href":"https:\/\/wp.unil.ch\/sportfuture\/wp-json\/wp\/v2\/categories?post=535"},{"taxonomy":"post_tag","embeddable":true,"href":"https:\/\/wp.unil.ch\/sportfuture\/wp-json\/wp\/v2\/tags?post=535"}],"curies":[{"name":"wp","href":"https:\/\/api.w.org\/{rel}","templated":true}]}}