{"id":178,"date":"2018-04-27T11:16:00","date_gmt":"2018-04-27T09:16:00","guid":{"rendered":"http:\/\/wp.unil.ch\/societenature\/?p=178"},"modified":"2018-09-27T12:33:17","modified_gmt":"2018-09-27T10:33:17","slug":"une-recherche-environnementale-engagee","status":"publish","type":"post","link":"https:\/\/wp.unil.ch\/societenature\/2018\/04\/une-recherche-environnementale-engagee\/","title":{"rendered":"Une recherche environnementale engag\u00e9e ?"},"content":{"rendered":"<h3>27 avril 2018 de 9h30 \u00e0 16h30 &#8211; G\u00e9opolis 2122<\/h3>\n<p>En se concentrant sur les modifications anthropiques et naturelles de notre plan\u00e8te &#8211; r\u00e9chauffement climatique, \u00e9puisement des ressources, pollution des sols et des eaux, pauvret\u00e9, \u00e9talement urbain ou encore le recul des glaciers, etc. &#8211; les recherches men\u00e9es \u00e0 la FGSE sont au c\u0153ur des enjeux soci\u00e9taux actuels. Aussi, Il n\u2019est gu\u00e8re \u00e9tonnant que les chercheurs de la Facult\u00e9 soient fr\u00e9quemment mobilis\u00e9s en tant qu\u2019experts ou interviennent de leur propre chef dans le d\u00e9bat public. Certains sont cependant plus engag\u00e9s que d\u2019autres.<!--more--><\/p>\n<p>Ces interventions ou non interventions interrogent le r\u00f4le social du chercheur et son engagement dans la cit\u00e9. En quoi la responsabilit\u00e9 du chercheur peut-elle \u00eatre d\u2019intervenir ou au contraire de ne pas intervenir dans le d\u00e9bat public ? Quel est le but de cet engagement : informer, faire comprendre ou bien d\u00e9noncer ?<\/p>\n<p>Dans le cadre de la FGSE, on peut plus sp\u00e9cifiquement se demander si, en fonction de la discipline des chercheurs, l\u2019engagement est plus ou moins prononc\u00e9 ou s\u2019il prend des formes diff\u00e9rentes. L\u2019engagement du chercheur serait-il particuli\u00e8rement pr\u00e9sent dans les sciences humaines et sociales alors que les sciences exactes ou exp\u00e9rimentales seraient plus enclines \u00e0 s\u2019extraire du monde social ?<\/p>\n<p>L\u2019objectif de cette journ\u00e9e est ainsi de faire dialoguer les diff\u00e9rentes disciplines de la FGSE sur le r\u00f4le social du chercheur et de discuter de la place accord\u00e9e par chacun \u00e0 une recherche engag\u00e9e ou militante.<\/p>\n<p>Le pari sp\u00e9cifique de plateforme soci\u00e9t\u00e9 nature est que la communaut\u00e9 des chercheurs de la FGSE peut gagner \u00e0 r\u00e9fl\u00e9chir collectivement \u00e0 la question de l\u2019engagement. Les chercheurs de la FGSE seront invit\u00e9s \u00e0 venir t\u00e9moigner de leur propre engagement ou faire un \u00e9tat des lieux de l\u2019engagement dans leur propre discipline.<\/p>\n<p>Comme fil rouge \u00e0 cette journ\u00e9e, il a \u00e9t\u00e9 demand\u00e9 \u00e0 tous les intervenants de r\u00e9fl\u00e9chir \u00e0 quatre entr\u00e9es et questionnements relatifs \u00e0 l\u2019engagement dans la recherche :<\/p>\n<ol>\n<li><strong>La forme de l\u2019engagement<\/strong><br \/>\nComment d\u00e9finir l\u2019engagement du chercheur ?<br \/>\nComment le chercheur d\u00e9finit son engagement ?<\/li>\n<li><strong>Le temps de l\u2019engagement<\/strong><br \/>\nComment, au cours de la carri\u00e8re scientifique, l\u2019engagement est-il n\u00e9 ?<br \/>\nComment a-t-il \u00e9volu\u00e9 ?<\/li>\n<li><strong>Le lieu de l\u2019engagement<\/strong><br \/>\nDans quels contextes institutionnels, politiques et m\u00eame culturels se situe cet engagement ?<\/li>\n<li><strong>Le th\u00e8me\/la discipline de l\u2019engagement<\/strong><br \/>\nEn quoi votre discipline constitue-t-elle un champ propice \u00e0 l\u2019engagement ?<\/li>\n<\/ol>\n<h3>Programme<\/h3>\n<p><strong>Introduction<\/strong><br \/>\nJo\u00eblle Salomon Cavin, IGD<\/p>\n<p><strong>Changements climatiques : entre information et d\u00e9sinformation<\/strong><br \/>\nMartine Rebetez, UNINE &amp; WSL<\/p>\n<p><strong>Recherche et engagement \u00e0 la FGSE<\/strong><br \/>\n<div class=\"su-spoiler su-spoiler-style-default su-spoiler-icon-plus su-spoiler-closed\" data-scroll-offset=\"0\" data-anchor-in-url=\"no\"><div class=\"su-spoiler-title\" tabindex=\"0\" role=\"button\"><span class=\"su-spoiler-icon\"><\/span>Nathalie Ch\u00e8vre, IDYST<\/div><div class=\"su-spoiler-content su-u-clearfix su-u-trim\">\n<div style=\"width: 640px;\" class=\"wp-video\"><video class=\"wp-video-shortcode\" id=\"video-178-1\" width=\"640\" height=\"360\" poster=\"https:\/\/av.unil.ch\/hva\/3393\/2-nathalie-chevre.png\" controls=\"controls\"><source type=\"video\/mp4\" src=\"https:\/\/av.unil.ch\/hva\/3393\/2-nathalie-chevre.mp4?_=1\" \/><source type=\"video\/webm\" src=\"https:\/\/av.unil.ch\/hva\/3393\/2-nathalie-chevre.webm?_=1\" \/><a href=\"https:\/\/av.unil.ch\/hva\/3393\/2-nathalie-chevre.mp4\">https:\/\/av.unil.ch\/hva\/3393\/2-nathalie-chevre.mp4<\/a><\/video><\/div>\n<\/div><\/div>\n<div class=\"su-spoiler su-spoiler-style-default su-spoiler-icon-plus su-spoiler-closed\" data-scroll-offset=\"0\" data-anchor-in-url=\"no\"><div class=\"su-spoiler-title\" tabindex=\"0\" role=\"button\"><span class=\"su-spoiler-icon\"><\/span>Stuart Lane, IDYST<\/div><div class=\"su-spoiler-content su-u-clearfix su-u-trim\">\n<div style=\"width: 640px;\" class=\"wp-video\"><video class=\"wp-video-shortcode\" id=\"video-178-2\" width=\"640\" height=\"360\" poster=\"https:\/\/av.unil.ch\/hva\/3393\/4-stuart-lane.png\" controls=\"controls\"><source type=\"video\/mp4\" src=\"https:\/\/av.unil.ch\/hva\/3393\/4-stuart-lane.mp4?_=2\" \/><source type=\"video\/webm\" src=\"https:\/\/av.unil.ch\/hva\/3393\/4-stuart-lane.webm?_=2\" \/><a href=\"https:\/\/av.unil.ch\/hva\/3393\/4-stuart-lane.mp4\">https:\/\/av.unil.ch\/hva\/3393\/4-stuart-lane.mp4<\/a><\/video><\/div>\n<\/div><\/div>\nMichel Jaboyedoff, ISTE<br \/>\nCaroline Lejeune, IGD<\/p>\n<p><strong>La place de l\u2019engagement durant la th\u00e8se<\/strong><br \/>\n<div class=\"su-spoiler su-spoiler-style-default su-spoiler-icon-plus su-spoiler-closed\" data-scroll-offset=\"0\" data-anchor-in-url=\"no\"><div class=\"su-spoiler-title\" tabindex=\"0\" role=\"button\"><span class=\"su-spoiler-icon\"><\/span>Introduction - Simone Ranocchiari, IGD<\/div><div class=\"su-spoiler-content su-u-clearfix su-u-trim\">\n<div style=\"width: 640px;\" class=\"wp-video\"><video class=\"wp-video-shortcode\" id=\"video-178-3\" width=\"640\" height=\"360\" poster=\"https:\/\/av.unil.ch\/hva\/3393\/simone-ranocchiari.png\" controls=\"controls\"><source type=\"video\/mp4\" src=\"https:\/\/av.unil.ch\/hva\/3393\/simone-ranocchiari.mp4?_=3\" \/><source type=\"video\/webm\" src=\"https:\/\/av.unil.ch\/hva\/3393\/simone-ranocchiari.webm?_=3\" \/><a href=\"https:\/\/av.unil.ch\/hva\/3393\/simone-ranocchiari.mp4\">https:\/\/av.unil.ch\/hva\/3393\/simone-ranocchiari.mp4<\/a><\/video><\/div>\n<\/div><\/div>\n<div class=\"su-spoiler su-spoiler-style-default su-spoiler-icon-plus su-spoiler-closed\" data-scroll-offset=\"0\" data-anchor-in-url=\"no\"><div class=\"su-spoiler-title\" tabindex=\"0\" role=\"button\"><span class=\"su-spoiler-icon\"><\/span>Le\u00efla Chakroun, IGD<\/div><div class=\"su-spoiler-content su-u-clearfix su-u-trim\">\n<div style=\"width: 640px;\" class=\"wp-video\"><video class=\"wp-video-shortcode\" id=\"video-178-4\" width=\"640\" height=\"360\" poster=\"https:\/\/av.unil.ch\/hva\/3393\/leila-chakroun.png\" controls=\"controls\"><source type=\"video\/mp4\" src=\"https:\/\/av.unil.ch\/hva\/3393\/leila-chakroun.mp4?_=4\" \/><source type=\"video\/webm\" src=\"https:\/\/av.unil.ch\/hva\/3393\/leila-chakroun.webm?_=4\" \/><a href=\"https:\/\/av.unil.ch\/hva\/3393\/leila-chakroun.mp4\">https:\/\/av.unil.ch\/hva\/3393\/leila-chakroun.mp4<\/a><\/video><\/div>\n<\/div><\/div>\nH\u00e9l\u00e8ne Bougouin, IGD<br \/>\nGabriel Cotte, IDYST<br \/>\nBenjamin Rudaz, ISTE<\/p>\n","protected":false},"excerpt":{"rendered":"<p>27 avril 2018 de 9h30 \u00e0 16h30 &#8211; G\u00e9opolis 2122 En se concentrant sur les modifications anthropiques et naturelles de notre plan\u00e8te &#8211; r\u00e9chauffement climatique, \u00e9puisement des ressources, pollution des &hellip; <\/p>\n","protected":false},"author":1001017,"featured_media":185,"comment_status":"closed","ping_status":"closed","sticky":false,"template":"","format":"standard","meta":{"_seopress_robots_primary_cat":"","_seopress_titles_title":"","_seopress_titles_desc":"","_seopress_robots_index":"","footnotes":""},"categories":[1],"tags":[],"class_list":{"0":"post-178","1":"post","2":"type-post","3":"status-publish","4":"format-standard","5":"has-post-thumbnail","7":"category-evenements-passes"},"_links":{"self":[{"href":"https:\/\/wp.unil.ch\/societenature\/wp-json\/wp\/v2\/posts\/178","targetHints":{"allow":["GET"]}}],"collection":[{"href":"https:\/\/wp.unil.ch\/societenature\/wp-json\/wp\/v2\/posts"}],"about":[{"href":"https:\/\/wp.unil.ch\/societenature\/wp-json\/wp\/v2\/types\/post"}],"author":[{"embeddable":true,"href":"https:\/\/wp.unil.ch\/societenature\/wp-json\/wp\/v2\/users\/1001017"}],"replies":[{"embeddable":true,"href":"https:\/\/wp.unil.ch\/societenature\/wp-json\/wp\/v2\/comments?post=178"}],"version-history":[{"count":0,"href":"https:\/\/wp.unil.ch\/societenature\/wp-json\/wp\/v2\/posts\/178\/revisions"}],"wp:featuredmedia":[{"embeddable":true,"href":"https:\/\/wp.unil.ch\/societenature\/wp-json\/wp\/v2\/media\/185"}],"wp:attachment":[{"href":"https:\/\/wp.unil.ch\/societenature\/wp-json\/wp\/v2\/media?parent=178"}],"wp:term":[{"taxonomy":"category","embeddable":true,"href":"https:\/\/wp.unil.ch\/societenature\/wp-json\/wp\/v2\/categories?post=178"},{"taxonomy":"post_tag","embeddable":true,"href":"https:\/\/wp.unil.ch\/societenature\/wp-json\/wp\/v2\/tags?post=178"}],"curies":[{"name":"wp","href":"https:\/\/api.w.org\/{rel}","templated":true}]}}