{"id":3130,"date":"2015-03-21T11:50:39","date_gmt":"2015-03-21T10:50:39","guid":{"rendered":"http:\/\/wp.unil.ch\/rarissima\/?p=3130"},"modified":"2018-04-12T10:29:37","modified_gmt":"2018-04-12T08:29:37","slug":"marie-tavera-au-rebord-du-froid","status":"publish","type":"post","link":"https:\/\/wp.unil.ch\/rarissima\/marie-tavera-au-rebord-du-froid\/","title":{"rendered":"Marie Tavera : Au rebord du froid"},"content":{"rendered":"<div class=\"su-row\"><div class=\"su-column su-column-size-1-2\"><div class=\"su-column-inner su-u-clearfix su-u-trim\"><strong> Marie Tavera, <em>Au rebord du froid o\u00f9 s&rsquo;avale<\/em>, [Gen\u00e8ve] : [Marie Tavera], 2013<\/strong><br \/>\nOBLB 663<\/p>\n<p>Livre d&rsquo;artiste unique r\u00e9alis\u00e9 avec la complicit\u00e9 de l&rsquo;Association GE Grave (monotypes avec rehauts, lettrage r\u00e9alis\u00e9 par transfert manuel \u00e0 l&rsquo;ac\u00e9tone).<\/p>\n<p>D\u00e9couverte lors de l&rsquo;\u00e9dition 2013 de la triennale <em>Tirage limit\u00e9<\/em> \u00e0 Lausanne, Marie Tavera, pratique le dessin et l&rsquo;\u00e9criture avec un m\u00eame bonheur.<\/p>\n<p><em>Dans ma pratique picturale comme dans ma po\u00e9sie, je cherche une focale qui dise \u00e0 la fois l&rsquo;adossement au tangible et son affranchissement: le lieu qui vient, qui est per\u00e7u, qui \u00e9chappe. Peut-\u00eatre \u00e0 cause de mon regard de myope, peut-\u00eatre parce que le vivant est d\u00e9j\u00e0 forc\u00e9ment ailleurs, hors de sa trace, dans le mouvement et la texture.<\/em><\/div><\/div>\n<div class=\"su-column su-column-size-1-2\"><div class=\"su-column-inner su-u-clearfix su-u-trim\"><a href=\"https:\/\/wp.unil.ch\/rarissima\/files\/2015\/03\/BCUL_OBLB_663.jpg\"><img alt=\"\" decoding=\"async\" class=\"wp-image-124 alignright\" src=\"https:\/\/wp.unil.ch\/rarissima\/files\/2015\/03\/BCUL_OBLB_663.jpg\" alt=\"\" width=\"100%\" \/><\/a><\/em><\/div><\/div><\/div>\n","protected":false},"excerpt":{"rendered":"","protected":false},"author":568,"featured_media":0,"comment_status":"closed","ping_status":"closed","sticky":false,"template":"","format":"standard","meta":{"_seopress_robots_primary_cat":"","_seopress_titles_title":"","_seopress_titles_desc":"","_seopress_robots_index":"","footnotes":""},"categories":[37246,37237,37240,37260,37261],"tags":[],"class_list":{"0":"post-3130","1":"post","2":"type-post","3":"status-publish","4":"format-standard","6":"category-2011-2014","7":"category-livres-dartiste-2014","8":"category-livres-dartiste-romands-2014","9":"category-livres-dartistes","10":"category-livres-dartistes-romands"},"_links":{"self":[{"href":"https:\/\/wp.unil.ch\/rarissima\/wp-json\/wp\/v2\/posts\/3130","targetHints":{"allow":["GET"]}}],"collection":[{"href":"https:\/\/wp.unil.ch\/rarissima\/wp-json\/wp\/v2\/posts"}],"about":[{"href":"https:\/\/wp.unil.ch\/rarissima\/wp-json\/wp\/v2\/types\/post"}],"author":[{"embeddable":true,"href":"https:\/\/wp.unil.ch\/rarissima\/wp-json\/wp\/v2\/users\/568"}],"replies":[{"embeddable":true,"href":"https:\/\/wp.unil.ch\/rarissima\/wp-json\/wp\/v2\/comments?post=3130"}],"version-history":[{"count":0,"href":"https:\/\/wp.unil.ch\/rarissima\/wp-json\/wp\/v2\/posts\/3130\/revisions"}],"wp:attachment":[{"href":"https:\/\/wp.unil.ch\/rarissima\/wp-json\/wp\/v2\/media?parent=3130"}],"wp:term":[{"taxonomy":"category","embeddable":true,"href":"https:\/\/wp.unil.ch\/rarissima\/wp-json\/wp\/v2\/categories?post=3130"},{"taxonomy":"post_tag","embeddable":true,"href":"https:\/\/wp.unil.ch\/rarissima\/wp-json\/wp\/v2\/tags?post=3130"}],"curies":[{"name":"wp","href":"https:\/\/api.w.org\/{rel}","templated":true}]}}