{"id":2893,"date":"2015-03-20T11:13:34","date_gmt":"2015-03-20T10:13:34","guid":{"rendered":"http:\/\/wp.unil.ch\/rarissima\/?p=2893"},"modified":"2018-04-16T14:22:57","modified_gmt":"2018-04-16T12:22:57","slug":"fonds-gerhard-holzer","status":"publish","type":"post","link":"https:\/\/wp.unil.ch\/rarissima\/fonds-gerhard-holzer\/","title":{"rendered":"Fonds Gerhard Holzer"},"content":{"rendered":"<p><strong>\u00ab Mikrokontrapunkte \u00bb. Partition autographe de Gerhard Holzer, Tovo di Villa Faraldi, 10 avril 1973, 46 p.<\/strong><br \/>\nArchives musicales non cot\u00e9<\/p>\n<p>Audacieuse et novatrice, l\u2019\u00e9criture de Gerhard Holzer d\u00e9montre \u00e0 la fois la solide formation et la grande exp\u00e9rience de son auteur. Cet artiste touche-\u00e0-tout \u2013 hormis la composition, il s\u2019est consacr\u00e9 \u00e0 la peinture, la sculpture, et la performance \u2013 est n\u00e9 en 1932 \u00e0 Buenos Aires et d\u00e9c\u00e9d\u00e9 en 2006 \u00e0 Berne. Son \u0153uvre musical comprend une cinquantaine de compositions dont une grande partie \u00e9dit\u00e9e par les Editions Peters \u00e0 Francfort.<\/p>\n<p><a href=\"https:\/\/wp.unil.ch\/rarissima\/files\/2015\/03\/BCUL_Holzer_Gerhard.jpg\"><img alt=\"\" decoding=\"async\" class=\"wp-image-124 alignright\" src=\"https:\/\/wp.unil.ch\/rarissima\/files\/2015\/03\/BCUL_Holzer_Gerhard.jpg\" alt=\"\" width=\"100%\" \/><\/a><\/p>\n","protected":false},"excerpt":{"rendered":"<p>\u00ab Mikrokontrapunkte \u00bb. Partition autographe de Gerhard Holzer, Tovo di Villa Faraldi, 10 avril 1973, 46 p. Archives musicales non cot\u00e9 Audacieuse et novatrice, l\u2019\u00e9criture de Gerhard Holzer d\u00e9montre \u00e0 la fois la solide formation et la grande exp\u00e9rience de<\/p>\n","protected":false},"author":568,"featured_media":0,"comment_status":"closed","ping_status":"closed","sticky":false,"template":"","format":"standard","meta":{"_seopress_robots_primary_cat":"","_seopress_titles_title":"","_seopress_titles_desc":"","_seopress_robots_index":"","footnotes":""},"categories":[37263,37253,37246],"tags":[],"class_list":{"0":"post-2893","1":"post","2":"type-post","3":"status-publish","4":"format-standard","6":"category-archives-musicales","7":"category-archives-musicales-2014","8":"category-2011-2014"},"_links":{"self":[{"href":"https:\/\/wp.unil.ch\/rarissima\/wp-json\/wp\/v2\/posts\/2893","targetHints":{"allow":["GET"]}}],"collection":[{"href":"https:\/\/wp.unil.ch\/rarissima\/wp-json\/wp\/v2\/posts"}],"about":[{"href":"https:\/\/wp.unil.ch\/rarissima\/wp-json\/wp\/v2\/types\/post"}],"author":[{"embeddable":true,"href":"https:\/\/wp.unil.ch\/rarissima\/wp-json\/wp\/v2\/users\/568"}],"replies":[{"embeddable":true,"href":"https:\/\/wp.unil.ch\/rarissima\/wp-json\/wp\/v2\/comments?post=2893"}],"version-history":[{"count":0,"href":"https:\/\/wp.unil.ch\/rarissima\/wp-json\/wp\/v2\/posts\/2893\/revisions"}],"wp:attachment":[{"href":"https:\/\/wp.unil.ch\/rarissima\/wp-json\/wp\/v2\/media?parent=2893"}],"wp:term":[{"taxonomy":"category","embeddable":true,"href":"https:\/\/wp.unil.ch\/rarissima\/wp-json\/wp\/v2\/categories?post=2893"},{"taxonomy":"post_tag","embeddable":true,"href":"https:\/\/wp.unil.ch\/rarissima\/wp-json\/wp\/v2\/tags?post=2893"}],"curies":[{"name":"wp","href":"https:\/\/api.w.org\/{rel}","templated":true}]}}