{"id":2384,"date":"2026-04-23T18:00:07","date_gmt":"2026-04-23T16:00:07","guid":{"rendered":"https:\/\/wp.unil.ch\/outofthebox\/?p=2384"},"modified":"2026-04-23T18:00:07","modified_gmt":"2026-04-23T16:00:07","slug":"closet-adaptation-scenique-en-musique-des-recits-collectes","status":"publish","type":"post","link":"https:\/\/wp.unil.ch\/outofthebox\/closet-adaptation-scenique-en-musique-des-recits-collectes\/","title":{"rendered":"CLOSE(T)\u00a0: adaptation sc\u00e9nique en musique des r\u00e9cits collect\u00e9s"},"content":{"rendered":"\n<div class=\"wp-block-group alignwide\"><div class=\"wp-block-group__inner-container is-layout-constrained wp-block-group-is-layout-constrained\">\n<p>En 2023,&nbsp;le Dicast\u00e8re&nbsp;<em>Egalit\u00e9, diversit\u00e9 et carri\u00e8res<\/em>&nbsp;de l\u2019UNIL&nbsp;lan\u00e7ait&nbsp;<strong>OUT OF THE BOX<\/strong>, un dispositif itin\u00e9rant qui a permis de recueillir des t\u00e9moignages sur les r\u00e9alit\u00e9s&nbsp;<strong>LGBTIQ<\/strong>&nbsp;au sein de la communaut\u00e9 universitaire.&nbsp;Ce projet a ensuite voyag\u00e9 en Ville de Lausanne, \u00e0 l\u2019Universit\u00e9 de Fribourg et \u00e0 l\u2019Universit\u00e9 de Neuch\u00e2tel. Il a \u00e9t\u00e9 r\u00e9compens\u00e9 par le&nbsp;Prix de la communication inclusive 2024&nbsp;de d\u00e9cadr\u00e9E.<\/p>\n\n\n\n<p>Aujourd\u2019hui, gr\u00e2ce \u00e0 un partenariat entre l&rsquo;UNIL et la Politique LGBTIQ+ de la Ville de Lausanne, ces r\u00e9cits prennent vie dans une&nbsp;lecture-performance musicale&nbsp;port\u00e9e par les com\u00e9dien\u00b7nes professionnel\u00b7les&nbsp;<strong>Am\u00e9lie Ch\u00e9rubin Souli\u00e8res<\/strong>&nbsp;et&nbsp;<strong>Olivier Havran<\/strong>, avec la participation exceptionnelle de l\u2019autrice-compositrice-interpr\u00e8te&nbsp;<strong>Billie Bird<\/strong>.<\/p>\n\n\n\n<p>La premi\u00e8re aura lieu le jeudi&nbsp;<strong>7 mai 2026 au Nucl\u00e9o<\/strong>&nbsp;(Vortex, UNIL-Sorge)&nbsp;<strong>d\u00e8s 18h30<\/strong>&nbsp;(entr\u00e9e libre, mais inscription obligatoire sur&nbsp;events.unil.ch). Le spectacle sera suivi d\u2019un bord sc\u00e8ne avec les artistes, anim\u00e9 par la D\u00e9l\u00e9gu\u00e9e cantonale aux questions d\u2019homophobie et de transphobie dans les lieux de formation Dre Caroline Dayer.&nbsp;<\/p>\n\n\n\n<p><em>CLOSE(T)<\/em>&nbsp;tournera ensuite \u00e0 La Chaux-de-Fonds, Lausanne et Fribourg.<\/p>\n\n\n\n<p>Cinq soir\u00e9es pour&nbsp;changer nos regards&nbsp;et bousculer les clich\u00e9s&nbsp;!<\/p>\n<\/div><\/div>\n\n\n\n<p><\/p>\n","protected":false},"excerpt":{"rendered":"<p>En 2023,&nbsp;le Dicast\u00e8re&nbsp;Egalit\u00e9, diversit\u00e9 et carri\u00e8res&nbsp;de l\u2019UNIL&nbsp;lan\u00e7ait&nbsp;OUT OF THE BOX, un dispositif itin\u00e9rant qui a permis de recueillir des t\u00e9moignages sur les r\u00e9alit\u00e9s&nbsp;LGBTIQ&nbsp;au sein de la communaut\u00e9 universitaire.&nbsp;Ce&hellip;<\/p>\n","protected":false},"author":1002678,"featured_media":2386,"comment_status":"closed","ping_status":"closed","sticky":false,"template":"","format":"standard","meta":{"_seopress_robots_primary_cat":"","_seopress_titles_title":"","_seopress_titles_desc":"","_seopress_robots_index":"","footnotes":""},"categories":[1],"tags":[],"class_list":{"0":"post-2384","1":"post","2":"type-post","3":"status-publish","4":"format-standard","5":"has-post-thumbnail","7":"category-uncategorized"},"publishpress_future_action":{"enabled":false,"date":"2026-05-07 01:11:55","action":"change-status","newStatus":"draft","terms":[],"taxonomy":"category","extraData":[]},"publishpress_future_workflow_manual_trigger":{"enabledWorkflows":[]},"_links":{"self":[{"href":"https:\/\/wp.unil.ch\/outofthebox\/wp-json\/wp\/v2\/posts\/2384","targetHints":{"allow":["GET"]}}],"collection":[{"href":"https:\/\/wp.unil.ch\/outofthebox\/wp-json\/wp\/v2\/posts"}],"about":[{"href":"https:\/\/wp.unil.ch\/outofthebox\/wp-json\/wp\/v2\/types\/post"}],"author":[{"embeddable":true,"href":"https:\/\/wp.unil.ch\/outofthebox\/wp-json\/wp\/v2\/users\/1002678"}],"replies":[{"embeddable":true,"href":"https:\/\/wp.unil.ch\/outofthebox\/wp-json\/wp\/v2\/comments?post=2384"}],"version-history":[{"count":1,"href":"https:\/\/wp.unil.ch\/outofthebox\/wp-json\/wp\/v2\/posts\/2384\/revisions"}],"predecessor-version":[{"id":2387,"href":"https:\/\/wp.unil.ch\/outofthebox\/wp-json\/wp\/v2\/posts\/2384\/revisions\/2387"}],"wp:featuredmedia":[{"embeddable":true,"href":"https:\/\/wp.unil.ch\/outofthebox\/wp-json\/wp\/v2\/media\/2386"}],"wp:attachment":[{"href":"https:\/\/wp.unil.ch\/outofthebox\/wp-json\/wp\/v2\/media?parent=2384"}],"wp:term":[{"taxonomy":"category","embeddable":true,"href":"https:\/\/wp.unil.ch\/outofthebox\/wp-json\/wp\/v2\/categories?post=2384"},{"taxonomy":"post_tag","embeddable":true,"href":"https:\/\/wp.unil.ch\/outofthebox\/wp-json\/wp\/v2\/tags?post=2384"}],"curies":[{"name":"wp","href":"https:\/\/api.w.org\/{rel}","templated":true}]}}