{"id":2214,"date":"2024-06-14T10:52:56","date_gmt":"2024-06-14T08:52:56","guid":{"rendered":"https:\/\/wp.unil.ch\/newsci\/?p=2214"},"modified":"2024-09-27T08:34:15","modified_gmt":"2024-09-27T06:34:15","slug":"lunil-va-offrir-la-suite-daffinity-a-toute-sa-communaute-a-la-place-de-la-creative-cloud-dadobe","status":"publish","type":"post","link":"https:\/\/wp.unil.ch\/newsci\/lunil-va-offrir-la-suite-daffinity-a-toute-sa-communaute-a-la-place-de-la-creative-cloud-dadobe\/","title":{"rendered":"L\u2019UNIL va offrir la suite d\u2019Affinity \u00e0 toute sa communaut\u00e9 \u00e0 la place de la Creative Cloud d\u2019Adobe"},"content":{"rendered":"\n<h2 class=\"wp-block-heading\">Pourquoi l\u2019UNIL ne va plus distribuer gratuitement la Creative cloud \u00e0 sa communaut\u00e9, mais continuer \u00e0 offrir Acrobat Pro<\/h2>\n\n\n\n<div class=\"wp-block-columns is-layout-flex wp-container-core-columns-is-layout-9d6595d7 wp-block-columns-is-layout-flex\">\n<div class=\"wp-block-column is-layout-flow wp-block-column-is-layout-flow\" style=\"flex-basis:66.66%\">\n<p>Depuis 2013 et le passage \u00e0 des licences par abonnement d\u00e9cid\u00e9 par l&rsquo;\u00e9diteur, le Ci a pu proposer \u00e0 sa communaut\u00e9 au b\u00e9n\u00e9fice d\u2019un contrat de travail tous les logiciels compris dans la <em>Creative Cloud<\/em>, la suite d\u2019Adobe qui fait r\u00e9f\u00e9rence dans le domaine de la cr\u00e9ation et de l\u2019\u00e9dition num\u00e9rique (<em>Photoshop<\/em>, <em>InDesign<\/em>, <em>Illustrator<\/em>, <em>Acrobat<\/em> <em>Pro<\/em>\u2026). L\u2019UNIL a offert cet abonnement depuis ao\u00fbt 2018, ces logiciels \u00e9taient payants avant. Le prix a \u00e9t\u00e9 jusqu\u2019ici suffisamment raisonnable pour que l\u2019UNIL puisse payer une licence de site et proposer ainsi cette suite de logiciels \u00e0 son personnel sur le mode le plus simple possible&nbsp;: installer le kiosque d\u2019Adobe et t\u00e9l\u00e9charger toutes les applications souhait\u00e9es.<\/p>\n<\/div>\n\n\n\n<div class=\"wp-block-column is-layout-flow wp-block-column-is-layout-flow\" style=\"flex-basis:33.33%\">\n<div class=\"wp-block-group has-light-green-cyan-to-vivid-green-cyan-gradient-background has-background\"><div class=\"wp-block-group__inner-container is-layout-constrained wp-block-group-is-layout-constrained\">\n<p>La suite Affinity est d\u00e8s \u00e0 pr\u00e9sent disponible sur notre portail de distribution de logiciel !<\/p>\n\n\n\n<div class=\"wp-block-buttons is-layout-flex wp-block-buttons-is-layout-flex\">\n<div class=\"wp-block-button\"><a class=\"wp-block-button__link wp-element-button\" href=\"https:\/\/www.unil.ch\/ci\/fr\/home\/menuinst\/catalogue-de-services\/materiel-et-logiciel\/distribution-de-logiciels\/acceder-au-service.html\" target=\"_blank\" rel=\"noreferrer noopener\">Commander la suite Affinity<\/a><\/div>\n<\/div>\n<\/div><\/div>\n<\/div>\n<\/div>\n\n\n\n<p>D\u00e8s septembre 2024, la situation va malheureusement changer. Les nouveaux tarifs ne sont plus compatibles avec cette politique. Seul Adobe Acrobat Pro, le couteau suisse du PDF, sera encore distribu\u00e9 sur le mode de la licence de site, car il est massivement utilis\u00e9 pour de la bureautique de base, au m\u00eame titre que Microsoft 365. Les autres logiciels de la suite ne r\u00e9pondent pas \u00e0 un besoin aussi r\u00e9pandu, mais concernent une population plus restreinte, active principalement dans la science ou la communication.<\/p>\n\n\n\n<figure class=\"wp-block-image size-large\"><img alt=\"\" loading=\"lazy\" decoding=\"async\" width=\"1024\" height=\"640\" src=\"https:\/\/wp.unil.ch\/newsci\/files\/2024\/06\/photo-2.0-selectionrefine-macbook-en-1024x640.png\" alt=\"\" class=\"wp-image-2215\" srcset=\"https:\/\/wp.unil.ch\/newsci\/files\/2024\/06\/photo-2.0-selectionrefine-macbook-en-1024x640.png 1024w, https:\/\/wp.unil.ch\/newsci\/files\/2024\/06\/photo-2.0-selectionrefine-macbook-en-300x188.png 300w, https:\/\/wp.unil.ch\/newsci\/files\/2024\/06\/photo-2.0-selectionrefine-macbook-en-354x221.png 354w, https:\/\/wp.unil.ch\/newsci\/files\/2024\/06\/photo-2.0-selectionrefine-macbook-en-768x480.png 768w, https:\/\/wp.unil.ch\/newsci\/files\/2024\/06\/photo-2.0-selectionrefine-macbook-en-1536x960.png 1536w, https:\/\/wp.unil.ch\/newsci\/files\/2024\/06\/photo-2.0-selectionrefine-macbook-en-540x338.png 540w, https:\/\/wp.unil.ch\/newsci\/files\/2024\/06\/photo-2.0-selectionrefine-macbook-en-1080x675.png 1080w, https:\/\/wp.unil.ch\/newsci\/files\/2024\/06\/photo-2.0-selectionrefine-macbook-en-1320x825.png 1320w, https:\/\/wp.unil.ch\/newsci\/files\/2024\/06\/photo-2.0-selectionrefine-macbook-en.png 1920w\" sizes=\"auto, (max-width: 1024px) 100vw, 1024px\" \/><figcaption class=\"wp-element-caption\">Photo 2, l&rsquo;\u00e9quivalent Photoshop d&rsquo;Affinity<\/figcaption><\/figure>\n\n\n\n<h2 class=\"wp-block-heading\">La suite Affinity couvre l\u2019essentiel des besoins et deviendra gratuite pour l\u2019UNIL pour faciliter la transition, \u00e9tudiants et \u00e9tudiantes compris<\/h2>\n\n\n\n<p>Les 3 principaux logiciels Adobe utilis\u00e9s \u00e0 l\u2019UNIL \u2013 hors Acrobat Pro \u2013 sont Photoshop (retouche d\u2019image), Illustrator (cr\u00e9ation graphique vectorielle) et InDesign (PAO ou Publication Assist\u00e9e par Ordinateur). Une suite concurrente est apparue en 2014, soit peu apr\u00e8s le passage d\u2019Adobe au mod\u00e8le d\u2019abonnement. En 2024 la suite Affinity comprend Photo, Designer et Publisher, soit les \u00e9quivalents de Photoshop, Illustrator et InDesign. Ces logiciels sont multiplateformes et leurs tarifs sont particuli\u00e8rement avantageux.<\/p>\n\n\n\n<p>Si la suite Affinity n\u2019offre pas le 100% des fonctionnalit\u00e9s d\u2019Adobe, elle est n\u00e9anmoins suffisamment m\u00fbre pour \u00eatre m\u00eame pr\u00e9f\u00e9r\u00e9e par une partie grandissante de la communaut\u00e9 de l\u2019\u00e9dition et du design. Pass\u00e9 une phase de d\u00e9couverte des interfaces forc\u00e9ment diff\u00e9rentes, ces logiciels s\u2019av\u00e8rent simples d\u2019emploi, performants et puissants. Affinity est capable de convertir puis d\u2019ouvrir les fichiers Adobe, votre historique n\u2019est donc pas perdu.<\/p>\n\n\n\n<p>L\u2019UNIL propose d\u00e8s maintenant \u00e0 toute sa communaut\u00e9 &#8211; \u00e9tudiants et \u00e9tudiantes compris pour leurs ordinateurs ou en salles de cours &#8211; la suite Affinity en remplacement de la suite Adobe, en licence perp\u00e9tuelle.<\/p>\n\n\n\n<p>Le Ci proposera d\u00e8s septembre <a href=\"https:\/\/courses.unil.ch\/ci\" target=\"_blank\" rel=\"noreferrer noopener\">des cours de transition<\/a> destin\u00e9s aux utilisateurs des produits Adobe souhaitant passer en douceur \u00e0 Affinity. Des cours d\u2019introduction \u00e0 Photo, Designer et Publisher seront propos\u00e9s d\u00e8s octobre. Affinity propose \u00e9galement une solide offre de <a href=\"https:\/\/affinity.serif.com\/fr\/learn\/\">e-learning<\/a> pour permettre \u00e0 tout un chacun de rapidement prendre en mains ces logiciels.<\/p>\n\n\n\n<figure class=\"wp-block-image size-large\"><img alt=\"\" loading=\"lazy\" decoding=\"async\" width=\"1024\" height=\"640\" src=\"https:\/\/wp.unil.ch\/newsci\/files\/2024\/06\/publisher-2.0-package-macbook-en-1024x640.png\" alt=\"\" class=\"wp-image-2217\" srcset=\"https:\/\/wp.unil.ch\/newsci\/files\/2024\/06\/publisher-2.0-package-macbook-en-1024x640.png 1024w, https:\/\/wp.unil.ch\/newsci\/files\/2024\/06\/publisher-2.0-package-macbook-en-300x188.png 300w, https:\/\/wp.unil.ch\/newsci\/files\/2024\/06\/publisher-2.0-package-macbook-en-354x221.png 354w, https:\/\/wp.unil.ch\/newsci\/files\/2024\/06\/publisher-2.0-package-macbook-en-768x480.png 768w, https:\/\/wp.unil.ch\/newsci\/files\/2024\/06\/publisher-2.0-package-macbook-en-1536x960.png 1536w, https:\/\/wp.unil.ch\/newsci\/files\/2024\/06\/publisher-2.0-package-macbook-en-540x338.png 540w, https:\/\/wp.unil.ch\/newsci\/files\/2024\/06\/publisher-2.0-package-macbook-en-1080x675.png 1080w, https:\/\/wp.unil.ch\/newsci\/files\/2024\/06\/publisher-2.0-package-macbook-en-1320x825.png 1320w, https:\/\/wp.unil.ch\/newsci\/files\/2024\/06\/publisher-2.0-package-macbook-en.png 1920w\" sizes=\"auto, (max-width: 1024px) 100vw, 1024px\" \/><figcaption class=\"wp-element-caption\">Publisher 2, l&rsquo;\u00e9quivalent InDesign d&rsquo;Affinity<\/figcaption><\/figure>\n\n\n\n<h2 class=\"wp-block-heading\">La Creative Cloud d\u2019Adobe sera toujours distribu\u00e9e, mais deviendra payante<\/h2>\n\n\n\n<p>La suite Affinity propose l\u2019essentiel des fonctionnalit\u00e9s de la Creative Cloud d\u2019Adobe et devrait ainsi r\u00e9pondre aux besoins de la majorit\u00e9 de la population de l\u2019UNIL, sur Mac ou Windows. Pour les pro de l\u2019\u00e9dition, de la comm\u2019, de la cr\u00e9ation ou pour les personnes qui ont un important historique de documents qu\u2019ils r\u00e9actualisent r\u00e9guli\u00e8rement \u00e0 l\u2019occasion de publications, l\u2019alternative Affinity pourrait ne pas suffire, m\u00eame si Affinity est capable d\u2019importer les fichiers Adobe. Dans ce cas il faudra <a href=\"https:\/\/www.unil.ch\/ci\/distrisoft\">passer commande<\/a> aupr\u00e8s du Ci pour obtenir la suite Creative Cloud qui inclus de nombreux logiciels suppl\u00e9mentaires comme Lightroom ou Premiere Pro. <\/p>\n\n\n\n<figure class=\"wp-block-image size-large\"><img alt=\"\" loading=\"lazy\" decoding=\"async\" width=\"1024\" height=\"640\" src=\"https:\/\/wp.unil.ch\/newsci\/files\/2024\/06\/designer-2.0-slices-macbook-en-1024x640.png\" alt=\"\" class=\"wp-image-2218\" srcset=\"https:\/\/wp.unil.ch\/newsci\/files\/2024\/06\/designer-2.0-slices-macbook-en-1024x640.png 1024w, https:\/\/wp.unil.ch\/newsci\/files\/2024\/06\/designer-2.0-slices-macbook-en-300x188.png 300w, https:\/\/wp.unil.ch\/newsci\/files\/2024\/06\/designer-2.0-slices-macbook-en-354x221.png 354w, https:\/\/wp.unil.ch\/newsci\/files\/2024\/06\/designer-2.0-slices-macbook-en-768x480.png 768w, https:\/\/wp.unil.ch\/newsci\/files\/2024\/06\/designer-2.0-slices-macbook-en-1536x960.png 1536w, https:\/\/wp.unil.ch\/newsci\/files\/2024\/06\/designer-2.0-slices-macbook-en-540x338.png 540w, https:\/\/wp.unil.ch\/newsci\/files\/2024\/06\/designer-2.0-slices-macbook-en-1080x675.png 1080w, https:\/\/wp.unil.ch\/newsci\/files\/2024\/06\/designer-2.0-slices-macbook-en-1320x825.png 1320w, https:\/\/wp.unil.ch\/newsci\/files\/2024\/06\/designer-2.0-slices-macbook-en.png 1920w\" sizes=\"auto, (max-width: 1024px) 100vw, 1024px\" \/><figcaption class=\"wp-element-caption\">Designer 2, l&rsquo;\u00e9quivalent Illustrator d&rsquo;Affinity<\/figcaption><\/figure>\n\n\n\n<h3 class=\"wp-block-heading\"><strong>En savoir plus<\/strong><\/h3>\n\n\n\n<ul class=\"wp-block-list\">\n<li>Le <a href=\"https:\/\/affinity.serif.com\/fr\/\">site d\u2019Affinity<\/a> pr\u00e9sente les logiciels et inclus de nombreux tutoriels<\/li>\n\n\n\n<li>Liste des cours <a href=\"https:\/\/courses.unil.ch\/ci\">Transition d&rsquo;Adobe \u00e0 Affinity<\/a><\/li>\n<\/ul>\n\n\n\n<div style=\"height:100px\" aria-hidden=\"true\" class=\"wp-block-spacer\"><\/div>\n\n\n\n<p class=\"has-secondary-color has-text-color has-link-color has-small-font-size wp-elements-354b1754d04322e8a1f7972e6cb9f5bf\">Image d&rsquo;en-t\u00eate et captures d&rsquo;\u00e9cran propos\u00e9es par <a href=\"https:\/\/affinity.serif.com\">Affinity<\/a>. Article mis \u00e0 jour le 23.08.2024<\/p>\n","protected":false},"excerpt":{"rendered":"<p>D\u00e8s le 01\/09\/2024 l\u2019UNIL ne pourra plus proposer gratuitement \u00e0 son personnel sous contrat la Creative Cloud d\u2019Adobe en raison d\u2019une augmentation massive de son prix (Acrobat Pro sera toujours distribu\u00e9 gratuitement). La suite Affinity est l\u2019alternative offerte par l\u2019UNIL \u00e0 toute sa communaut\u00e9 \u2013 \u00e9tudiants et \u00e9tudiantes compris &#8211; pour faciliter la transition. <\/p>\n","protected":false},"author":1001466,"featured_media":2216,"comment_status":"closed","ping_status":"closed","sticky":false,"template":"template-full-width-cover.php","format":"standard","meta":{"_seopress_robots_primary_cat":"","_seopress_titles_title":"","_seopress_titles_desc":"","_seopress_robots_index":"","footnotes":""},"categories":[9,10],"tags":[18],"class_list":["post-2214","post","type-post","status-publish","format-standard","has-post-thumbnail","category-materiel-et-logiciel","category-teletravail-et-outils-quotidiens","tag-affiche"],"_links":{"self":[{"href":"https:\/\/wp.unil.ch\/newsci\/wp-json\/wp\/v2\/posts\/2214","targetHints":{"allow":["GET"]}}],"collection":[{"href":"https:\/\/wp.unil.ch\/newsci\/wp-json\/wp\/v2\/posts"}],"about":[{"href":"https:\/\/wp.unil.ch\/newsci\/wp-json\/wp\/v2\/types\/post"}],"author":[{"embeddable":true,"href":"https:\/\/wp.unil.ch\/newsci\/wp-json\/wp\/v2\/users\/1001466"}],"replies":[{"embeddable":true,"href":"https:\/\/wp.unil.ch\/newsci\/wp-json\/wp\/v2\/comments?post=2214"}],"version-history":[{"count":4,"href":"https:\/\/wp.unil.ch\/newsci\/wp-json\/wp\/v2\/posts\/2214\/revisions"}],"predecessor-version":[{"id":2281,"href":"https:\/\/wp.unil.ch\/newsci\/wp-json\/wp\/v2\/posts\/2214\/revisions\/2281"}],"wp:featuredmedia":[{"embeddable":true,"href":"https:\/\/wp.unil.ch\/newsci\/wp-json\/wp\/v2\/media\/2216"}],"wp:attachment":[{"href":"https:\/\/wp.unil.ch\/newsci\/wp-json\/wp\/v2\/media?parent=2214"}],"wp:term":[{"taxonomy":"category","embeddable":true,"href":"https:\/\/wp.unil.ch\/newsci\/wp-json\/wp\/v2\/categories?post=2214"},{"taxonomy":"post_tag","embeddable":true,"href":"https:\/\/wp.unil.ch\/newsci\/wp-json\/wp\/v2\/tags?post=2214"}],"curies":[{"name":"wp","href":"https:\/\/api.w.org\/{rel}","templated":true}]}}