{"id":2010,"date":"2024-01-24T17:00:00","date_gmt":"2024-01-24T16:00:00","guid":{"rendered":"https:\/\/wp.unil.ch\/newsci\/?p=2010"},"modified":"2024-01-26T08:01:32","modified_gmt":"2024-01-26T07:01:32","slug":"numerique-durable-lempreinte-globale-de-lunil","status":"publish","type":"post","link":"https:\/\/wp.unil.ch\/newsci\/numerique-durable-lempreinte-globale-de-lunil\/","title":{"rendered":"Num\u00e9rique durable : L\u2019empreinte globale de l\u2019UNIL"},"content":{"rendered":"\n<p class=\"has-small-font-size\"><em>Le p\u00e9rim\u00e8tre \u00e9tudi\u00e9, les indicateurs choisis et les r\u00e9sultats globaux sont pr\u00e9sent\u00e9s dans cet article tandis que les r\u00e9sultats sp\u00e9cifiques seront d\u00e9velopp\u00e9s dans des articles suivants. La m\u00e9thodologie est pr\u00e9sent\u00e9e dans un article s\u00e9par\u00e9.<\/em><\/p>\n\n\n\n<div class=\"wp-block-columns is-layout-flex wp-container-core-columns-is-layout-9d6595d7 wp-block-columns-is-layout-flex\">\n<div class=\"wp-block-column is-layout-flow wp-block-column-is-layout-flow\" style=\"flex-basis:66.66%\">\n<h2 class=\"wp-block-heading\">Quel p\u00e9rim\u00e8tre a-t-on \u00e9tudi\u00e9 ?<\/h2>\n\n\n\n<p>Le p\u00e9rim\u00e8tre est d\u00e9fini en fonction de deux crit\u00e8res, les appareils et les activit\u00e9s pris en compte et la population \u00e9tudi\u00e9e. Les appareils et activit\u00e9s inclus sont les m\u00eames pour toutes les populations \u00e9tudi\u00e9es et sont les suivants&nbsp;:<\/p>\n\n\n\n<ul class=\"wp-block-list\">\n<li>L\u2019environnement personnel comme la machine, l\u2019\u00e9cran, les c\u00e2bles, les stations d\u2019accueil, les t\u00e9l\u00e9visions etc.<\/li>\n\n\n\n<li>L\u2019impression, y compris le papier<\/li>\n\n\n\n<li>La t\u00e9l\u00e9phonie<\/li>\n\n\n\n<li>Le r\u00e9seau fixe et filaire<\/li>\n\n\n\n<li>Les datacenters, y compris leur efficience \u00e9nerg\u00e9tique<\/li>\n\n\n\n<li>Le Centre informatique dans son ensemble y compris la surface utilis\u00e9e, les d\u00e9placements de personnel, etc\u2026.<\/li>\n<\/ul>\n<\/div>\n\n\n\n<div class=\"wp-block-column is-layout-flow wp-block-column-is-layout-flow\" style=\"flex-basis:33.33%\">\n<div class=\"wp-block-group has-light-background-background-color has-background\"><div class=\"wp-block-group__inner-container is-layout-constrained wp-block-group-is-layout-constrained\">\n<h6 class=\"wp-block-heading\">D\u00e9couvrez notre s\u00e9rie consacr\u00e9e au num\u00e9rique durable :<\/h6>\n\n\n\n<ul class=\"wp-block-list\">\n<li><a href=\"https:\/\/wp.unil.ch\/newsci\/numerique-durable-comprendre-le-cycle-de-vie\/\" data-type=\"link\" data-id=\"https:\/\/wp.unil.ch\/newsci\/numerique-durable-comprendre-le-cycle-de-vie\/\" target=\"_blank\" rel=\"noreferrer noopener\">L&rsquo;analyse du cycle de vie<\/a><\/li>\n\n\n\n<li><a href=\"https:\/\/wp.unil.ch\/newsci\/numerique-durable-lempreinte-globale-de-lunil\/\" target=\"_blank\" rel=\"noreferrer noopener\">L&#8217;empreinte glob<\/a><a href=\"https:\/\/wp.unil.ch\/newsci\/numerique-durable-lempreinte-globale-de-lunil\/\">ale de l&rsquo;UNIL<\/a><\/li>\n\n\n\n<li><a href=\"https:\/\/wp.unil.ch\/newsci\/numerique-durable-le-datacenter-et-les-donnees\">Le Datacenter et les donn\u00e9es<\/a><\/li>\n\n\n\n<li><a href=\"https:\/\/wp.unil.ch\/newsci\/numerique-durable-le-digital-cleanup-day\/\">Digital cleanup Day<\/a><\/li>\n\n\n\n<li><a href=\"https:\/\/wp.unil.ch\/newsci\/numerique-durable-les-outils-de-travail-personnel\/\" target=\"_blank\" rel=\"noreferrer noopener\">Les outils de travail personnel<\/a><\/li>\n\n\n\n<li><a href=\"https:\/\/wp.unil.ch\/newsci\/numerique-durable-impression-et-reseau\/\">Impression et r\u00e9seau<\/a><\/li>\n\n\n\n<li><a href=\"https:\/\/wp.unil.ch\/newsci\/numerique-durable-conclusion-et-perspectives\/\">Conclusion et \u00e9tapes suivantes<\/a><\/li>\n<\/ul>\n<\/div><\/div>\n<\/div>\n<\/div>\n\n\n\n<p>Dans l\u2019\u00e9tude, trois populations diff\u00e9rentes ont \u00e9t\u00e9 prises en compte pour faire 3 p\u00e9rim\u00e8tres.<\/p>\n\n\n\n<ul class=\"wp-block-list\">\n<li>Le <strong>p\u00e9rim\u00e8tre partiel<\/strong> comprend les activit\u00e9s administratives : cela comprend l\u2019ensemble des services centraux, y compris le Centre informatique qui p\u00e8se \u00e9norm\u00e9ment dans cette population en raison de sa gestion des datacenters. Il n\u2019est en effet pas possible de diff\u00e9rencier les activit\u00e9s r\u00e9alis\u00e9es par les diff\u00e9rentes populations dans les datacenters. Au vu de cette restriction, ce p\u00e9rim\u00e8tre n\u2019est utilis\u00e9 que pour faire un benchmark entre les entreprises ayant r\u00e9alis\u00e9 une \u00e9tude comparable.<\/li>\n\n\n\n<li>Le <strong>p\u00e9rim\u00e8tre global<\/strong> comprend le p\u00e9rim\u00e8tre partiel auquel on ajoute l\u2019ensemble du personnel de l\u2019UNIL, donc l\u2019ensemble des facult\u00e9s.<\/li>\n\n\n\n<li>Le <strong>p\u00e9rim\u00e8tre total<\/strong> comprend le p\u00e9rim\u00e8tre global auquel on ajoute les \u00e9tudiantes et \u00e9tudiants. L\u2019inventaire des machines de la population estudiantine \u00e9tant impossible, l\u2019hypoth\u00e8se est que chaque membre de cette population poss\u00e8de une machine et qu\u2019elle est utilis\u00e9e \u00e0 50% pour ses \u00e9tudes. Cette estimation a \u00e9t\u00e9 faite sur la base d\u2019\u00e9tudes men\u00e9es dans d\u2019autres universit\u00e9s.<\/li>\n<\/ul>\n\n\n\n<h2 class=\"wp-block-heading\">Quels indicateurs ont \u00e9t\u00e9 choisis ?<\/h2>\n\n\n\n<p>4 indicateurs reconnus et pertinents pour le num\u00e9rique ont \u00e9t\u00e9 s\u00e9lectionn\u00e9s parmi de nombreux indicateurs existants. Il arrive malheureusement que le nom du m\u00eame indicateur diff\u00e8re d\u2019une \u00e9tude \u00e0 l\u2019autre.<\/p>\n\n\n\n<ul class=\"wp-block-list\">\n<li><strong>La contribution au changement climatique \/ Gaz \u00e0 Effet de Serre (abr\u00e9g\u00e9 GES) <\/strong>: Exprim\u00e9 en kilogramme \u00e9quivalent CO<sub>2 <\/sub>(kg \u00e9q.CO2), cet indicateur prend en compte les diff\u00e9rents \u00e9l\u00e9ments impliqu\u00e9s dans le r\u00e9chauffement climatique et les agr\u00e8ge en un indicateur. C\u2019est l\u2019indicateur le plus utilis\u00e9 et qui permet une comparaison ais\u00e9e avec d\u2019autres \u00e9tudes.<\/li>\n\n\n\n<li><strong>L\u2019\u00e9puisement \u00e9nerg\u00e9tique (Energie)<\/strong> : Exprim\u00e9e en M\u00e9ga Joule d\u2019\u00e9nergie primaire, cet indicateur agr\u00e8ge les diff\u00e9rentes \u00e9nergies utilis\u00e9es et il est critique pour les datacenters qui sont de grands consommateurs d\u2019\u00e9nergie. L\u2019\u00e9nergie primaire est l\u2019\u00e9nergie disponible dans la nature en opposition \u00e0 l\u2019\u00e9nergie secondaire telle que l\u2019\u00e9lectricit\u00e9.<\/li>\n\n\n\n<li><strong>La tension sur l\u2019eau (Eau) \/ Eau bleue<\/strong> : Exprim\u00e9 en m3 d\u2019eau, cet indicateur mesure la quantit\u00e9 d\u2019eau douce utilis\u00e9e dans les nappes phr\u00e9atiques ou en surface, denr\u00e9e critique pour les \u00e9cosyst\u00e8mes.<\/li>\n\n\n\n<li><strong>L\u2019\u00e9puisement des ressources abiotiques, (min\u00e9raux et m\u00e9taux) \/ Abiotic Depletion Potential (ADP)<\/strong> : Cet indicateur \u00e9value la quantit\u00e9 de ressources abiotiques que sont les min\u00e9raux et les m\u00e9taux retir\u00e9es de la nature comme si elles \u00e9taient de l\u2019antimoine (kg \u00e9q. Sb). Au vu du nombre tr\u00e8s important de mati\u00e8res rares pr\u00e9sentes dans les appareils \u00e9lectroniques, cet indicateur est indispensable pour une \u00e9valuation d\u2019impact pour le num\u00e9rique.<\/li>\n<\/ul>\n\n\n\n<h2 class=\"wp-block-heading\"><strong>Quelle est l\u2019empreinte num\u00e9rique de l\u2019UNIL&nbsp;?<\/strong><\/h2>\n\n\n\n<p>Notre centre de comp\u00e9tence en durabilit\u00e9 a r\u00e9alis\u00e9 une \u00e9tude globale sur les impacts environnementaux et soci\u00e9taux de l\u2019UNIL selon une m\u00e9thode dite du Donut. Cette derni\u00e8re a ensuite \u00e9t\u00e9 pr\u00e9sent\u00e9e \u00e0 l\u2019assembl\u00e9e de la transition qui avait pour mission de proposer des objectifs et des actions \u00e0 la Direction.<\/p>\n\n\n\n<p>L\u2019\u00e9tude centr\u00e9e sur les impacts du num\u00e9rique \u00e0 l\u2019UNIL utilise la m\u00e9thode du cycle de vie et elle va toutefois bien plus dans le d\u00e9tail pour les aspects environnementaux. Les r\u00e9sultats pertinents ont \u00e9galement \u00e9t\u00e9 pr\u00e9sent\u00e9s \u00e0 l\u2019assembl\u00e9e de la transition.<\/p>\n\n\n\n<p>Dans un premier temps, voici les impacts totaux bruts, tout \u00e9quipement confondu pour le p\u00e9rim\u00e8tre global, donc sans les \u00e9tudiantes et \u00e9tudiants, pour les 4 indicateurs s\u00e9lectionn\u00e9s.<\/p>\n\n\n\n<figure class=\"wp-block-table\"><table class=\"has-light-green-cyan-to-vivid-green-cyan-gradient-background has-background has-fixed-layout\"><thead><tr><th>Empreinte annuelle<\/th><th>\u00c9nergie<\/th><th>GES<\/th><th>Eau<\/th><th>ADP<\/th><\/tr><\/thead><tbody><tr><td>Totale<\/td><td>39645 MWH EP<\/td><td>1076 t eq. CO2<\/td><td>9825 m3<\/td><td>50 kg eq. Sb<\/td><\/tr><tr><td>Individuelle<\/td><td>7,92 MWH EP<\/td><td>209 kb eq. CO2<\/td><td>1,91 m3<\/td><td>9,7 g eq Sb<\/td><\/tr><\/tbody><\/table><figcaption class=\"wp-element-caption\">Impact environnemental total selon les quatre indicateurs s\u00e9lectionn\u00e9s pour le l\u2019ensemble du personnel par personne et sur une ann\u00e9e. (EP = Energie primaire&nbsp;; g eq Sb = gramme en \u00e9quivalent antimoine)<\/figcaption><\/figure>\n\n\n\n<p>Pour rendre ces valeurs plus concr\u00e8tes, voici des \u00e9quivalences pour chacun de ces indicateurs par personne :<\/p>\n\n\n\n<ul class=\"wp-block-list\">\n<li>Gaz \u00e0 effet de serre (GES) : 209 kg eq. CO2 \u00e9quivaut pour chaque personne \u00e0 un d\u00e9placement en voiture de 1740 km, soit 28 trajets Lausanne \u2013 Gen\u00e8ve.<\/li>\n\n\n\n<li>La consommation d\u2019eau douce (Eau) \u00e9quivaut \u00e0 31 douches par personne sachant que l\u2019eau consomm\u00e9e est souvent hors du territoire Suisse, o\u00f9 parfois l\u2019acc\u00e8s \u00e0 l\u2019eau potable est difficile.<\/li>\n\n\n\n<li> L\u2019\u00e9nergie consomm\u00e9e par personne correspond \u00e0 un m\u00e9nage suisse de 2 personnes vivant en appartement sur une ann\u00e9e.<\/li>\n\n\n\n<li>La consommation de ressources abiotique (ADP) correspond \u00e0 la quantit\u00e9 de terres rares n\u00e9cessaires pour la fabrication d\u2019environ 8 smartphones.<\/li>\n<\/ul>\n\n\n\n<p>Pour avoir l\u2019empreinte imag\u00e9e de l\u2019UNIL ces exemples d\u2019impact doivent \u00eatre multipli\u00e9s par 5100 environ, soit le nombre de personnes employ\u00e9es.<\/p>\n\n\n\n<h2 class=\"wp-block-heading\"><strong>Quels appareils ou activit\u00e9s ont le plus d\u2019impact environnemental \u00e0 l\u2019UNIL&nbsp;?<\/strong><\/h2>\n\n\n\n<p>L\u2019impact de chaque type d\u2019appareil a \u00e9t\u00e9 \u00e9valu\u00e9 selon les quatre indicateurs et ceci a \u00e9t\u00e9 fait pour l\u2019ensemble du personnel (p\u00e9rim\u00e8tre global) ainsi que pour le personnel et les \u00e9tudiantes et \u00e9tudiants (p\u00e9rim\u00e8tre total). A noter toutefois que l\u2019utilisation du Datacenter par les activit\u00e9s d&rsquo;enseignement (moodle par exemple) n\u2019a pas pu \u00eatre quantifi\u00e9 s\u00e9par\u00e9ment et elle apparait dans le p\u00e9rim\u00e8tre global.<\/p>\n\n\n\n<p>Deux conclusions sont \u00e9videntes :<br>Premi\u00e8rement les machines, \u00e9crans et petit mat\u00e9riel utilis\u00e9s par le personnel et les datacenters sont tr\u00e8s largement responsables des impacts environnementaux et les efforts pour r\u00e9duire l\u2019impact devront se faire sur ces \u00e9l\u00e9ments en priorit\u00e9s.<\/p>\n\n\n\n<figure class=\"wp-block-image size-large\"><img alt=\"\" loading=\"lazy\" decoding=\"async\" width=\"1024\" height=\"658\" src=\"https:\/\/wp.unil.ch\/newsci\/files\/2024\/01\/Capture-de\u0301cran-2024-01-17-a\u0300-13.50.57-1024x658.png\" alt=\"\" class=\"wp-image-2017\" srcset=\"https:\/\/wp.unil.ch\/newsci\/files\/2024\/01\/Capture-de\u0301cran-2024-01-17-a\u0300-13.50.57-1024x658.png 1024w, https:\/\/wp.unil.ch\/newsci\/files\/2024\/01\/Capture-de\u0301cran-2024-01-17-a\u0300-13.50.57-300x193.png 300w, https:\/\/wp.unil.ch\/newsci\/files\/2024\/01\/Capture-de\u0301cran-2024-01-17-a\u0300-13.50.57-768x494.png 768w, https:\/\/wp.unil.ch\/newsci\/files\/2024\/01\/Capture-de\u0301cran-2024-01-17-a\u0300-13.50.57-540x347.png 540w, https:\/\/wp.unil.ch\/newsci\/files\/2024\/01\/Capture-de\u0301cran-2024-01-17-a\u0300-13.50.57-1080x694.png 1080w, https:\/\/wp.unil.ch\/newsci\/files\/2024\/01\/Capture-de\u0301cran-2024-01-17-a\u0300-13.50.57.png 1276w\" sizes=\"auto, (max-width: 1024px) 100vw, 1024px\" \/><figcaption class=\"wp-element-caption\">Impact environnemental pour les diff\u00e9rents appareils et activit\u00e9s \u00e0 l\u2019UNIL pour le personnel (p\u00e9rim\u00e8tre global). Les impacts des diff\u00e9rents types d\u2019appareil sont normalis\u00e9s et pr\u00e9sent\u00e9s sur une \u00e9chelle arbitraire. Pour chaque type d\u2019appareil, les impacts mesur\u00e9s selon les 4 indicateurs s\u00e9lectionn\u00e9s (l\u00e9gende) sont repr\u00e9sent\u00e9s par un code couleur. Sans les \u00e9tudiants, les datacenters (DC) ont le plus d\u2019impact.<\/figcaption><\/figure>\n\n\n\n<p>Deuxi\u00e8mement les \u00e9tudiantes et \u00e9tudiants doublent pratiquement l\u2019impact li\u00e9 aux machines personnelles avec notre hypoth\u00e8se qui prend l\u2019impact d\u2019une demi-machine par t\u00eate. A noter que le centre de comp\u00e9tence en durabilit\u00e9 et l\u2019assembl\u00e9e de la transition ont consid\u00e9r\u00e9 l\u2019impact d\u2019une machine compl\u00e8te par t\u00eate, ce qui aurait fait monter la premi\u00e8re colonne \u201cEnv. User\u201d \u00e0 2.5 environ avec une telle hypoth\u00e8se. Les \u00e9tudiantes et \u00e9tudiants ont donc un impact num\u00e9rique tr\u00e8s important sur l\u2019empreinte de l\u2019UNIL, principalement d\u00fb \u00e0 leur nombre important mais cette derni\u00e8re n\u2019a que peu de moyens d\u2019action sur leur impact .<\/p>\n\n\n\n<figure class=\"wp-block-image size-large\"><img alt=\"\" loading=\"lazy\" decoding=\"async\" width=\"1024\" height=\"653\" src=\"https:\/\/wp.unil.ch\/newsci\/files\/2024\/01\/Capture-de\u0301cran-2024-01-17-a\u0300-13.59.51-1024x653.png\" alt=\"\" class=\"wp-image-2018\" srcset=\"https:\/\/wp.unil.ch\/newsci\/files\/2024\/01\/Capture-de\u0301cran-2024-01-17-a\u0300-13.59.51-1024x653.png 1024w, https:\/\/wp.unil.ch\/newsci\/files\/2024\/01\/Capture-de\u0301cran-2024-01-17-a\u0300-13.59.51-300x191.png 300w, https:\/\/wp.unil.ch\/newsci\/files\/2024\/01\/Capture-de\u0301cran-2024-01-17-a\u0300-13.59.51-768x490.png 768w, https:\/\/wp.unil.ch\/newsci\/files\/2024\/01\/Capture-de\u0301cran-2024-01-17-a\u0300-13.59.51-540x344.png 540w, https:\/\/wp.unil.ch\/newsci\/files\/2024\/01\/Capture-de\u0301cran-2024-01-17-a\u0300-13.59.51-1080x688.png 1080w, https:\/\/wp.unil.ch\/newsci\/files\/2024\/01\/Capture-de\u0301cran-2024-01-17-a\u0300-13.59.51.png 1263w\" sizes=\"auto, (max-width: 1024px) 100vw, 1024px\" \/><figcaption class=\"wp-element-caption\">Impact environnemental pour les diff\u00e9rents appareils et activit\u00e9s \u00e0 l\u2019UNIL pour le personnel et les \u00e9tudiantes et \u00e9tudiants (p\u00e9rim\u00e8tre total). Les impacts des diff\u00e9rents types d\u2019appareil sont normalis\u00e9s et pr\u00e9sent\u00e9s sur une \u00e9chelle arbitraire. Pour chaque type d\u2019appareil, les impacts mesur\u00e9s selon les quatre indicateurs s\u00e9lectionn\u00e9s (l\u00e9gende) sont repr\u00e9sent\u00e9s par un code couleur. En tenant compte d\u2019une demi-machine par \u00e9tudiant, l\u2019environnement utilisateur devient le contributeur principal des impacts num\u00e9riques de l\u2019UNIL (DC = datacenter).<\/figcaption><\/figure>\n\n\n\n<h2 class=\"wp-block-heading\"><strong>L\u2019UNIL est-elle bon \u00e9l\u00e8ve&nbsp;?<\/strong><\/h2>\n\n\n\n<p>L\u2019analyse comporte un volet de benchmark entre les diff\u00e9rentes entreprises ayant r\u00e9alis\u00e9 une \u00e9tude similaire. Ce benchmark est r\u00e9alis\u00e9 sur la partie \u00ab administrative \u00bb des entreprises pour \u00e9viter le biais induit par diff\u00e9rents m\u00e9tiers. Vu que le nombre d\u2019entreprises compar\u00e9es dans le benchmark est restreint, il est difficile d\u2019en tirer des conclusions d\u00e9finitives. On voit tout de m\u00eame deux \u00e9l\u00e9ments qui ressortent :<\/p>\n\n\n\n<ul class=\"wp-block-list\">\n<li>Le premier est le poids des donn\u00e9es. En effet, le Centre informatique g\u00e9rant les datacenters, ces \u00e9l\u00e9ments sont inclus dans le benchmark. Les impacts de la recherche, surtout stockage et calcul, font ressortir un impact sur la consommation des ressources abiotique plus haut que la moyenne. La gestion du Datacenter est donc critique pour cet indicateur.<\/li>\n\n\n\n<li>Le second est un impact plut\u00f4t au-dessous de la moyenne. Bien que l\u2019on ne poss\u00e8de pas les \u00e9tudes d\u2019impacts pr\u00e9cises des autres entreprises, le fait que l\u2019UNIL utilise ses machines en moyenne plus longtemps que la moyenne des entreprises explique probablement ce r\u00e9sultat.<\/li>\n<\/ul>\n\n\n\n<figure class=\"wp-block-image size-large\"><img alt=\"\" loading=\"lazy\" decoding=\"async\" width=\"1024\" height=\"590\" src=\"https:\/\/wp.unil.ch\/newsci\/files\/2024\/01\/Capture-de\u0301cran-2023-11-29-a\u0300-16.20.39-1024x590.png\" alt=\"\" class=\"wp-image-2019\" srcset=\"https:\/\/wp.unil.ch\/newsci\/files\/2024\/01\/Capture-de\u0301cran-2023-11-29-a\u0300-16.20.39-1024x590.png 1024w, https:\/\/wp.unil.ch\/newsci\/files\/2024\/01\/Capture-de\u0301cran-2023-11-29-a\u0300-16.20.39-300x173.png 300w, https:\/\/wp.unil.ch\/newsci\/files\/2024\/01\/Capture-de\u0301cran-2023-11-29-a\u0300-16.20.39-768x443.png 768w, https:\/\/wp.unil.ch\/newsci\/files\/2024\/01\/Capture-de\u0301cran-2023-11-29-a\u0300-16.20.39-1536x885.png 1536w, https:\/\/wp.unil.ch\/newsci\/files\/2024\/01\/Capture-de\u0301cran-2023-11-29-a\u0300-16.20.39-540x311.png 540w, https:\/\/wp.unil.ch\/newsci\/files\/2024\/01\/Capture-de\u0301cran-2023-11-29-a\u0300-16.20.39-1080x622.png 1080w, https:\/\/wp.unil.ch\/newsci\/files\/2024\/01\/Capture-de\u0301cran-2023-11-29-a\u0300-16.20.39-1320x761.png 1320w, https:\/\/wp.unil.ch\/newsci\/files\/2024\/01\/Capture-de\u0301cran-2023-11-29-a\u0300-16.20.39.png 1666w\" sizes=\"auto, (max-width: 1024px) 100vw, 1024px\" \/><figcaption class=\"wp-element-caption\">Comparaison de l\u2019impact des services centraux de l\u2019UNIL, Ci compris, (barres color\u00e9es) comparativement \u00e0 un panel d\u2019entreprise pour les 4 indicateurs (point = moyenne, barre = variation entre entreprise). On constate que l\u2019UNIL a un impact faible pour trois indicateurs mais un impact bien plus important pour les ressources abiotique (ADP), d\u00fb aux datacenters g\u00e9r\u00e9s par le Ci. (Note&nbsp;: Eau bleue = Eau dans les autres graphiques)<\/figcaption><\/figure>\n\n\n\n<h2 class=\"wp-block-heading\">Conclusion<\/h2>\n\n\n\n<p>Les r\u00e9sultats de cette \u00e9tude permettent de d\u00e9terminer que l\u2019environnement de l\u2019utilisateur et les activit\u00e9s r\u00e9alis\u00e9es dans les datacenters sont les deux domaines qui ont les impacts les plus importants. Malgr\u00e9 cela, l\u2019impact de l\u2019UNIL semble plut\u00f4t plus faible comparativement \u00e0 d\u2019autres entreprises principalement pour l\u2019environnement utilisateur tandis que l\u2019impact des datacenters, au contraire semble plus important.<\/p>\n\n\n\n<p>Bien que ces valeurs semblent \u00ab raisonnables \u00bb selon le benchmark, l\u2019UNIL a fait une analyse globale de l\u2019impact de l\u2019UNIL en int\u00e9grant \u00e9galement le num\u00e9rique dans une analyse selon la m\u00e9thodologie dite du \u00ab&nbsp; DONUT&nbsp;\u00bb afin de pouvoir normaliser des domaines tr\u00e8s diff\u00e9rents. Bien que la m\u00e9thode soit diff\u00e9rente, il apparait que le num\u00e9rique \u00e0 l\u2019UNIL a un impact important parmi les diff\u00e9rents domaines \u00e9tudi\u00e9s sur l\u2019ensemble de l\u2019UNIL. Pour plus d\u2019information sur ce point, vous pouvez consulter le site de l\u2019assembl\u00e9e de la transition.<\/p>\n\n\n\n<p>Ces donn\u00e9es globales ne permettent toutefois pas de d\u00e9finir des pistes d\u2019action pr\u00e9cises. Elles doivent \u00eatre combin\u00e9es avec des \u00e9tudes ayant d\u00e9termin\u00e9es de mani\u00e8re plus pr\u00e9cise les impacts durant le cycle de vie afin de d\u00e9cider \u00e0 quel moment les efforts doivent \u00eatre consentis. Est-ce \u00e0 l\u2019achat, durant son utilisation ou \u00e0 la fin de vie&nbsp;? Nous aborderons ces questions dans les prochains articles concernant l\u2019impact environnemental du num\u00e9rique \u00e0 l\u2019UNIL.<\/p>\n\n\n\n<h3 class=\"wp-block-heading\">Plus d&rsquo;infos<\/h3>\n\n\n\n<ul class=\"wp-block-list\">\n<li><a href=\"https:\/\/www.greenit.fr\/le-numerique-en-europe-une-approche-des-impacts-environnementaux-par-lanalyse-du-cycle-de-vie\/\" data-type=\"link\" data-id=\"https:\/\/www.greenit.fr\/le-numerique-en-europe-une-approche-des-impacts-environnementaux-par-lanalyse-du-cycle-de-vie\/\">Le num\u00e9rique en europe&nbsp;: une<\/a><a href=\"https:\/\/www.greenit.fr\/le-numerique-en-europe-une-approche-des-impacts-environnementaux-par-lanalyse-du-cycle-de-vie\/\" data-type=\"link\" data-id=\"https:\/\/www.greenit.fr\/le-numerique-en-europe-une-approche-des-impacts-environnementaux-par-lanalyse-du-cycle-de-vie\/\" target=\"_blank\" rel=\"noreferrer noopener\"> approche des impacts environnementaux par l\u2019analyse du cycle de vie.<\/a><\/li>\n\n\n\n<li><a href=\"https:\/\/wp.unil.ch\/assemblee-transition\/\" target=\"_blank\" rel=\"noreferrer noopener\">L\u2019assembl\u00e9e de la transition et son analyse selon la m\u00e9thodologie du DONUT<\/a><\/li>\n<\/ul>\n\n\n\n<div style=\"height:100px\" aria-hidden=\"true\" class=\"wp-block-spacer\"><\/div>\n\n\n\n<p class=\"has-secondary-color has-text-color has-link-color has-small-font-size wp-elements-2c184b1cfd74cf291302371e8c80d368\">Image d&rsquo;en-t\u00eate g\u00e9n\u00e9r\u00e9e par <a href=\"https:\/\/zegwaart.ch\" target=\"_blank\" rel=\"noreferrer noopener\">Karim Khouw Zegwaart<\/a><\/p>\n","protected":false},"excerpt":{"rendered":"<p>L\u2019UNIL, aid\u00e9 par un partenaire sp\u00e9cialis\u00e9 dans le domaine, a r\u00e9alis\u00e9 une analyse de son impact environnemental d\u00fb au num\u00e9rique par une analyse multicrit\u00e8re du cycle de vie. <\/p>\n","protected":false},"author":1001466,"featured_media":2033,"comment_status":"closed","ping_status":"closed","sticky":false,"template":"template-full-width-cover.php","format":"standard","meta":{"_seopress_robots_primary_cat":"","_seopress_titles_title":"","_seopress_titles_desc":"","_seopress_robots_index":"","footnotes":""},"categories":[9],"tags":[18],"class_list":["post-2010","post","type-post","status-publish","format-standard","has-post-thumbnail","category-materiel-et-logiciel","tag-affiche"],"_links":{"self":[{"href":"https:\/\/wp.unil.ch\/newsci\/wp-json\/wp\/v2\/posts\/2010","targetHints":{"allow":["GET"]}}],"collection":[{"href":"https:\/\/wp.unil.ch\/newsci\/wp-json\/wp\/v2\/posts"}],"about":[{"href":"https:\/\/wp.unil.ch\/newsci\/wp-json\/wp\/v2\/types\/post"}],"author":[{"embeddable":true,"href":"https:\/\/wp.unil.ch\/newsci\/wp-json\/wp\/v2\/users\/1001466"}],"replies":[{"embeddable":true,"href":"https:\/\/wp.unil.ch\/newsci\/wp-json\/wp\/v2\/comments?post=2010"}],"version-history":[{"count":4,"href":"https:\/\/wp.unil.ch\/newsci\/wp-json\/wp\/v2\/posts\/2010\/revisions"}],"predecessor-version":[{"id":2050,"href":"https:\/\/wp.unil.ch\/newsci\/wp-json\/wp\/v2\/posts\/2010\/revisions\/2050"}],"wp:featuredmedia":[{"embeddable":true,"href":"https:\/\/wp.unil.ch\/newsci\/wp-json\/wp\/v2\/media\/2033"}],"wp:attachment":[{"href":"https:\/\/wp.unil.ch\/newsci\/wp-json\/wp\/v2\/media?parent=2010"}],"wp:term":[{"taxonomy":"category","embeddable":true,"href":"https:\/\/wp.unil.ch\/newsci\/wp-json\/wp\/v2\/categories?post=2010"},{"taxonomy":"post_tag","embeddable":true,"href":"https:\/\/wp.unil.ch\/newsci\/wp-json\/wp\/v2\/tags?post=2010"}],"curies":[{"name":"wp","href":"https:\/\/api.w.org\/{rel}","templated":true}]}}