{"id":1965,"date":"2024-01-24T17:00:00","date_gmt":"2024-01-24T16:00:00","guid":{"rendered":"https:\/\/wp.unil.ch\/newsci\/?p=1965"},"modified":"2024-06-07T10:32:59","modified_gmt":"2024-06-07T08:32:59","slug":"numerique-durable-comprendre-le-cycle-de-vie","status":"publish","type":"post","link":"https:\/\/wp.unil.ch\/newsci\/numerique-durable-comprendre-le-cycle-de-vie\/","title":{"rendered":"Num\u00e9rique durable\u00a0: Comprendre le cycle de vie"},"content":{"rendered":"\n<h2 class=\"wp-block-heading\">L\u2019analyse multicrit\u00e8re du cycle de vie : une m\u00e9thode \u00e9prouv\u00e9e<\/h2>\n\n\n\n<div class=\"wp-block-columns is-layout-flex wp-container-core-columns-is-layout-9d6595d7 wp-block-columns-is-layout-flex\">\n<div class=\"wp-block-column is-layout-flow wp-block-column-is-layout-flow\" style=\"flex-basis:66.66%\">\n<p>Cette m\u00e9thodologie qui a vu le jour dans les ann\u00e9es 60 est l\u2019une des plus compl\u00e8tes et des mieux document\u00e9es pour l\u2019analyse de l\u2019impact environnemental d\u2019un produit, dans notre cas des appareils num\u00e9riques. Elle a pour but d\u2019\u00e9valuer les impacts d\u2019un produit durant l\u2019ensemble de sa dur\u00e9e de vie qui sont g\u00e9n\u00e9ralement les phases suivantes&nbsp;:<\/p>\n\n\n\n<ul class=\"wp-block-list\">\n<li><strong>Phase de fabrication&nbsp;:<\/strong> de l\u2019extraction des mati\u00e8res premi\u00e8res jusqu\u2019\u00e0 la derni\u00e8re porte de l\u2019usine<\/li>\n\n\n\n<li><strong>Phase de transport&nbsp;:<\/strong> de l\u2019usine \u00e0 la client\u00e8le<\/li>\n\n\n\n<li><strong>Phase d\u2019utilisation&nbsp;:<\/strong> principalement la consommation d\u2019\u00e9nergie dans l\u2019IT<\/li>\n\n\n\n<li><strong>Phase de fin de vie&nbsp;:<\/strong> traitement, recyclage, incin\u00e9ration ou mise en d\u00e9charge.<\/li>\n<\/ul>\n\n\n\n<p>Par soucis de simplification, l\u2019impact d\u2019un produit est souvent r\u00e9duit \u00e0 l\u2019indicateur \u00ab&nbsp;changement climatique&nbsp;\u00bb exprim\u00e9 en quantit\u00e9 de CO2. Ces analyses \u00ab&nbsp;multicrit\u00e8res&nbsp;\u00bb doivent permettre d\u2019\u00e9largir les aspects \u00e9tudi\u00e9s ce qui engendre une multitude d\u2019indicateurs possibles en fonction des produits et des donn\u00e9es disponibles. Une \u00e9tude europ\u00e9enne en a par exemple s\u00e9lectionn\u00e9 19, pour en publier les 12 les plus marquants dont 4 d\u2019entre eux couvrent 2\/3 des impacts. La s\u00e9lection des indicateurs pertinents est donc critique. Dans le cas de l\u2019\u00e9tude mentionn\u00e9e ci-dessus, l\u2019impact principal est l\u2019utilisation des ressources abiotiques que sont les min\u00e9raux et les m\u00e9taux. L\u2019indicateur mesurant le changement climatique le plus connu mesur\u00e9 en kg de CO2 arrive en troisi\u00e8me position presque \u00e0 \u00e9galit\u00e9 avec l\u2019utilisation des ressources fossiles.<\/p>\n<\/div>\n\n\n\n<div class=\"wp-block-column is-layout-flow wp-block-column-is-layout-flow\" style=\"flex-basis:33.33%\">\n<div class=\"wp-block-group has-light-background-background-color has-background\"><div class=\"wp-block-group__inner-container is-layout-constrained wp-block-group-is-layout-constrained\">\n<h6 class=\"wp-block-heading\">D\u00e9couvrez notre s\u00e9rie consacr\u00e9e au num\u00e9rique durable :<\/h6>\n\n\n\n<ul class=\"wp-block-list\">\n<li><a href=\"https:\/\/wp.unil.ch\/newsci\/numerique-durable-comprendre-le-cycle-de-vie\/\" data-type=\"link\" data-id=\"https:\/\/wp.unil.ch\/newsci\/numerique-durable-comprendre-le-cycle-de-vie\/\" target=\"_blank\" rel=\"noreferrer noopener\">L&rsquo;analyse du cycle de vie<\/a><\/li>\n\n\n\n<li><a href=\"https:\/\/wp.unil.ch\/newsci\/numerique-durable-lempreinte-globale-de-lunil\/\" target=\"_blank\" rel=\"noreferrer noopener\">L&#8217;empreinte glob<\/a><a href=\"https:\/\/wp.unil.ch\/newsci\/numerique-durable-lempreinte-globale-de-lunil\/\">ale de l&rsquo;UNIL<\/a><\/li>\n\n\n\n<li><a href=\"https:\/\/wp.unil.ch\/newsci\/numerique-durable-le-datacenter-et-les-donnees\">Le Datacenter et les donn\u00e9es<\/a><\/li>\n\n\n\n<li><a href=\"https:\/\/wp.unil.ch\/newsci\/numerique-durable-le-digital-cleanup-day\/\">Digital cleanup Day<\/a><\/li>\n\n\n\n<li><a href=\"https:\/\/wp.unil.ch\/newsci\/numerique-durable-les-outils-de-travail-personnel\/\" target=\"_blank\" rel=\"noreferrer noopener\">Les outils de travail personnel<\/a><\/li>\n\n\n\n<li><a href=\"https:\/\/wp.unil.ch\/newsci\/numerique-durable-impression-et-reseau\/\">Impression et r\u00e9seau<\/a><\/li>\n\n\n\n<li><a href=\"https:\/\/wp.unil.ch\/newsci\/numerique-durable-conclusion-et-perspectives\/\">Conclusion et \u00e9tapes suivantes<\/a><\/li>\n<\/ul>\n<\/div><\/div>\n<\/div>\n<\/div>\n\n\n\n<p>Bien qu\u2019\u00e9tant la m\u00e9thode la plus aboutie, l\u2019analyse multicrit\u00e8re du cycle de vie est souvent d\u00e9pendante de certaines hypoth\u00e8ses parfois subjectives lors de la r\u00e9colte de donn\u00e9es, le r\u00e9sultat pouvant d\u00e9pendre des personnes la r\u00e9alisant. De plus, les r\u00e9sultats \u00e9tant souvent complexes, les conclusions sont parfois plus difficiles \u00e0 tirer.<\/p>\n\n\n\n<figure class=\"wp-block-image size-full is-style-default\"><img loading=\"lazy\" decoding=\"async\" width=\"1920\" height=\"1080\" src=\"https:\/\/wp.unil.ch\/newsci\/files\/2024\/01\/cycle_de_vie.png\" alt=\"\u00c9tapes du cycle de vie \" class=\"wp-image-1966\" style=\"object-fit:cover\" srcset=\"https:\/\/wp.unil.ch\/newsci\/files\/2024\/01\/cycle_de_vie.png 1920w, https:\/\/wp.unil.ch\/newsci\/files\/2024\/01\/cycle_de_vie-300x169.png 300w, https:\/\/wp.unil.ch\/newsci\/files\/2024\/01\/cycle_de_vie-1024x576.png 1024w, https:\/\/wp.unil.ch\/newsci\/files\/2024\/01\/cycle_de_vie-768x432.png 768w, https:\/\/wp.unil.ch\/newsci\/files\/2024\/01\/cycle_de_vie-1536x864.png 1536w, https:\/\/wp.unil.ch\/newsci\/files\/2024\/01\/cycle_de_vie-540x304.png 540w, https:\/\/wp.unil.ch\/newsci\/files\/2024\/01\/cycle_de_vie-1080x608.png 1080w, https:\/\/wp.unil.ch\/newsci\/files\/2024\/01\/cycle_de_vie-1320x743.png 1320w\" sizes=\"auto, (max-width: 1920px) 100vw, 1920px\" \/><figcaption class=\"wp-element-caption\">\u00c9tapes du cycle de vie (ic\u00f4nes : Freepik sur flaticon.com)<\/figcaption><\/figure>\n\n\n\n<h2 class=\"wp-block-heading\"><strong>Quels appareils analyse-t-on dans une \u00e9tude d\u2019impact num\u00e9rique&nbsp;?<\/strong><\/h2>\n\n\n\n<p>Une \u00e9tude compl\u00e8te prend en compte tous les appareils \u00e9lectroniques au sens large. Les ordinateurs portables, fixes, tablettes bien s\u00fbr mais \u00e9galement les smartphones, les t\u00e9l\u00e9phones fixes, les t\u00e9l\u00e9viseurs, les consoles de jeux, disques durs externes, cl\u00e9s USB, imprimantes, stations d\u2019accueil, objets connect\u00e9s et tout autre type d\u2019\u00e9cran. Naturellement, selon le p\u00e9rim\u00e8tre \u00e9tudi\u00e9, la proportion de ces appareils change. Dans un environnement professionnel, les consoles de jeux et les t\u00e9l\u00e9viseurs ont moins d\u2019impact que si l\u2019on fait l\u2019analyse d\u2019un environnement priv\u00e9. Les conclusions doivent donc tenir compte des impacts en fonction des appareils pr\u00e9sents dans le p\u00e9rim\u00e8tre.<\/p>\n\n\n\n<figure class=\"wp-block-image size-large\"><img alt=\"\" loading=\"lazy\" decoding=\"async\" width=\"1024\" height=\"459\" src=\"https:\/\/wp.unil.ch\/newsci\/files\/2024\/01\/Capture-de\u0301cran-2023-12-15-a\u0300-10.44.08-1024x459.png\" alt=\"\" class=\"wp-image-1971\" srcset=\"https:\/\/wp.unil.ch\/newsci\/files\/2024\/01\/Capture-de\u0301cran-2023-12-15-a\u0300-10.44.08-1024x459.png 1024w, https:\/\/wp.unil.ch\/newsci\/files\/2024\/01\/Capture-de\u0301cran-2023-12-15-a\u0300-10.44.08-300x134.png 300w, https:\/\/wp.unil.ch\/newsci\/files\/2024\/01\/Capture-de\u0301cran-2023-12-15-a\u0300-10.44.08-768x344.png 768w, https:\/\/wp.unil.ch\/newsci\/files\/2024\/01\/Capture-de\u0301cran-2023-12-15-a\u0300-10.44.08-540x242.png 540w, https:\/\/wp.unil.ch\/newsci\/files\/2024\/01\/Capture-de\u0301cran-2023-12-15-a\u0300-10.44.08-1080x484.png 1080w, https:\/\/wp.unil.ch\/newsci\/files\/2024\/01\/Capture-de\u0301cran-2023-12-15-a\u0300-10.44.08.png 1283w\" sizes=\"auto, (max-width: 1024px) 100vw, 1024px\" \/><figcaption class=\"wp-element-caption\">Les impacts environnementaux du num\u00e9rique selon 14 indicateurs diff\u00e9rents. Pour chaque indicateur, l\u2019impact selon le type d\u2019appareil \u00e9tudi\u00e9 est repr\u00e9sent\u00e9 par les couleurs. 4 indicateurs permettent de suivre 67% des impacts, et 7 sont n\u00e9cessaire pour suivre 80% des impacts. Les terminaux utilisateurs ont clairement le plus d\u2019impact, puis g\u00e9n\u00e9ralement les centres de donn\u00e9es en seconde position.<br><br>Image tir\u00e9e de l\u2019article&nbsp;: LE NUM\u00c9RIQUE EN EUROPE : une approche des impacts environnementaux par l\u2019analyse du cycle de vie<\/figcaption><\/figure>\n\n\n\n<h2 class=\"wp-block-heading\"><strong>Impacts directs ou indirects&nbsp;: que mesure-t-on&nbsp;?<\/strong><\/h2>\n\n\n\n<p>Les impacts directs qui proviennent de la fabrication, l\u2019utilisation et la fin de vie du mat\u00e9riel sont mesur\u00e9s. Les effets indirects qui peuvent avoir un impact positif ou n\u00e9gatif ne sont pas pris en compte. Ces effets indirects peuvent \u00eatre la diminution de consommation de papier par la num\u00e9risation d\u2019un processus, la diminution de consommation d\u2019essence ou l\u2019augmentation du nombre d\u2019\u00e9crans d\u00fb au t\u00e9l\u00e9travail. Ces \u00e9l\u00e9ments sont sp\u00e9cifiques \u00e0 chaque situation et donc non mesur\u00e9s dans des analyses globales. Dans certains cas sp\u00e9cifiques, cette mesure peut \u00eatre faite.<\/p>\n\n\n\n<h2 class=\"wp-block-heading\"><strong>Quelles donn\u00e9es r\u00e9colte-t-on pour une \u00e9tude d\u2019impact environnemental du num\u00e9rique&nbsp;?<\/strong><\/h2>\n\n\n\n<p>La premi\u00e8re \u00e9tape d\u2019une telle \u00e9tude est de dresser un inventaire de l\u2019ensemble du mat\u00e9riel num\u00e9rique dans le p\u00e9rim\u00e8tre \u00e9tudi\u00e9, ce qui est plus ou moins facile selon les inventaires pr\u00e9sents. Certains \u00e9quipements n\u2019\u00e9tant pas inventori\u00e9s, principalement le petit mat\u00e9riel, leur nombre est estim\u00e9 selon les donn\u00e9es d\u2019achat. Pour les objets sans information, toute m\u00e9thode est bonne \u00e0 prendre. Cela peut aller de sondage, \u00e0 une simple estimation par une personne comp\u00e9tente.<\/p>\n\n\n\n<p>Dans un second temps, quelques valeurs doivent \u00eatre donn\u00e9es, principalement la dur\u00e9e de vie des diff\u00e9rents appareils, le mix \u00e9nerg\u00e9tique ainsi que des consommations \u00e9nerg\u00e9tiques principalement pour les datacenters.<\/p>\n\n\n\n<p>Finalement, des donn\u00e9es concernant le d\u00e9partement informatique (nombre de personnes, surface, d\u00e9placements, etc.) sont demand\u00e9es.<\/p>\n\n\n\n<h2 class=\"wp-block-heading\"><strong>Comment \u00e9value-t-on l\u2019impact environnemental&nbsp;?<\/strong><\/h2>\n\n\n\n<p>Chaque entreprise n\u2019a pas la possibilit\u00e9 d\u2019analyser le cycle de vie de chaque appareil qu\u2019elle a achet\u00e9. Elle doit donc se reposer sur des bases de donn\u00e9es internationales qui contiennent ces informations puis qui sont mises \u00e0 disposition des entreprises r\u00e9alisant une \u00e9tude d\u2019impact. Les conclusions sont donc tr\u00e8s fortement d\u00e9pendantes de la qualit\u00e9 des bases de donn\u00e9es utilis\u00e9es. L\u2019impact estim\u00e9 peut \u00e9galement monter, ou diminuer, lors de mise \u00e0 jour d\u2019une base de donn\u00e9es sans changement dans l\u2019entreprise. L\u2019avantage principal est de pouvoir ensuite comparer diff\u00e9rentes entreprises ce qui serait impossible si chaque entreprise estimait elle-m\u00eame l\u2019impact de chaque appareil.<\/p>\n\n\n\n<div class=\"wp-block-group has-light-green-cyan-to-vivid-green-cyan-gradient-background has-background\"><div class=\"wp-block-group__inner-container is-layout-constrained wp-block-group-is-layout-constrained\">\n<h4 class=\"wp-block-heading\">Qu\u2019en est-il de l\u2019impact environnemental de l\u2019UNIL ?<\/h4>\n\n\n\n<p>D\u00e9couvrez notre article consacr\u00e9 \u00e0 l&#8217;empreinte globale de l&rsquo;UNIL<\/p>\n\n\n\n<div class=\"wp-block-buttons is-layout-flex wp-block-buttons-is-layout-flex\">\n<div class=\"wp-block-button has-custom-width wp-block-button__width-50 is-style-fill\"><a class=\"wp-block-button__link has-luminous-vivid-amber-to-luminous-vivid-orange-gradient-background has-background wp-element-button\" href=\"https:\/\/wp.unil.ch\/newsci\/?p=2010\">Lire l&rsquo;article<\/a><\/div>\n<\/div>\n<\/div><\/div>\n\n\n\n<div class=\"wp-block-group has-border-background-color has-background\"><div class=\"wp-block-group__inner-container is-layout-constrained wp-block-group-is-layout-constrained\">\n<h4 class=\"wp-block-heading\">Le num\u00e9rique en Europe : une approche des impacts environnementaux par l&rsquo;analyse du cycle de vie <\/h4>\n\n\n\n<p>Si vous voulez approfondir le sujet du cycle de vie, nous vous recommandons <a href=\"https:\/\/www.greenit.fr\/wp-content\/uploads\/2021\/12\/EU-Study-ACV-7-DEC-FR.pdf\" target=\"_blank\" rel=\"noreferrer noopener\">cet article<\/a> du site greenit.fr.<\/p>\n<\/div><\/div>\n\n\n\n<h3 class=\"wp-block-heading\">Plus d&rsquo;info<\/h3>\n\n\n\n<ul class=\"wp-block-list\">\n<li><a href=\"https:\/\/fr.wikipedia.org\/wiki\/Analyse_du_cycle_de_vie\" data-type=\"link\" data-id=\"https:\/\/fr.wikipedia.org\/wiki\/Analyse_du_cycle_de_vie\" target=\"_blank\" rel=\"noreferrer noopener\">Article wikip\u00e9dia sur l\u2019analyse du cycle de vie, tout type de produit<\/a><\/li>\n\n\n\n<li><a href=\"https:\/\/www.eco-conception.fr\/static\/analyse-du-cycle-de-vie-acv.html\" target=\"_blank\" rel=\"noreferrer noopener\">Site web sur l\u2019analyse du cycle de vie<\/a><\/li>\n\n\n\n<li><a href=\"https:\/\/serval.unil.ch\/resource\/serval:BIB_F5B40AB0226A.P001\/REF.pdf\" target=\"_blank\" rel=\"noreferrer noopener\">Le num\u00e9rique, un choix de soci\u00e9t\u00e9 compatible avec la transition \u00e9cologique ?<\/a><\/li>\n<\/ul>\n\n\n\n<div style=\"height:100px\" aria-hidden=\"true\" class=\"wp-block-spacer\"><\/div>\n\n\n\n<p class=\"has-secondary-color has-text-color has-link-color has-small-font-size wp-elements-dc3491ef3f182310bf67b16bf0ec1f13\">Image d&rsquo;en-t\u00eate g\u00e9n\u00e9r\u00e9e par <a href=\"https:\/\/www.zegwaart.ch\" data-type=\"link\" data-id=\"me@zegwaart.ch\" target=\"_blank\" rel=\"noreferrer noopener\">Karim Khouw Zegwaart<\/a><\/p>\n","protected":false},"excerpt":{"rendered":"<p>D\u00e9couvrez rapidement comment l\u2019analyse du cycle de vie du mat\u00e9riel informatique est utilis\u00e9e pour mesurer l\u2019impact environnemental de l\u2019usage des outils num\u00e9riques.<\/p>\n","protected":false},"author":1001466,"featured_media":1989,"comment_status":"closed","ping_status":"closed","sticky":false,"template":"template-full-width-cover.php","format":"standard","meta":{"_seopress_robots_primary_cat":"","_seopress_titles_title":"","_seopress_titles_desc":"","_seopress_robots_index":"","footnotes":""},"categories":[9],"tags":[18],"class_list":["post-1965","post","type-post","status-publish","format-standard","has-post-thumbnail","category-materiel-et-logiciel","tag-affiche"],"_links":{"self":[{"href":"https:\/\/wp.unil.ch\/newsci\/wp-json\/wp\/v2\/posts\/1965","targetHints":{"allow":["GET"]}}],"collection":[{"href":"https:\/\/wp.unil.ch\/newsci\/wp-json\/wp\/v2\/posts"}],"about":[{"href":"https:\/\/wp.unil.ch\/newsci\/wp-json\/wp\/v2\/types\/post"}],"author":[{"embeddable":true,"href":"https:\/\/wp.unil.ch\/newsci\/wp-json\/wp\/v2\/users\/1001466"}],"replies":[{"embeddable":true,"href":"https:\/\/wp.unil.ch\/newsci\/wp-json\/wp\/v2\/comments?post=1965"}],"version-history":[{"count":5,"href":"https:\/\/wp.unil.ch\/newsci\/wp-json\/wp\/v2\/posts\/1965\/revisions"}],"predecessor-version":[{"id":2198,"href":"https:\/\/wp.unil.ch\/newsci\/wp-json\/wp\/v2\/posts\/1965\/revisions\/2198"}],"wp:featuredmedia":[{"embeddable":true,"href":"https:\/\/wp.unil.ch\/newsci\/wp-json\/wp\/v2\/media\/1989"}],"wp:attachment":[{"href":"https:\/\/wp.unil.ch\/newsci\/wp-json\/wp\/v2\/media?parent=1965"}],"wp:term":[{"taxonomy":"category","embeddable":true,"href":"https:\/\/wp.unil.ch\/newsci\/wp-json\/wp\/v2\/categories?post=1965"},{"taxonomy":"post_tag","embeddable":true,"href":"https:\/\/wp.unil.ch\/newsci\/wp-json\/wp\/v2\/tags?post=1965"}],"curies":[{"name":"wp","href":"https:\/\/api.w.org\/{rel}","templated":true}]}}