{"id":1164,"date":"2022-06-17T13:30:00","date_gmt":"2022-06-17T11:30:00","guid":{"rendered":"https:\/\/wp.unil.ch\/newsci\/?p=1164"},"modified":"2023-05-09T16:10:26","modified_gmt":"2023-05-09T14:10:26","slug":"les-outils-informatiques-pour-le-teletravail-a-lunil","status":"publish","type":"post","link":"https:\/\/wp.unil.ch\/newsci\/les-outils-informatiques-pour-le-teletravail-a-lunil\/","title":{"rendered":"Les outils informatiques pour le t\u00e9l\u00e9travail \u00e0 l&rsquo;UNIL"},"content":{"rendered":"\n<p>Le Centre informatique (Ci) fournit les technologies les plus fiables et les plus modernes pour faciliter le t\u00e9l\u00e9travail et soutenir les missions d&rsquo;enseignement, de recherche et d&rsquo;administration de l&rsquo;UNIL.<\/p>\n\n\n\n<p>Certains services sont r\u00e9serv\u00e9s au personnel de l&rsquo;UNIL alors que d&rsquo;autres peuvent aussi \u00eatre utilis\u00e9s par les \u00e9tudiants, \u00e9tudiantes et partenaires. D\u00e9couvrez tous les outils mis \u00e0 votre disposition pour que vous puissiez travailler en dehors du campus.<\/p>\n\n\n\n<div class=\"wp-block-columns is-layout-flex wp-container-core-columns-is-layout-9d6595d7 wp-block-columns-is-layout-flex\">\n<div class=\"wp-block-column is-layout-flow wp-block-column-is-layout-flow\">\n<div class=\"wp-block-group has-light-background-background-color has-background\"><div class=\"wp-block-group__inner-container is-layout-flow wp-block-group-is-layout-flow\">\n<figure class=\"wp-block-image size-full\"><img alt=\"\" loading=\"lazy\" decoding=\"async\" width=\"128\" height=\"128\" src=\"https:\/\/wp.unil.ch\/newsci\/files\/2022\/06\/ordi-1.png\" alt=\"\" class=\"wp-image-1195\" \/><\/figure>\n\n\n\n<h3 class=\"wp-block-heading\" id=\"help-desk\">Ordinateurs pour le t\u00e9l\u00e9travail<\/h3>\n\n\n\n<p>Si vous \u00eates au b\u00e9n\u00e9fice d\u2019une convention de t\u00e9l\u00e9travail, l\u2019Universit\u00e9 vous fournit un ordinateur portable pour vous permettre d\u2019utiliser votre machine et vos logiciels sur le campus ou depuis chez vous. Il vous faut donc privil\u00e9gier l\u2019utilisation d\u2019un ordinateur UNIL pour le t\u00e9l\u00e9travail.<\/p>\n\n\n\n<div style=\"height:20px\" aria-hidden=\"true\" class=\"wp-block-spacer\"><\/div>\n\n\n\n<div class=\"wp-block-buttons is-layout-flex wp-block-buttons-is-layout-flex\">\n<div class=\"wp-block-button\"><a class=\"wp-block-button__link wp-element-button\" href=\"https:\/\/www.unil.ch\/files\/live\/sites\/familles\/files\/img\/home\/Directive_1.40_Travail_flexible_mobile.pdf\">Directive 1.40<\/a><\/div>\n<\/div>\n<\/div><\/div>\n<\/div>\n\n\n\n<div class=\"wp-block-column is-layout-flow wp-block-column-is-layout-flow\">\n<div class=\"wp-block-group has-light-background-background-color has-background\"><div class=\"wp-block-group__inner-container is-layout-flow wp-block-group-is-layout-flow\">\n<figure class=\"wp-block-image size-full\"><img alt=\"\" loading=\"lazy\" decoding=\"async\" width=\"128\" height=\"128\" src=\"https:\/\/wp.unil.ch\/newsci\/files\/2022\/06\/ecran.png\" alt=\"\" class=\"wp-image-1196\" \/><\/figure>\n\n\n\n<h3 class=\"wp-block-heading\" id=\"help-desk\">Pr\u00eat d&rsquo;\u00e9cran d&rsquo;ordinateur pour le t\u00e9l\u00e9travail<\/h3>\n\n\n\n<p>Dans le cadre de la directive 1.40 sur le t\u00e9l\u00e9travail, la centrale d\u2019achats du Centre informatique met des \u00e9crans en pr\u00eat pour faciliter les t\u00e2ches r\u00e9alis\u00e9es depuis chez vous. Vous pouvez v\u00e9rifier votre \u00e9ligibilit\u00e9 sur nos pages consacr\u00e9es \u00e0 ces pr\u00eats.<\/p>\n\n\n\n<div class=\"wp-block-buttons is-layout-flex wp-block-buttons-is-layout-flex\">\n<div class=\"wp-block-button\"><a class=\"wp-block-button__link wp-element-button\" href=\"https:\/\/www.unil.ch\/ci\/pret-ecran\">Demander un pr\u00eat<\/a><\/div>\n<\/div>\n<\/div><\/div>\n<\/div>\n<\/div>\n\n\n\n<div class=\"wp-block-columns is-layout-flex wp-container-core-columns-is-layout-9d6595d7 wp-block-columns-is-layout-flex\">\n<div class=\"wp-block-column is-layout-flow wp-block-column-is-layout-flow\">\n<div class=\"wp-block-group has-light-background-background-color has-background\"><div class=\"wp-block-group__inner-container is-layout-flow wp-block-group-is-layout-flow\">\n<figure class=\"wp-block-image size-full\"><img alt=\"\" loading=\"lazy\" decoding=\"async\" width=\"128\" height=\"128\" src=\"https:\/\/wp.unil.ch\/newsci\/files\/2022\/06\/reseau.png\" alt=\"\" class=\"wp-image-1198\" \/><\/figure>\n\n\n\n<h3 class=\"wp-block-heading\" id=\"help-desk\">Acc\u00e8s au r\u00e9seau UNIL depuis chez soi<\/h3>\n\n\n\n<p>Pour acc\u00e9der \u00e0 tous les services de l\u2019UNIL depuis chez vous, il vous faut utiliser notre VPN \u00ab\u202fPulse secure\u202f\u00bb s\u00e9curis\u00e9 par une authentification \u00e0 double facteur. Ce r\u00e9seau vous permet d\u2019acc\u00e9der aux espaces de stockage propre \u00e0 votre \u00e9quipe et de continuer \u00e0 b\u00e9n\u00e9ficier des acc\u00e8s privil\u00e9gi\u00e9s (intranet administratif, sites de revues scientifiques\u2026) depuis chez vous.<\/p>\n\n\n\n<div class=\"wp-block-buttons is-layout-flex wp-block-buttons-is-layout-flex\">\n<div class=\"wp-block-button\"><a class=\"wp-block-button__link wp-element-button\" href=\"https:\/\/www.unil.ch\/ci\/reseau-unil-chez-soi\" target=\"_blank\" rel=\"noreferrer noopener\">Configurer le VPN<\/a><\/div>\n<\/div>\n<\/div><\/div>\n<\/div>\n\n\n\n<div class=\"wp-block-column is-layout-flow wp-block-column-is-layout-flow\">\n<div class=\"wp-block-group has-light-background-background-color has-background\"><div class=\"wp-block-group__inner-container is-layout-flow wp-block-group-is-layout-flow\">\n<figure class=\"wp-block-image size-full\"><img alt=\"\" loading=\"lazy\" decoding=\"async\" width=\"128\" height=\"128\" src=\"https:\/\/wp.unil.ch\/newsci\/files\/2022\/06\/backup.png\" alt=\"\" class=\"wp-image-1203\" \/><\/figure>\n\n\n\n<h3 class=\"wp-block-heading\" id=\"help-desk\">Sauvegarde du poste de travail<\/h3>\n\n\n\n<p>Prot\u00e9gez votre poste personnel UNIL des pertes de donn\u00e9es \u00e0 la suite de vols, pannes et autres malwares en installant notre logiciel de sauvegarde automatique. Vos donn\u00e9es seront automatiquement sauvegard\u00e9es sur un serveur UNIL toutes les 3 heures, pour peu que votre machine soit connect\u00e9e \u00e0 internet.<\/p>\n\n\n\n<div style=\"height:38px\" aria-hidden=\"true\" class=\"wp-block-spacer\"><\/div>\n\n\n\n<div class=\"wp-block-buttons is-layout-flex wp-block-buttons-is-layout-flex\">\n<div class=\"wp-block-button\"><a class=\"wp-block-button__link wp-element-button\" href=\"https:\/\/www.unil.ch\/ci\/backup\" target=\"_blank\" rel=\"noreferrer noopener\">Sauvegarder son ordinateur<\/a><\/div>\n<\/div>\n<\/div><\/div>\n<\/div>\n<\/div>\n\n\n\n<div class=\"wp-block-columns is-layout-flex wp-container-core-columns-is-layout-9d6595d7 wp-block-columns-is-layout-flex\">\n<div class=\"wp-block-column is-layout-flow wp-block-column-is-layout-flow\">\n<div class=\"wp-block-group has-light-background-background-color has-background\"><div class=\"wp-block-group__inner-container is-layout-flow wp-block-group-is-layout-flow\">\n<figure class=\"wp-block-image size-full\"><img alt=\"\" loading=\"lazy\" decoding=\"async\" width=\"128\" height=\"128\" src=\"https:\/\/wp.unil.ch\/newsci\/files\/2022\/06\/logiciel.png\" alt=\"\" class=\"wp-image-1199\" \/><\/figure>\n\n\n\n<h3 class=\"wp-block-heading\" id=\"help-desk\">Distribution de logiciels<\/h3>\n\n\n\n<p>L\u2019UNIL met \u00e0 disposition des membres UNIL une plateforme de distribution des logiciels les plus utilis\u00e9s, que cela soit au niveau administratif ou scientifique.<\/p>\n\n\n\n<div style=\"height:10px\" aria-hidden=\"true\" class=\"wp-block-spacer\"><\/div>\n\n\n\n<div class=\"wp-block-buttons is-layout-flex wp-block-buttons-is-layout-flex\">\n<div class=\"wp-block-button\"><a class=\"wp-block-button__link wp-element-button\" href=\"https:\/\/www.unil.ch\/ci\/home\/menuinst\/catalogue-de-services\/materiel-et-logiciel\/distribution-de-logiciels.html\" target=\"_blank\" rel=\"noreferrer noopener\">Commander et t\u00e9l\u00e9charger un logiciel<\/a><\/div>\n<\/div>\n<\/div><\/div>\n<\/div>\n\n\n\n<div class=\"wp-block-column is-layout-flow wp-block-column-is-layout-flow\">\n<div class=\"wp-block-group has-light-background-background-color has-background\"><div class=\"wp-block-group__inner-container is-layout-flow wp-block-group-is-layout-flow\">\n<figure class=\"wp-block-image size-full\"><img alt=\"\" loading=\"lazy\" decoding=\"async\" width=\"128\" height=\"128\" src=\"https:\/\/wp.unil.ch\/newsci\/files\/2022\/06\/email.png\" alt=\"\" class=\"wp-image-1200\" \/><\/figure>\n\n\n\n<h3 class=\"wp-block-heading\" id=\"help-desk\">Email et calendriers<\/h3>\n\n\n\n<p>Pour une plus grande flexibilit\u00e9, vous pouvez acc\u00e9der \u00e0 votre <a rel=\"noreferrer noopener\" href=\"https:\/\/www.unil.ch\/ci\/home\/menuinst\/catalogue-de-services\/email-et-calendrier\/messagerie.html\" target=\"_blank\">messagerie<\/a> et <a rel=\"noreferrer noopener\" href=\"https:\/\/www.unil.ch\/ci\/home\/menuinst\/catalogue-de-services\/email-et-calendrier\/calendriers.html\" target=\"_blank\">calendrier<\/a> depuis un <a rel=\"noreferrer noopener\" href=\"https:\/\/owa.unil.ch\/\" target=\"_blank\">navigateur internet<\/a> ou configurer la messagerie sur vos appareils pour plus de confort.&nbsp;<\/p>\n\n\n\n<div class=\"wp-block-buttons is-layout-flex wp-block-buttons-is-layout-flex\">\n<div class=\"wp-block-button\"><a class=\"wp-block-button__link wp-element-button\" href=\"https:\/\/www.unil.ch\/ci\/exchange\">Acc\u00e9der aux services<\/a><\/div>\n<\/div>\n<\/div><\/div>\n<\/div>\n<\/div>\n\n\n\n<div class=\"wp-block-columns is-layout-flex wp-container-core-columns-is-layout-9d6595d7 wp-block-columns-is-layout-flex\">\n<div class=\"wp-block-column is-layout-flow wp-block-column-is-layout-flow\">\n<div class=\"wp-block-group has-light-background-background-color has-background\"><div class=\"wp-block-group__inner-container is-layout-flow wp-block-group-is-layout-flow\">\n<figure class=\"wp-block-image size-full\"><img alt=\"\" loading=\"lazy\" decoding=\"async\" width=\"128\" height=\"128\" src=\"https:\/\/wp.unil.ch\/newsci\/files\/2022\/06\/tel.png\" alt=\"\" class=\"wp-image-1201\" \/><\/figure>\n\n\n\n<h3 class=\"wp-block-heading\" id=\"help-desk\">Communication, t\u00e9l\u00e9phonie et vid\u00e9oconf\u00e9rence<\/h3>\n\n\n\n<p>Pour travailler en groupe, communiquer par message, t\u00e9l\u00e9phone ou par visioconf\u00e9rence, le Ci fournit \u00e0 tous les membres de l&rsquo;Universit\u00e9 de Lausanne l\u2019outil de communication TEAMS.<\/p>\n\n\n\n<div class=\"wp-block-buttons is-layout-flex wp-block-buttons-is-layout-flex\">\n<div class=\"wp-block-button\"><a class=\"wp-block-button__link wp-element-button\" href=\"https:\/\/www.unil.ch\/ci\/home\/menuinst\/catalogue-de-services\/reseau-et-telephonie\/communication-unifiee.html\" target=\"_blank\" rel=\"noreferrer noopener\">Acc\u00e9der au logiciel<\/a><\/div>\n<\/div>\n<\/div><\/div>\n<\/div>\n\n\n\n<div class=\"wp-block-column is-layout-flow wp-block-column-is-layout-flow\">\n<div class=\"wp-block-group has-light-background-background-color has-background\"><div class=\"wp-block-group__inner-container is-layout-flow wp-block-group-is-layout-flow\">\n<figure class=\"wp-block-image size-full\"><img alt=\"\" loading=\"lazy\" decoding=\"async\" width=\"128\" height=\"128\" src=\"https:\/\/wp.unil.ch\/newsci\/files\/2022\/06\/softteletravail.png\" alt=\"\" class=\"wp-image-1202\" \/><\/figure>\n\n\n\n<h3 class=\"wp-block-heading\" id=\"help-desk\">Suites bureautiques en ligne<\/h3>\n\n\n\n<p>Pour faciliter le travail collaboratif, la plateforme office.com vous donne acc\u00e8s \u00e0 la suite office en ligne qui vous permet de travailler \u00e0 distance sur vos documents. Elle int\u00e8gre aussi Onedrive et Microsoft Teams qui vous permettent de partager facilement des fichiers avec vos coll\u00e8gues.&nbsp;<\/p>\n\n\n\n<div class=\"wp-block-buttons is-layout-flex wp-block-buttons-is-layout-flex\">\n<div class=\"wp-block-button\"><a class=\"wp-block-button__link wp-element-button\" href=\"https:\/\/www.office.com\/\" target=\"_blank\" rel=\"noreferrer noopener\">Se connecter \u00e0 office.com<\/a><\/div>\n<\/div>\n<\/div><\/div>\n<\/div>\n<\/div>\n\n\n\n<div class=\"wp-block-columns is-layout-flex wp-container-core-columns-is-layout-9d6595d7 wp-block-columns-is-layout-flex\">\n<div class=\"wp-block-column is-layout-flow wp-block-column-is-layout-flow\">\n<div class=\"wp-block-group has-light-background-background-color has-background\"><div class=\"wp-block-group__inner-container is-layout-flow wp-block-group-is-layout-flow\">\n<figure class=\"wp-block-image size-full\"><img alt=\"\" loading=\"lazy\" decoding=\"async\" width=\"128\" height=\"128\" src=\"https:\/\/wp.unil.ch\/newsci\/files\/2022\/06\/share.png\" alt=\"\" class=\"wp-image-1205\" \/><\/figure>\n\n\n\n<h3 class=\"wp-block-heading\" id=\"help-desk\">Sauvegarde et partage de document<\/h3>\n\n\n\n<p>Via la suite microsoft365, vous disposez d\u2019un acc\u00e8s au Cloud Onedrive, permettant d\u2019y stocker vos donn\u00e9es et les synchroniser avec tous vos appareils. <\/p>\n\n\n\n<p>Ce service vous permet aussi de partager des documents directement depuis votre drive en seulement quelques clics.<\/p>\n\n\n\n<div class=\"wp-block-buttons is-layout-flex wp-block-buttons-is-layout-flex\">\n<div class=\"wp-block-button\"><a class=\"wp-block-button__link wp-element-button\" href=\"https:\/\/unils-my.sharepoint.com\" target=\"_blank\" rel=\"noreferrer noopener\">Acc\u00e9der \u00e0 Onedrive<\/a><\/div>\n<\/div>\n<\/div><\/div>\n<\/div>\n\n\n\n<div class=\"wp-block-column is-layout-flow wp-block-column-is-layout-flow\">\n<div class=\"wp-block-group has-light-background-background-color has-background\"><div class=\"wp-block-group__inner-container is-layout-flow wp-block-group-is-layout-flow\">\n<figure class=\"wp-block-image size-full\"><img alt=\"\" loading=\"lazy\" decoding=\"async\" width=\"128\" height=\"128\" src=\"https:\/\/wp.unil.ch\/newsci\/files\/2022\/06\/cours.png\" alt=\"\" class=\"wp-image-1197\" \/><\/figure>\n\n\n\n<h3 class=\"wp-block-heading\" id=\"help-desk\">Cours informatique en ligne&nbsp;<\/h3>\n\n\n\n<p>Gr\u00e2ce \u00e0 votre compte UNIL, vous avez acc\u00e8s \u00e0 LinkedIn Learning qui propose de nombreuses formations informatiques en ligne que vous pouvez suivre \u00e0 votre rythme et depuis chez vous.&nbsp;<\/p>\n\n\n\n<div style=\"height:60px\" aria-hidden=\"true\" class=\"wp-block-spacer\"><\/div>\n\n\n\n<div class=\"wp-block-buttons is-layout-flex wp-block-buttons-is-layout-flex\">\n<div class=\"wp-block-button\"><a class=\"wp-block-button__link wp-element-button\" href=\"https:\/\/www.unil.ch\/ci\/e-learning\" target=\"_blank\" rel=\"noreferrer noopener\">Se former sur LinkedIn Learning<\/a><\/div>\n<\/div>\n<\/div><\/div>\n<\/div>\n<\/div>\n\n\n\n<h3 class=\"wp-block-heading\">Services externes<\/h3>\n\n\n\n<div class=\"wp-block-columns is-layout-flex wp-container-core-columns-is-layout-9d6595d7 wp-block-columns-is-layout-flex\">\n<div class=\"wp-block-column is-layout-flow wp-block-column-is-layout-flow\">\n<div class=\"wp-block-group has-light-background-background-color has-background\"><div class=\"wp-block-group__inner-container is-layout-flow wp-block-group-is-layout-flow\">\n<h3 class=\"wp-block-heading\" id=\"help-desk\">Diffusion des cours et enseignement \u00e0 distance<\/h3>\n\n\n\n<p>Le <a rel=\"noreferrer noopener\" href=\"https:\/\/unil.ch\/cse\/home.html\" target=\"_blank\">Centre de soutien \u00e0 l&rsquo;enseignement<\/a> (CSE) met \u00e0 disposition des outils et du mat\u00e9riel pour diffuser en direct ou en diff\u00e9rer vos cours.&nbsp;<\/p>\n\n\n\n<div class=\"wp-block-buttons is-layout-flex wp-block-buttons-is-layout-flex\">\n<div class=\"wp-block-button\"><a class=\"wp-block-button__link wp-element-button\" href=\"https:\/\/unil.ch\/cse\/home.html\" target=\"_blank\" rel=\"noreferrer noopener\">Acc\u00e9der au site du CSE<\/a><\/div>\n<\/div>\n<\/div><\/div>\n<\/div>\n\n\n\n<div class=\"wp-block-column is-layout-flow wp-block-column-is-layout-flow\">\n<div class=\"wp-block-group has-light-background-background-color has-background\"><div class=\"wp-block-group__inner-container is-layout-flow wp-block-group-is-layout-flow\">\n<h3 class=\"wp-block-heading\" id=\"help-desk\">Pr\u00eat d\u2019une chaise de bureau<\/h3>\n\n\n\n<p>Toute personne en possession de l\u2019annexe de la convention de t\u00e9l\u00e9travail peut \u00e9galement demander le pr\u00eat d\u2019une chaise de bureau pour son domicile au service UNIBAT selon le processus habituel de demande de mobilier<\/p>\n\n\n\n<div class=\"wp-block-buttons is-layout-flex wp-block-buttons-is-layout-flex\">\n<div class=\"wp-block-button\"><a class=\"wp-block-button__link wp-element-button\" href=\"https:\/\/www.unil.ch\/unibat\/fr\/home\/menuinst\/Formulaires\/demande-de-mobilier.html\">Acc\u00e9der au service de pr\u00eat<\/a><\/div>\n<\/div>\n<\/div><\/div>\n<\/div>\n<\/div>\n\n\n\n<h3 class=\"wp-block-heading\">Liens utiles<\/h3>\n\n\n\n<ul class=\"wp-block-list\">\n<li><a rel=\"noreferrer noopener\" href=\"https:\/\/www.unil.ch\/ci\/protection-donnees-personnelles\" target=\"_blank\">Protection des donn\u00e9es personnelles : outils d&rsquo;enseignement \u00e0 distance, outils collaboratifs et de t\u00e9l\u00e9travail<\/a>&nbsp;<\/li>\n\n\n\n<li><a rel=\"noreferrer noopener\" href=\"https:\/\/www.unil.ch\/files\/live\/sites\/familles\/files\/img\/home\/Directive_1.40_Travail_flexible_mobile.pdf\" target=\"_blank\">Directive 1.40<\/a>&nbsp;<\/li>\n\n\n\n<li><a rel=\"noreferrer noopener\" href=\"https:\/\/www.unil.ch\/ci\/services\" target=\"_blank\">Catalogue de services du Centre informatique<\/a><\/li>\n<\/ul>\n\n\n\n<div style=\"height:75px\" aria-hidden=\"true\" class=\"wp-block-spacer\"><\/div>\n\n\n\n<p class=\"has-secondary-color has-text-color has-small-font-size\">Image d\u2019en-t\u00eate: Annie Spratt sur Unsplash.com<br>Ic\u00f4nes: Freepik sur Flaticon, modifi\u00e9s par <a rel=\"noreferrer noopener\" href=\"https:\/\/zegwaart.ch\" target=\"_blank\">Karim Khouw Zegwaart<\/a><br>Article modifi\u00e9 le 9 mai 2023 : modification tuile \u00ab\u00a0Sauvegarde et partage de document\u00a0\u00bb<\/p>\n","protected":false},"excerpt":{"rendered":"<p>D\u00e9couvrez tous les outils que l&rsquo;UNIL met \u00e0 disposition pour faciliter le t\u00e9l\u00e9travail : communication, collaboration, acc\u00e8s aux ressources, connexion par VPN au r\u00e9seau de l&rsquo;UNIL, visioconf\u00e9rence, etc.<\/p>\n","protected":false},"author":1002203,"featured_media":1176,"comment_status":"closed","ping_status":"closed","sticky":false,"template":"template-full-width-cover.php","format":"standard","meta":{"_seopress_robots_primary_cat":"","_seopress_titles_title":"","_seopress_titles_desc":"","_seopress_robots_index":"","footnotes":""},"categories":[3,4,5,9,11,12,13,14,15,10],"tags":[19],"class_list":["post-1164","post","type-post","status-publish","format-standard","has-post-thumbnail","category-authentification-et-comptes","category-communication-et-web","category-email-et-calendrier","category-materiel-et-logiciel","category-recherche","category-reseau-et-telephonie","category-sauvegarde-et-securite","category-stockage-et-serveur","category-support-et-formation","category-teletravail-et-outils-quotidiens","tag-indemodables"],"_links":{"self":[{"href":"https:\/\/wp.unil.ch\/newsci\/wp-json\/wp\/v2\/posts\/1164","targetHints":{"allow":["GET"]}}],"collection":[{"href":"https:\/\/wp.unil.ch\/newsci\/wp-json\/wp\/v2\/posts"}],"about":[{"href":"https:\/\/wp.unil.ch\/newsci\/wp-json\/wp\/v2\/types\/post"}],"author":[{"embeddable":true,"href":"https:\/\/wp.unil.ch\/newsci\/wp-json\/wp\/v2\/users\/1002203"}],"replies":[{"embeddable":true,"href":"https:\/\/wp.unil.ch\/newsci\/wp-json\/wp\/v2\/comments?post=1164"}],"version-history":[{"count":0,"href":"https:\/\/wp.unil.ch\/newsci\/wp-json\/wp\/v2\/posts\/1164\/revisions"}],"wp:featuredmedia":[{"embeddable":true,"href":"https:\/\/wp.unil.ch\/newsci\/wp-json\/wp\/v2\/media\/1176"}],"wp:attachment":[{"href":"https:\/\/wp.unil.ch\/newsci\/wp-json\/wp\/v2\/media?parent=1164"}],"wp:term":[{"taxonomy":"category","embeddable":true,"href":"https:\/\/wp.unil.ch\/newsci\/wp-json\/wp\/v2\/categories?post=1164"},{"taxonomy":"post_tag","embeddable":true,"href":"https:\/\/wp.unil.ch\/newsci\/wp-json\/wp\/v2\/tags?post=1164"}],"curies":[{"name":"wp","href":"https:\/\/api.w.org\/{rel}","templated":true}]}}