{"id":1507,"date":"2021-02-01T08:50:54","date_gmt":"2021-02-01T07:50:54","guid":{"rendered":"https:\/\/wp.unil.ch\/narratologie\/?p=1507"},"modified":"2021-02-01T08:50:56","modified_gmt":"2021-02-01T07:50:56","slug":"optional-narrator-theory-principles-perspectives-proposals-annonce-de-parution","status":"publish","type":"post","link":"https:\/\/wp.unil.ch\/narratologie\/2021\/02\/optional-narrator-theory-principles-perspectives-proposals-annonce-de-parution\/","title":{"rendered":"Optional-Narrator Theory: Principles, Perspectives, Proposals (annonce de parution)"},"content":{"rendered":"\n<p>La pr\u00e9sence d\u2019un narrateur fictionnel dans tous les r\u00e9cits de fiction est l\u2019hypoth\u00e8se fondamentale qui distingue la narratologie des th\u00e9ories narrative ant\u00e9rieures.\u00a0Cependant, d\u00e8s les premi\u00e8res formulations de cette hypoth\u00e8se, des voix se sont \u00e9lev\u00e9es pour d\u00e9noncer une simplification excessive et une dangereuse confusion des questions.\u00a0<em>Optional-Narrator Theory\u00a0<\/em>est le premier recueil d\u2019essais \u00e0 s\u2019int\u00e9resser exclusivement au narrateur du point de vue des th\u00e9ories du narrateur optionnel.<\/p>\n\n\n\n<p>Sylvie Patron est connue pour ses travaux en faveur des th\u00e9ories du narrateur optionnel. Son ouvrage comporte \u00e9galement des essais sign\u00e9s par de nombreux chercheurs de renom, parmi lesquels Jonathan Culler et John Brenkman. Il couvre un large \u00e9ventail de genres, du r\u00e9cit biblique \u00e0 la po\u00e9sie, en passant par la bande dessin\u00e9e.\u00a0Le volume renforce le dialogue entre les th\u00e9oriciens \u00ab\u00a0optionalistes\u00a0\u00bb et les th\u00e9oriciens \u00ab panistes\u00a0\u00bb dans de nombreux domaines de\u00a0 recherche.\u00a0Ces essais entendent intervenir dans (ou contre) la narratologie, en s\u2019opposant \u00e0 la doxa r\u00e9pandue chez les th\u00e9oriciens du r\u00e9cit en g\u00e9n\u00e9ral et du roman en particulier selon laquelle la pr\u00e9sence d\u2019un narrateur fictionnel constituerait un trait d\u00e9finitoire des r\u00e9cits de fiction.\u00a0Il s\u2019agit d\u2019un sujet crucial \u00e0 la fois\u00a0pour la th\u00e9orie narrative et pour la critique litt\u00e9raire.<\/p>\n\n\n\n<p>Sylvie Patron (dir.) (2021), <em>Optional-Narrator Theory: Principles, Perspectives, Proposals<\/em>, Lincoln, University of Nebraska Press, \u00ab\u00a0Frontiers of Narrative\u00a0\u00bb. <\/p>\n\n\n\n<p>Pr\u00e9sentation de l&rsquo;ouvrage sur le site de l\u2019\u00e9diteur :\u00a0<a href=\"https:\/\/www.nebraskapress.unl.edu\/nebraska\/9781496223371\/\" target=\"_blank\" rel=\"noreferrer noopener\">https:\/\/www.nebraskapress.unl.edu\/nebraska\/9781496223371\/<\/a><\/p>\n","protected":false},"excerpt":{"rendered":"<p>La pr\u00e9sence d\u2019un narrateur fictionnel dans tous les r\u00e9cits de fiction est l\u2019hypoth\u00e8se fondamentale qui distingue la narratologie des th\u00e9ories narrative ant\u00e9rieures.\u00a0Cependant, d\u00e8s les premi\u00e8res formulations de cette hypoth\u00e8se, des voix se sont \u00e9lev\u00e9es pour d\u00e9noncer une simplification excessive et<\/p>\n","protected":false},"author":1001512,"featured_media":0,"comment_status":"closed","ping_status":"closed","sticky":false,"template":"","format":"standard","meta":{"_seopress_robots_primary_cat":"","_seopress_titles_title":"","_seopress_titles_desc":"","_seopress_robots_index":"","footnotes":""},"categories":[1],"tags":[],"class_list":{"0":"post-1507","1":"post","2":"type-post","3":"status-publish","4":"format-standard","6":"category-uncategorized"},"_links":{"self":[{"href":"https:\/\/wp.unil.ch\/narratologie\/wp-json\/wp\/v2\/posts\/1507","targetHints":{"allow":["GET"]}}],"collection":[{"href":"https:\/\/wp.unil.ch\/narratologie\/wp-json\/wp\/v2\/posts"}],"about":[{"href":"https:\/\/wp.unil.ch\/narratologie\/wp-json\/wp\/v2\/types\/post"}],"author":[{"embeddable":true,"href":"https:\/\/wp.unil.ch\/narratologie\/wp-json\/wp\/v2\/users\/1001512"}],"replies":[{"embeddable":true,"href":"https:\/\/wp.unil.ch\/narratologie\/wp-json\/wp\/v2\/comments?post=1507"}],"version-history":[{"count":0,"href":"https:\/\/wp.unil.ch\/narratologie\/wp-json\/wp\/v2\/posts\/1507\/revisions"}],"wp:attachment":[{"href":"https:\/\/wp.unil.ch\/narratologie\/wp-json\/wp\/v2\/media?parent=1507"}],"wp:term":[{"taxonomy":"category","embeddable":true,"href":"https:\/\/wp.unil.ch\/narratologie\/wp-json\/wp\/v2\/categories?post=1507"},{"taxonomy":"post_tag","embeddable":true,"href":"https:\/\/wp.unil.ch\/narratologie\/wp-json\/wp\/v2\/tags?post=1507"}],"curies":[{"name":"wp","href":"https:\/\/api.w.org\/{rel}","templated":true}]}}