{"id":221,"date":"2022-06-27T09:42:22","date_gmt":"2022-06-27T07:42:22","guid":{"rendered":"https:\/\/wp.unil.ch\/moral-accounting\/?p=221"},"modified":"2022-10-24T14:25:28","modified_gmt":"2022-10-24T12:25:28","slug":"article-dans-une-revue","status":"publish","type":"post","link":"https:\/\/wp.unil.ch\/moral-accounting\/article-dans-une-revue\/","title":{"rendered":"Harro Maas, Monitoring the self: Fran\u00e7ois-Marc-Louis Naville and his moral tables"},"content":{"rendered":"\n<p><strong>R\u00e9sum\u00e9<\/strong> :<\/p>\n\n\n\n<p>Cet article examine les pratiques d&rsquo;auto-mesure et d&rsquo;autosurveillance d&rsquo;un pasteur genevois et innovateur p\u00e9dagogique du d\u00e9but du XIXe si\u00e8cle, Fran\u00e7ois-Marc-Louis Naville, qui utilisait abondamment les outils de calcul moral de Benjamin Franklin et un outil moins connu, le thermom\u00e8tre moral de Marc-Antoine Jullien, pour diriger sa vie, surveiller et am\u00e9liorer son caract\u00e8re moral. Ma contribution met en lumi\u00e8re la fa\u00e7on dont les technologies de quantification ont fa\u00e7onn\u00e9 les notions de responsabilit\u00e9 personnelle et de caract\u00e8re dans un contexte utilitaire \u00e9mergent. Je situe l&rsquo;utilisation de ces outils par Naville dans le cadre de son travail de pasteur dans une paroisse de la R\u00e9publique de Gen\u00e8ve (alors occup\u00e9e) et dans le cadre du mouvement de r\u00e9forme p\u00e9dagogique genevois et suisse du d\u00e9but du XIXe si\u00e8cle. Je pr\u00e9sente un examen d\u00e9taill\u00e9 de la mani\u00e8re dont Naville a utilis\u00e9 et adapt\u00e9 les outils de comptabilit\u00e9 morale de Franklin et de Jullien \u00e0 ses propres fins morales et religieuses. Le temps, le don le plus pr\u00e9cieux de Dieu \u00e0 l&rsquo;homme, a servi \u00e0 Naville de mesure ultime de sa valeur morale.<\/p>\n\n\n\n<p><a href=\"https:\/\/journals.sagepub.com\/doi\/full\/10.1177\/0073275319876851\">Lien vers l&rsquo;article<\/a><\/p>\n\n\n\n<p>Pour citer cet article : Maas, H. (2020). Monitoring the self: Fran\u00e7ois-Marc-Louis Naville and his moral tables. <em>History of Science<\/em>, <em>58<\/em>(2), 117\u2013141. <a href=\"https:\/\/doi.org\/10.1177\/0073275319876851\">https:\/\/doi.org\/10.1177\/0073275319876851<\/a><\/p>\n","protected":false},"excerpt":{"rendered":"<p>R\u00e9sum\u00e9 : Cet article examine les pratiques d&rsquo;auto-mesure et d&rsquo;autosurveillance d&rsquo;un pasteur genevois et innovateur p\u00e9dagogique du d\u00e9but du XIXe si\u00e8cle, Fran\u00e7ois-Marc-Louis Naville, qui utilisait abondamment les outils de calcul &hellip; <\/p>\n","protected":false},"author":1002449,"featured_media":0,"comment_status":"closed","ping_status":"closed","sticky":false,"template":"","format":"standard","meta":{"_seopress_robots_primary_cat":"","_seopress_titles_title":"","_seopress_titles_desc":"","_seopress_robots_index":"","footnotes":""},"categories":[8],"tags":[],"class_list":{"0":"post-221","1":"post","2":"type-post","3":"status-publish","4":"format-standard","6":"category-publication"},"_links":{"self":[{"href":"https:\/\/wp.unil.ch\/moral-accounting\/wp-json\/wp\/v2\/posts\/221","targetHints":{"allow":["GET"]}}],"collection":[{"href":"https:\/\/wp.unil.ch\/moral-accounting\/wp-json\/wp\/v2\/posts"}],"about":[{"href":"https:\/\/wp.unil.ch\/moral-accounting\/wp-json\/wp\/v2\/types\/post"}],"author":[{"embeddable":true,"href":"https:\/\/wp.unil.ch\/moral-accounting\/wp-json\/wp\/v2\/users\/1002449"}],"replies":[{"embeddable":true,"href":"https:\/\/wp.unil.ch\/moral-accounting\/wp-json\/wp\/v2\/comments?post=221"}],"version-history":[{"count":0,"href":"https:\/\/wp.unil.ch\/moral-accounting\/wp-json\/wp\/v2\/posts\/221\/revisions"}],"wp:attachment":[{"href":"https:\/\/wp.unil.ch\/moral-accounting\/wp-json\/wp\/v2\/media?parent=221"}],"wp:term":[{"taxonomy":"category","embeddable":true,"href":"https:\/\/wp.unil.ch\/moral-accounting\/wp-json\/wp\/v2\/categories?post=221"},{"taxonomy":"post_tag","embeddable":true,"href":"https:\/\/wp.unil.ch\/moral-accounting\/wp-json\/wp\/v2\/tags?post=221"}],"curies":[{"name":"wp","href":"https:\/\/api.w.org\/{rel}","templated":true}]}}