{"id":2728,"date":"2021-09-16T11:03:18","date_gmt":"2021-09-16T09:03:18","guid":{"rendered":"https:\/\/wp.unil.ch\/monumentsvaudois\/?p=2728"},"modified":"2021-09-16T11:03:51","modified_gmt":"2021-09-16T09:03:51","slug":"giuliana-merlo-les-voiles-minces-en-beton-dheinz-isler","status":"publish","type":"post","link":"https:\/\/wp.unil.ch\/monumentsvaudois\/2021\/09\/giuliana-merlo-les-voiles-minces-en-beton-dheinz-isler\/","title":{"rendered":"Giuliana Merlo, \u00ab\u00a0Ic\u00f4nes de la modernit\u00e9 ou sculptures minimalistes ? Les voiles minces en b\u00e9ton d\u2019Heinz Isler\u00a0\u00bb"},"content":{"rendered":"\n<p>Auteur de pr\u00e8s de 1400 coques en b\u00e9ton en Suisse et \u00e0 l\u2019\u00e9tranger, Heinz Isler (1926-2009) s\u2019inscrit dans la lign\u00e9e des ing\u00e9nieurs\u00a0dits \u00ab\u00a0structurels\u00a0\u00bb. \u00c0 la fois ing\u00e9nieur et architecte, il recourt \u00e0 des\u00a0m\u00e9thodes de cr\u00e9ation de formes peu conventionnelles, inspir\u00e9es des lois de la nature, qui lui permettent d\u2019obtenir des structures complexes, extr\u00eamement stables, malgr\u00e9 leur finesse \u2013 proportionnellement parlant, elles sont trois fois plus fines que la coquille d\u2019un \u0153uf. Bien plus que des constructions utilitaires, les voiles minces, symboles de modernit\u00e9 et de progr\u00e8s technique, se transforment devant l\u2019objectif de l\u2019ing\u00e9nieur-artiste en de monumentales sculptures minimalistes, inscrivant son \u0153uvre dans un nouveau discours.<\/p>\n\n\n\n<div class=\"wp-block-image wp-image-2548 size-large\"><figure class=\"alignleft size-large\"><img loading=\"lazy\" decoding=\"async\" width=\"1024\" height=\"727\" src=\"https:\/\/wp.unil.ch\/monumentsvaudois\/files\/2021\/09\/Article_Giuliana-1024x727.jpg\" alt=\"Piscine couverte \u00e0 Brugg\" class=\"wp-image-2715\" srcset=\"https:\/\/wp.unil.ch\/monumentsvaudois\/files\/2021\/09\/Article_Giuliana-1024x727.jpg 1024w, https:\/\/wp.unil.ch\/monumentsvaudois\/files\/2021\/09\/Article_Giuliana-300x213.jpg 300w, https:\/\/wp.unil.ch\/monumentsvaudois\/files\/2021\/09\/Article_Giuliana-150x106.jpg 150w, https:\/\/wp.unil.ch\/monumentsvaudois\/files\/2021\/09\/Article_Giuliana-768x545.jpg 768w, https:\/\/wp.unil.ch\/monumentsvaudois\/files\/2021\/09\/Article_Giuliana-1536x1090.jpg 1536w, https:\/\/wp.unil.ch\/monumentsvaudois\/files\/2021\/09\/Article_Giuliana.jpg 1691w\" sizes=\"auto, (max-width: 1024px) 100vw, 1024px\" \/><figcaption>Heinz Isler, Piscine couverte \u00e0 Brugg (AG), 1981 (gta Archiv \/ ETH Z\u00fcrich).<\/figcaption><\/figure><\/div>\n","protected":false},"excerpt":{"rendered":"<p>Auteur de pr\u00e8s de 1400 coques en b\u00e9ton en Suisse et \u00e0 l\u2019\u00e9tranger, Heinz Isler (1926-2009) s\u2019inscrit dans la lign\u00e9e des ing\u00e9nieurs\u00a0dits \u00ab\u00a0structurels\u00a0\u00bb. \u00c0 la fois ing\u00e9nieur et architecte, il recourt \u00e0 des\u00a0m\u00e9thodes de cr\u00e9ation de formes peu conventionnelles, inspir\u00e9es<\/p>\n","protected":false},"author":1002009,"featured_media":0,"comment_status":"closed","ping_status":"closed","sticky":false,"template":"","format":"standard","meta":{"_seopress_robots_primary_cat":"","_seopress_titles_title":"","_seopress_titles_desc":"","_seopress_robots_index":"","footnotes":"","_links_to":"","_links_to_target":""},"categories":[51258,423],"tags":[361,113,31063],"class_list":{"0":"post-2728","1":"post","2":"type-post","3":"status-publish","4":"format-standard","6":"category-mvd-11-2021","7":"category-ouverture","8":"tag-architecture","9":"tag-universite","10":"tag-histoire-de-lart"},"_links":{"self":[{"href":"https:\/\/wp.unil.ch\/monumentsvaudois\/wp-json\/wp\/v2\/posts\/2728","targetHints":{"allow":["GET"]}}],"collection":[{"href":"https:\/\/wp.unil.ch\/monumentsvaudois\/wp-json\/wp\/v2\/posts"}],"about":[{"href":"https:\/\/wp.unil.ch\/monumentsvaudois\/wp-json\/wp\/v2\/types\/post"}],"author":[{"embeddable":true,"href":"https:\/\/wp.unil.ch\/monumentsvaudois\/wp-json\/wp\/v2\/users\/1002009"}],"replies":[{"embeddable":true,"href":"https:\/\/wp.unil.ch\/monumentsvaudois\/wp-json\/wp\/v2\/comments?post=2728"}],"version-history":[{"count":0,"href":"https:\/\/wp.unil.ch\/monumentsvaudois\/wp-json\/wp\/v2\/posts\/2728\/revisions"}],"wp:attachment":[{"href":"https:\/\/wp.unil.ch\/monumentsvaudois\/wp-json\/wp\/v2\/media?parent=2728"}],"wp:term":[{"taxonomy":"category","embeddable":true,"href":"https:\/\/wp.unil.ch\/monumentsvaudois\/wp-json\/wp\/v2\/categories?post=2728"},{"taxonomy":"post_tag","embeddable":true,"href":"https:\/\/wp.unil.ch\/monumentsvaudois\/wp-json\/wp\/v2\/tags?post=2728"}],"curies":[{"name":"wp","href":"https:\/\/api.w.org\/{rel}","templated":true}]}}