{"id":823,"date":"2017-10-24T15:54:58","date_gmt":"2017-10-24T13:54:58","guid":{"rendered":"http:\/\/wp.unil.ch\/metis\/?p=823"},"modified":"2018-11-26T11:03:18","modified_gmt":"2018-11-26T10:03:18","slug":"la-collection-mainzer-historische-kulturwissenschaften","status":"publish","type":"post","link":"https:\/\/wp.unil.ch\/metis\/2017\/10\/la-collection-mainzer-historische-kulturwissenschaften\/","title":{"rendered":"La collection \u00ab Mainzer Historische Kulturwissenschaften \u00bb"},"content":{"rendered":"<p><strong><em>Par Selina\u00a0Follonier<\/em><\/strong><\/p>\n<p><a href=\"https:\/\/wp.unil.ch\/metis\/files\/2018\/01\/Cover_Historische-Kulturwissenschaften.jpg\"><img alt=\"\" loading=\"lazy\" decoding=\"async\" class=\"alignleft size-medium wp-image-1789\" src=\"https:\/\/wp.unil.ch\/metis\/files\/2018\/01\/Cover_Historische-Kulturwissenschaften-197x300.jpg\" alt=\"\" width=\"197\" height=\"300\" srcset=\"https:\/\/wp.unil.ch\/metis\/files\/2018\/01\/Cover_Historische-Kulturwissenschaften-197x300.jpg 197w, https:\/\/wp.unil.ch\/metis\/files\/2018\/01\/Cover_Historische-Kulturwissenschaften-673x1024.jpg 673w, https:\/\/wp.unil.ch\/metis\/files\/2018\/01\/Cover_Historische-Kulturwissenschaften-145x220.jpg 145w, https:\/\/wp.unil.ch\/metis\/files\/2018\/01\/Cover_Historische-Kulturwissenschaften.jpg 720w\" sizes=\"auto, (max-width: 197px) 100vw, 197px\" \/><\/a>En 2010, le Forschungsschwerpunkt Historische Kulturwissenschaften (HKW) de l\u2019Universit\u00e9 Johannes Gutenberg de Mayence, fond\u00e9 en 2008 et dirig\u00e9 depuis 2009 par le Prof. J\u00f6rg Rogge, s\u2019est dot\u00e9 d\u2019une collection \u00e9ditoriale intitul\u00e9e \u00ab\u00a0Mainzer Historische Kulturwissenschaften\u00a0\u00bb, publi\u00e9e aux \u00e9ditions Transcript. La collection compte \u00e0 ce jour une quarantaine d\u2019ouvrages refl\u00e9tant l\u2019actualit\u00e9 de la recherche en sciences historiques de la culture dans une perspective nationale et transnationale.<\/p>\n<p><!--more--><\/p>\n<p>Vitrine des activit\u00e9s du centre HKW de l\u2019Universit\u00e9 de Mayence, elle accueille des rapports de recherche et des actes de colloques, tout en proposant des volumes r\u00e9alis\u00e9s en collaboration avec des institutions partenaires (Historisch-Kulturwissenschaftliches Forschungszentrum de l\u2019Universit\u00e9 de Trier, D\u00e9partement d\u2019Histoire culturelle de l\u2019Universit\u00e9 de Turku&#8230;) et en publiant des travaux d\u2019auteurs provenant de diff\u00e9rents pays et horizons scientifiques.<\/p>\n<p>Suivant la vocation interdisciplinaire de l\u2019institut auquel elle se rattache, \u00ab\u00a0Mainzer Historische Kulturwissenschaften\u00a0\u00bb se con\u00e7oit comme un espace de dialogue entre des disciplines telles que l\u2019histoire, la philosophie, les \u00e9tudes de genre, les sciences politiques, l\u2019histoire de l\u2019art ou les \u00e9tudes litt\u00e9raires, et s\u2019int\u00e9resse \u00e0 des objets d\u2019\u00e9tude situ\u00e9s dans un spectre temporel allant de l\u2019Antiquit\u00e9 jusqu\u2019\u00e0 l\u2019\u00e9poque contemporaine. Parmi les divers axes et projets de recherche qui trouvent leur \u00e9cho au sein de la collection, citons entre autres les travaux r\u00e9alis\u00e9s autour des modes de production de sens dans les pratiques culturelles (<em>Making Sense as a Cultural Practice<\/em>, dir. J\u00f6rg Rogge, 2013), des repr\u00e9sentations politis\u00e9es de la masculinit\u00e9 v\u00e9hicul\u00e9es dans la litt\u00e9rature et au cin\u00e9ma (<em>In (Ge)schlechter Gesellschaft\u00a0?<\/em>, dir. Julia Br\u00fchne et Karin Peters, 2015) ou de la circulation de musiciens et d\u2019artefacts musicaux entre l\u2019Europe de l\u2019Ouest, de l\u2019Est et du Sud aux XVII<sup>e<\/sup> et XVIII<sup>e<\/sup> si\u00e8cles (<em>Musicians\u2019 Mobilities and Music Migrations in Early Modern Europe<\/em>, dir. Gesa zur Nieden et Berthold Over, 2016).<\/p>\n<p>Soucieuse de conjuguer recherche empirique et r\u00e9flexion (m\u00e9ta-)th\u00e9orique, la collection MHK voue une attention particuli\u00e8re aux probl\u00e9matiques \u00e9pist\u00e9mologiques et m\u00e9thodologiques constitutives des sciences historiques de la culture. Des volumes comme <em>Historische Kulturwissenschaften\u00a0: Positionen, Praktiken und Perspektiven <\/em>(dir. Jan Kusber, Mechthild Dreyer, J\u00f6rg Rogge et Andreas H\u00fctig, 2010) ou <em>\u00dcber die Praxis des kulturwissenschaftlichen Arbeitens <\/em>(dir. Ute Frietsch et J\u00f6rg Rogge, 2013) interrogent les fondements et les enjeux d\u2019une pratique scientifique qui emprunte ses m\u00e9thodes et concepts \u00e0 diff\u00e9rentes disciplines institu\u00e9es. La mise en discussion de ces m\u00e9thodes et concepts, de leurs cadres d\u2019application et de leur interop\u00e9rabilit\u00e9, ouvre un terrain de r\u00e9flexion particuli\u00e8rement f\u00e9cond et explore les potentialit\u00e9s heuristiques de la recherche transdisciplinaire.<\/p>\n<p>Les prochaines parutions dans la collection MHK auront comme objet l\u2019histoire urbaine de l\u2019\u00e9poque moderne (<em>Neue Stadtgeschichte(n)<\/em>, dir. Julia A. Schmidt-Funke et Matthias Schnettger, d\u00e9cembre 2017) et les transferts culturels entre le Saint-Empire romain germanique et l\u2019Italie au XVII<sup>e<\/sup> si\u00e8cle (<em>Transferprozesse zwischen dem Alten Reich und Italien im 17. Jahrhundert<\/em>, dir. Sabina Brevaglieri et Matthias Schnettger, janvier 2018).<\/p>\n<p><a href=\"https:\/\/www.historische.kulturwissenschaften.uni-mainz.de\" target=\"_blank\" rel=\"noopener\">Le centre HKW de l\u2019Universit\u00e9 de Mayence<\/a><\/p>\n<p><a href=\"https:\/\/www.transcript-verlag.de\/reihen\/geschichte\/geschichtswissenschaft\/mainzer-historische-kulturwissenschaften\/\" target=\"_blank\" rel=\"noopener\">La collection MHK<\/a><\/p>\n<p>&nbsp;<\/p>\n","protected":false},"excerpt":{"rendered":"<p>Par Selina\u00a0Follonier En 2010, le Forschungsschwerpunkt Historische Kulturwissenschaften (HKW) de l\u2019Universit\u00e9 Johannes Gutenberg de Mayence, fond\u00e9 en 2008 et dirig\u00e9 depuis 2009 par le Prof. J\u00f6rg Rogge, s\u2019est dot\u00e9 d\u2019une &hellip; <\/p>\n","protected":false},"author":1001537,"featured_media":0,"comment_status":"closed","ping_status":"closed","sticky":false,"template":"","format":"standard","meta":{"_seopress_robots_primary_cat":"","_seopress_titles_title":"","_seopress_titles_desc":"","_seopress_robots_index":"","footnotes":""},"categories":[81,69],"tags":[32],"class_list":["post-823","post","type-post","status-publish","format-standard","category-billets","category-echos-de-la-recherche","tag-edition"],"_links":{"self":[{"href":"https:\/\/wp.unil.ch\/metis\/wp-json\/wp\/v2\/posts\/823","targetHints":{"allow":["GET"]}}],"collection":[{"href":"https:\/\/wp.unil.ch\/metis\/wp-json\/wp\/v2\/posts"}],"about":[{"href":"https:\/\/wp.unil.ch\/metis\/wp-json\/wp\/v2\/types\/post"}],"author":[{"embeddable":true,"href":"https:\/\/wp.unil.ch\/metis\/wp-json\/wp\/v2\/users\/1001537"}],"replies":[{"embeddable":true,"href":"https:\/\/wp.unil.ch\/metis\/wp-json\/wp\/v2\/comments?post=823"}],"version-history":[{"count":0,"href":"https:\/\/wp.unil.ch\/metis\/wp-json\/wp\/v2\/posts\/823\/revisions"}],"wp:attachment":[{"href":"https:\/\/wp.unil.ch\/metis\/wp-json\/wp\/v2\/media?parent=823"}],"wp:term":[{"taxonomy":"category","embeddable":true,"href":"https:\/\/wp.unil.ch\/metis\/wp-json\/wp\/v2\/categories?post=823"},{"taxonomy":"post_tag","embeddable":true,"href":"https:\/\/wp.unil.ch\/metis\/wp-json\/wp\/v2\/tags?post=823"}],"curies":[{"name":"wp","href":"https:\/\/api.w.org\/{rel}","templated":true}]}}