{"id":5260,"date":"2024-03-20T09:00:37","date_gmt":"2024-03-20T08:00:37","guid":{"rendered":"https:\/\/wp.unil.ch\/metis\/?p=5260"},"modified":"2024-03-20T09:00:40","modified_gmt":"2024-03-20T08:00:40","slug":"workshop-du-colloque-annuel-desprit-european-society-for-periodical-research","status":"publish","type":"post","link":"https:\/\/wp.unil.ch\/metis\/2024\/03\/workshop-du-colloque-annuel-desprit-european-society-for-periodical-research\/","title":{"rendered":"Workshop du colloque annuel d&#8217;ESPRit (European Society for Periodical Research)"},"content":{"rendered":"<div><img alt=\"\" loading=\"lazy\" decoding=\"async\" class=\" wp-image-4358 alignleft\" src=\"https:\/\/wp.unil.ch\/metis\/files\/2021\/12\/Capture-decran-2021-12-07-a-19.04.44-300x203.png\" alt=\"\" width=\"157\" height=\"106\" srcset=\"https:\/\/wp.unil.ch\/metis\/files\/2021\/12\/Capture-decran-2021-12-07-a-19.04.44-300x203.png 300w, https:\/\/wp.unil.ch\/metis\/files\/2021\/12\/Capture-decran-2021-12-07-a-19.04.44.png 672w\" sizes=\"auto, (max-width: 157px) 100vw, 157px\" \/>L&#8217;atelier (Workshop) du 12 septembre 2024 \u00e0 Urbino qui pr\u00e9c\u00e8de <a href=\"https:\/\/www.espr-it.eu\/news\/events\/181-esprit-conference-2024\" target=\"_blank\" rel=\"noopener\">le colloque annuel d&#8217;ESPRit (European Society for Periodical Research)<\/a> est une occasion unique pour les doctorants et mast\u00e9rants qui travaillent sur les p\u00e9riodiques de pr\u00e9senter leurs recherches de th\u00e8se et d&#8217;acqu\u00e9rir une exp\u00e9rience professionnalisante pr\u00e9cieuse.<\/div>\n<div><\/div>\n<div><strong>La date limite des candidatures a \u00e9t\u00e9 prolong\u00e9e jusqu&#8217;au 30 Mars 2024.<\/strong><\/div>\n<div><\/div>\n<div>Les candidats accept\u00e9s seront d\u00e9fray\u00e9s pour le colloque, pourront rencontrer des sp\u00e9cialistes et suivre des communications sur leur domaine de recherche.<\/div>\n<div><\/div>\n<div>Pour plus d&#8217;informations, vous pouvez contacter la Professeure Evanghelia Stead (<a title=\"Linkificator: mailto:evanghelia.stead@uvsq.fr\" href=\"mailto:evanghelia.stead@uvsq.fr\" rel=\"noreferrer\" data-linkindex=\"2\">evanghelia.stead@uvsq.fr<\/a>)<\/div>\n","protected":false},"excerpt":{"rendered":"<p>L&#8217;atelier (Workshop) du 12 septembre 2024 \u00e0 Urbino qui pr\u00e9c\u00e8de le colloque annuel d&#8217;ESPRit (European Society for Periodical Research) est une occasion unique pour les doctorants et mast\u00e9rants qui travaillent &hellip; <\/p>\n","protected":false},"author":1001537,"featured_media":0,"comment_status":"closed","ping_status":"closed","sticky":false,"template":"","format":"standard","meta":{"_seopress_robots_primary_cat":"","_seopress_titles_title":"","_seopress_titles_desc":"","_seopress_robots_index":"","footnotes":""},"categories":[65],"tags":[],"class_list":["post-5260","post","type-post","status-publish","format-standard","category-appels-a-communication"],"_links":{"self":[{"href":"https:\/\/wp.unil.ch\/metis\/wp-json\/wp\/v2\/posts\/5260","targetHints":{"allow":["GET"]}}],"collection":[{"href":"https:\/\/wp.unil.ch\/metis\/wp-json\/wp\/v2\/posts"}],"about":[{"href":"https:\/\/wp.unil.ch\/metis\/wp-json\/wp\/v2\/types\/post"}],"author":[{"embeddable":true,"href":"https:\/\/wp.unil.ch\/metis\/wp-json\/wp\/v2\/users\/1001537"}],"replies":[{"embeddable":true,"href":"https:\/\/wp.unil.ch\/metis\/wp-json\/wp\/v2\/comments?post=5260"}],"version-history":[{"count":1,"href":"https:\/\/wp.unil.ch\/metis\/wp-json\/wp\/v2\/posts\/5260\/revisions"}],"predecessor-version":[{"id":5261,"href":"https:\/\/wp.unil.ch\/metis\/wp-json\/wp\/v2\/posts\/5260\/revisions\/5261"}],"wp:attachment":[{"href":"https:\/\/wp.unil.ch\/metis\/wp-json\/wp\/v2\/media?parent=5260"}],"wp:term":[{"taxonomy":"category","embeddable":true,"href":"https:\/\/wp.unil.ch\/metis\/wp-json\/wp\/v2\/categories?post=5260"},{"taxonomy":"post_tag","embeddable":true,"href":"https:\/\/wp.unil.ch\/metis\/wp-json\/wp\/v2\/tags?post=5260"}],"curies":[{"name":"wp","href":"https:\/\/api.w.org\/{rel}","templated":true}]}}