{"id":4968,"date":"2023-03-18T22:47:00","date_gmt":"2023-03-18T21:47:00","guid":{"rendered":"https:\/\/wp.unil.ch\/metis\/?p=4968"},"modified":"2023-04-18T22:54:09","modified_gmt":"2023-04-18T20:54:09","slug":"revue-transbordeur-7-2023-images-composites","status":"publish","type":"post","link":"https:\/\/wp.unil.ch\/metis\/2023\/03\/revue-transbordeur-7-2023-images-composites\/","title":{"rendered":"Revue Transbordeur 7, 2023 | Images composites"},"content":{"rendered":"<p class=\"m-collectionItem__description\"><img alt=\"\" loading=\"lazy\" decoding=\"async\" class=\" wp-image-4970 alignleft\" src=\"https:\/\/wp.unil.ch\/metis\/files\/2023\/04\/cover-3d-1000-cd1d492c9-300x216.jpg\" alt=\"\" width=\"194\" height=\"149\" \/><em>Transbordeur<\/em> No 7<\/p>\n<p>Coordination \u00e9ditoriale : Max Bonhomme, Christian Joschke, Laura Truxa<\/p>\n<p class=\"m-collectionItem__description\"><a href=\"https:\/\/transbordeur.ch\/fr\/2023\/#sommaire\" target=\"_blank\" rel=\"noopener\">Site de la revue et pr\u00e9sentation du num\u00e9ro<\/a><\/p>\n<p class=\"m-collectionItem__description\">Le num\u00e9ro 7 de\u00a0<a href=\"https:\/\/transbordeur.ch\/fr\/2023\/#sommaire\" target=\"_blank\" rel=\"noopener\"><em>Transbordeur<\/em><\/a>\u00a0est consacr\u00e9 \u00e0 l\u2019histoire des manipulations photographiques d\u2019o\u00f9 r\u00e9sultent des images hybrides, soit compos\u00e9es de plusieurs photographies, soit m\u00ealant la photographie \u00e0 d\u2019autres techniques d\u2019imagerie. <!--more-->\u00c0 la suite de r\u00e9cents travaux interrogeant l\u2019histoire du photomontage sur le temps long, du XIX<sup>e<\/sup>\u00a0si\u00e8cle \u00e0 la culture num\u00e9rique actuelle, ce num\u00e9ro propose une histoire parall\u00e8le de la photographie : une histoire dans laquelle la composition prime sur l\u2019enregistrement. En \u00e9tudiant la manipulation d\u2019images chez les graphistes, les illustrateurs et les publicitaires, il s\u2019agit de montrer comment le mat\u00e9riau photographique a pu \u00eatre recombin\u00e9, recompos\u00e9, r\u00e9-agenc\u00e9. L\u2019actualit\u00e9 des pratiques vernaculaires du montage sur Internet fait l\u2019objet d&#8217;une attention particuli\u00e8re, tout autant que les usages et discours des m\u00e9tiers de l\u2019imprim\u00e9 et de la communication visuelle.<\/p>\n<p class=\"o-issueDirectory__title\">ISBN 978-2-86589-143-6<br \/>\n28 x 21,5 cm<br \/>\n240 pages, 150 images<\/p>\n","protected":false},"excerpt":{"rendered":"<p>Transbordeur No 7 Coordination \u00e9ditoriale : Max Bonhomme, Christian Joschke, Laura Truxa Site de la revue et pr\u00e9sentation du num\u00e9ro Le num\u00e9ro 7 de\u00a0Transbordeur\u00a0est consacr\u00e9 \u00e0 l\u2019histoire des manipulations photographiques &hellip; <\/p>\n","protected":false},"author":1001537,"featured_media":0,"comment_status":"closed","ping_status":"closed","sticky":false,"template":"","format":"standard","meta":{"_seopress_robots_primary_cat":"","_seopress_titles_title":"","_seopress_titles_desc":"","_seopress_robots_index":"","footnotes":""},"categories":[20],"tags":[],"class_list":["post-4968","post","type-post","status-publish","format-standard","category-publications"],"_links":{"self":[{"href":"https:\/\/wp.unil.ch\/metis\/wp-json\/wp\/v2\/posts\/4968","targetHints":{"allow":["GET"]}}],"collection":[{"href":"https:\/\/wp.unil.ch\/metis\/wp-json\/wp\/v2\/posts"}],"about":[{"href":"https:\/\/wp.unil.ch\/metis\/wp-json\/wp\/v2\/types\/post"}],"author":[{"embeddable":true,"href":"https:\/\/wp.unil.ch\/metis\/wp-json\/wp\/v2\/users\/1001537"}],"replies":[{"embeddable":true,"href":"https:\/\/wp.unil.ch\/metis\/wp-json\/wp\/v2\/comments?post=4968"}],"version-history":[{"count":0,"href":"https:\/\/wp.unil.ch\/metis\/wp-json\/wp\/v2\/posts\/4968\/revisions"}],"wp:attachment":[{"href":"https:\/\/wp.unil.ch\/metis\/wp-json\/wp\/v2\/media?parent=4968"}],"wp:term":[{"taxonomy":"category","embeddable":true,"href":"https:\/\/wp.unil.ch\/metis\/wp-json\/wp\/v2\/categories?post=4968"},{"taxonomy":"post_tag","embeddable":true,"href":"https:\/\/wp.unil.ch\/metis\/wp-json\/wp\/v2\/tags?post=4968"}],"curies":[{"name":"wp","href":"https:\/\/api.w.org\/{rel}","templated":true}]}}