{"id":4202,"date":"2021-09-25T17:57:00","date_gmt":"2021-09-25T15:57:00","guid":{"rendered":"https:\/\/wp.unil.ch\/metis\/?p=4202"},"modified":"2021-10-25T18:32:16","modified_gmt":"2021-10-25T16:32:16","slug":"le-site-du-3eme-congres-de-la-sphm-est-en-ligne","status":"publish","type":"post","link":"https:\/\/wp.unil.ch\/metis\/2021\/09\/le-site-du-3eme-congres-de-la-sphm-est-en-ligne\/","title":{"rendered":"Congr\u00e8s &#8220;M\u00e9tiers et professions des m\u00e9dias (XVIIIe-XXIe si\u00e8cles)&#8221;: une trentaine de contributions multim\u00e9dias sont en ligne!"},"content":{"rendered":"<p><a href=\"https:\/\/wp.unil.ch\/metis\/files\/2021\/10\/cropped-Images-SPHM.jpeg\"><img alt=\"\" loading=\"lazy\" decoding=\"async\" class=\"aligncenter size-full wp-image-4203\" src=\"https:\/\/wp.unil.ch\/metis\/files\/2021\/10\/cropped-Images-SPHM.jpeg\" alt=\"\" width=\"1500\" height=\"428\" srcset=\"https:\/\/wp.unil.ch\/metis\/files\/2021\/10\/cropped-Images-SPHM.jpeg 1500w, https:\/\/wp.unil.ch\/metis\/files\/2021\/10\/cropped-Images-SPHM-300x86.jpeg 300w, https:\/\/wp.unil.ch\/metis\/files\/2021\/10\/cropped-Images-SPHM-1024x292.jpeg 1024w, https:\/\/wp.unil.ch\/metis\/files\/2021\/10\/cropped-Images-SPHM-768x219.jpeg 768w\" sizes=\"auto, (max-width: 1500px) 100vw, 1500px\" \/><\/a><\/p>\n<p>Sur le <a href=\"https:\/\/wp.unil.ch\/sphm2020\/\" target=\"_blank\" rel=\"noopener\">site du 3\u00e8me congr\u00e8s de la Soci\u00e9t\u00e9 pour l\u2019histoire des m\u00e9dias (SPHM)\u00a0et du\u00a0Centre des sciences historiques de la culture (SHC) : M\u00e9tiers et professions des m\u00e9dias (XVIIIe-XXIe si\u00e8cles)<\/a> sont publi\u00e9es de nombreuses contributions multim\u00e9dias. Elles reprennent les angles d&#8217;approches pens\u00e9s initialement pour le congr\u00e8s. Bonnes d\u00e9couvertes!<\/p>\n","protected":false},"excerpt":{"rendered":"<p>Sur le site du 3\u00e8me congr\u00e8s de la Soci\u00e9t\u00e9 pour l\u2019histoire des m\u00e9dias (SPHM)\u00a0et du\u00a0Centre des sciences historiques de la culture (SHC) : M\u00e9tiers et professions des m\u00e9dias (XVIIIe-XXIe si\u00e8cles) &hellip; <\/p>\n","protected":false},"author":1001537,"featured_media":0,"comment_status":"closed","ping_status":"closed","sticky":false,"template":"","format":"standard","meta":{"_seopress_robots_primary_cat":"","_seopress_titles_title":"","_seopress_titles_desc":"","_seopress_robots_index":"","footnotes":""},"categories":[81,69],"tags":[],"class_list":["post-4202","post","type-post","status-publish","format-standard","category-billets","category-echos-de-la-recherche"],"_links":{"self":[{"href":"https:\/\/wp.unil.ch\/metis\/wp-json\/wp\/v2\/posts\/4202","targetHints":{"allow":["GET"]}}],"collection":[{"href":"https:\/\/wp.unil.ch\/metis\/wp-json\/wp\/v2\/posts"}],"about":[{"href":"https:\/\/wp.unil.ch\/metis\/wp-json\/wp\/v2\/types\/post"}],"author":[{"embeddable":true,"href":"https:\/\/wp.unil.ch\/metis\/wp-json\/wp\/v2\/users\/1001537"}],"replies":[{"embeddable":true,"href":"https:\/\/wp.unil.ch\/metis\/wp-json\/wp\/v2\/comments?post=4202"}],"version-history":[{"count":0,"href":"https:\/\/wp.unil.ch\/metis\/wp-json\/wp\/v2\/posts\/4202\/revisions"}],"wp:attachment":[{"href":"https:\/\/wp.unil.ch\/metis\/wp-json\/wp\/v2\/media?parent=4202"}],"wp:term":[{"taxonomy":"category","embeddable":true,"href":"https:\/\/wp.unil.ch\/metis\/wp-json\/wp\/v2\/categories?post=4202"},{"taxonomy":"post_tag","embeddable":true,"href":"https:\/\/wp.unil.ch\/metis\/wp-json\/wp\/v2\/tags?post=4202"}],"curies":[{"name":"wp","href":"https:\/\/api.w.org\/{rel}","templated":true}]}}