{"id":3994,"date":"2021-06-01T09:29:51","date_gmt":"2021-06-01T07:29:51","guid":{"rendered":"https:\/\/wp.unil.ch\/metis\/?p=3994"},"modified":"2021-06-03T18:30:58","modified_gmt":"2021-06-03T16:30:58","slug":"revue-le-temps-des-medias-n-36-masculinites-mediatiques","status":"publish","type":"post","link":"https:\/\/wp.unil.ch\/metis\/2021\/06\/revue-le-temps-des-medias-n-36-masculinites-mediatiques\/","title":{"rendered":"Revue Le Temps des M\u00e9dias (n\u00b0 36) | Masculinit\u00e9s m\u00e9diatiques"},"content":{"rendered":"<p><i><a href=\"https:\/\/wp.unil.ch\/metis\/files\/2021\/06\/Maculinitesmediatiques.png\"><img alt=\"\" loading=\"lazy\" decoding=\"async\" class=\"alignleft  wp-image-3995\" src=\"https:\/\/wp.unil.ch\/metis\/files\/2021\/06\/Maculinitesmediatiques.png\" alt=\"\" width=\"163\" height=\"297\" \/><\/a><\/i><a href=\"https:\/\/www.histoiredesmedias.com\/-36-Masculinites-mediatiques-.html\" target=\"_blank\" rel=\"noopener\"><strong>&#8220;Masculinit\u00e9s m\u00e9diatiques&#8221;<i>, Le Temps des M\u00e9dias<\/i>, N\u00b0 36, Printemps 2021.<\/strong><\/a><\/p>\n<p><strong>Dossier coordonn\u00e9 par Annabelle Allouch, Caroline Muller et Camille No\u00fbs.<\/strong><\/p>\n<p>Si le th\u00e8me des masculinit\u00e9s fait depuis plusieurs d\u00e9cennies l\u2019objet de travaux, en histoire et dans les autres sciences sociales, la construction et la d\u00e9construction par les m\u00e9dias de ces repr\u00e9sentations genr\u00e9es ont \u00e9t\u00e9 jusque-l\u00e0 d\u00e9laiss\u00e9es. C\u2019est ce vide que ce num\u00e9ro du\u00a0<i>Temps des m\u00e9dias<\/i>\u00a0entend combler en s\u2019int\u00e9ressant aux masculinit\u00e9s m\u00e9diatiques dans toute leur diversit\u00e9, qu\u2019elles soient \u00ab\u00a0h\u00e9g\u00e9moniques\u00a0\u00bb ou minoritaires, depuis le XIXe si\u00e8cle. Il ressort de ces contributions le tableau complexe de masculinit\u00e9s sans cesse recompos\u00e9es, dans la crainte d\u2019une perte d\u2019h\u00e9g\u00e9monie.<\/p>\n<p><strong><a href=\"https:\/\/www.histoiredesmedias.com\/-36-Masculinites-mediatiques-.html\" target=\"_blank\" rel=\"noopener\">Sommaire et informations<\/a><\/strong><\/p>\n","protected":false},"excerpt":{"rendered":"<p>&#8220;Masculinit\u00e9s m\u00e9diatiques&#8221;, Le Temps des M\u00e9dias, N\u00b0 36, Printemps 2021. Dossier coordonn\u00e9 par Annabelle Allouch, Caroline Muller et Camille No\u00fbs. Si le th\u00e8me des masculinit\u00e9s fait depuis plusieurs d\u00e9cennies l\u2019objet &hellip; <\/p>\n","protected":false},"author":1001537,"featured_media":0,"comment_status":"closed","ping_status":"closed","sticky":false,"template":"","format":"standard","meta":{"_seopress_robots_primary_cat":"","_seopress_titles_title":"","_seopress_titles_desc":"","_seopress_robots_index":"","footnotes":""},"categories":[20],"tags":[],"class_list":["post-3994","post","type-post","status-publish","format-standard","category-publications"],"_links":{"self":[{"href":"https:\/\/wp.unil.ch\/metis\/wp-json\/wp\/v2\/posts\/3994","targetHints":{"allow":["GET"]}}],"collection":[{"href":"https:\/\/wp.unil.ch\/metis\/wp-json\/wp\/v2\/posts"}],"about":[{"href":"https:\/\/wp.unil.ch\/metis\/wp-json\/wp\/v2\/types\/post"}],"author":[{"embeddable":true,"href":"https:\/\/wp.unil.ch\/metis\/wp-json\/wp\/v2\/users\/1001537"}],"replies":[{"embeddable":true,"href":"https:\/\/wp.unil.ch\/metis\/wp-json\/wp\/v2\/comments?post=3994"}],"version-history":[{"count":0,"href":"https:\/\/wp.unil.ch\/metis\/wp-json\/wp\/v2\/posts\/3994\/revisions"}],"wp:attachment":[{"href":"https:\/\/wp.unil.ch\/metis\/wp-json\/wp\/v2\/media?parent=3994"}],"wp:term":[{"taxonomy":"category","embeddable":true,"href":"https:\/\/wp.unil.ch\/metis\/wp-json\/wp\/v2\/categories?post=3994"},{"taxonomy":"post_tag","embeddable":true,"href":"https:\/\/wp.unil.ch\/metis\/wp-json\/wp\/v2\/tags?post=3994"}],"curies":[{"name":"wp","href":"https:\/\/api.w.org\/{rel}","templated":true}]}}