{"id":3358,"date":"2020-10-28T09:36:19","date_gmt":"2020-10-28T08:36:19","guid":{"rendered":"http:\/\/wp.unil.ch\/metis\/?p=3358"},"modified":"2021-06-03T18:48:34","modified_gmt":"2021-06-03T16:48:34","slug":"le-prix-memoriav-2020-remis-au-projet-tv-elargie-de-luniversite-de-lausanne","status":"publish","type":"post","link":"https:\/\/wp.unil.ch\/metis\/2020\/10\/le-prix-memoriav-2020-remis-au-projet-tv-elargie-de-luniversite-de-lausanne\/","title":{"rendered":"Le Prix Memoriav 2020 remis au projet &#8220;TV \u00e9largie&#8221; de l&#8217;Universit\u00e9 de Lausanne"},"content":{"rendered":"\n<p><\/p>\n\n\n<figure id=\"attachment_3359\" aria-describedby=\"caption-attachment-3359\" style=\"width: 206px\" class=\"wp-caption alignleft\"><a href=\"https:\/\/wp.unil.ch\/metis\/files\/2020\/10\/Speakerines-RTS.png\"><img alt=\"\" loading=\"lazy\" decoding=\"async\" class=\" wp-image-3359\" src=\"https:\/\/wp.unil.ch\/metis\/files\/2020\/10\/Speakerines-RTS-300x171.png\" alt=\"\" width=\"206\" height=\"115\" \/><\/a><figcaption id=\"caption-attachment-3359\" class=\"wp-caption-text\">Speakerines [Archives de la RTS]<\/figcaption><\/figure>\n<p>A l\u2019occasion de la <a href=\"https:\/\/memoriav.ch\/journee-mondiale-du-patrimoine-audiovisuel-2020-decouvrez-le-programme\/?lang=fr\" target=\"_blank\" rel=\"noopener noreferrer\">Journ\u00e9e mondiale du patrimoine audiovisuel<\/a>\u00a0du 27 octobre 2020, l\u2019<a href=\"https:\/\/memoriav.ch\/?lang=fr\" target=\"_blank\" rel=\"noopener noreferrer\">Association pour la sauvegarde de la m\u00e9moire audiovisuelle suisse<\/a>, d\u00e9cerne son Prix Memoriav au <a href=\"https:\/\/wp.unil.ch\/tvelargie\/\" target=\"_blank\" rel=\"noopener noreferrer\">Projet &#8220;TV \u00e9largie&#8221;<\/a>\u00a0du p\u00f4le d\u2019histoire des m\u00e9dias de l\u2019Universit\u00e9 de Lausanne.<!--more--><\/p>\n<p>Ainsi que l&#8217;indique le communiqu\u00e9 de presse, Memoriav &#8220;a pris l\u2019initiative de r\u00e9compenser \u00ab symboliquement \u00bb un projet annonc\u00e9 \u00e0 l\u2019occasion de la Journ\u00e9e mondiale du patrimoine audiovisuel et ceci avec l\u2019id\u00e9e de faire reconna\u00eetre un effort de valorisation, une fid\u00e9lit\u00e9 \u00e0 participer ou un apport nouveau \u00e0 la sauvegarde des patrimoines audiovisuels (photographie, son, film, vid\u00e9o). La recherche et plus pr\u00e9cis\u00e9ment la recherche universitaire, dans le domaine du patrimoine audiovisuel, n\u2019a jusqu\u2019ici pas \u00e9t\u00e9 r\u00e9compens\u00e9e, or elle est un maillon important dans la compr\u00e9hension et l\u2019appr\u00e9hension des diff\u00e9rents patrimoines audiovisuels. Sauvegarder la m\u00e9moire audiovisuelle, c\u2019est aussi l\u2019analyser et la d\u00e9crypter en se penchant sur ses apports historiques, sociologiques ou ethnographiques.&#8221;\u00a0<\/p>\n<p>Pour voir le communiqu\u00e9 de presse en entier et une version d\u00e9taill\u00e9e du projet &#8220;TV \u00e9largie&#8221;, <a href=\"https:\/\/memoriav.ch\/prix-memoriav-2020\/?lang=fr\" target=\"_blank\" rel=\"noopener noreferrer\">c&#8217;est par ici<\/a>.\u00a0<\/p>\n<p>F\u00e9licitations \u00e0 toute l&#8217;\u00e9quipe!<\/p>\n\n\n<p><\/p>\n","protected":false},"excerpt":{"rendered":"<p>A l\u2019occasion de la Journ\u00e9e mondiale du patrimoine audiovisuel\u00a0du 27 octobre 2020, l\u2019Association pour la sauvegarde de la m\u00e9moire audiovisuelle suisse, d\u00e9cerne son Prix Memoriav au Projet &#8220;TV \u00e9largie&#8221;\u00a0du p\u00f4le &hellip; <\/p>\n","protected":false},"author":1001537,"featured_media":0,"comment_status":"closed","ping_status":"closed","sticky":false,"template":"","format":"standard","meta":{"_seopress_robots_primary_cat":"","_seopress_titles_title":"","_seopress_titles_desc":"","_seopress_robots_index":"","footnotes":""},"categories":[81,69],"tags":[],"class_list":["post-3358","post","type-post","status-publish","format-standard","category-billets","category-echos-de-la-recherche"],"_links":{"self":[{"href":"https:\/\/wp.unil.ch\/metis\/wp-json\/wp\/v2\/posts\/3358","targetHints":{"allow":["GET"]}}],"collection":[{"href":"https:\/\/wp.unil.ch\/metis\/wp-json\/wp\/v2\/posts"}],"about":[{"href":"https:\/\/wp.unil.ch\/metis\/wp-json\/wp\/v2\/types\/post"}],"author":[{"embeddable":true,"href":"https:\/\/wp.unil.ch\/metis\/wp-json\/wp\/v2\/users\/1001537"}],"replies":[{"embeddable":true,"href":"https:\/\/wp.unil.ch\/metis\/wp-json\/wp\/v2\/comments?post=3358"}],"version-history":[{"count":0,"href":"https:\/\/wp.unil.ch\/metis\/wp-json\/wp\/v2\/posts\/3358\/revisions"}],"wp:attachment":[{"href":"https:\/\/wp.unil.ch\/metis\/wp-json\/wp\/v2\/media?parent=3358"}],"wp:term":[{"taxonomy":"category","embeddable":true,"href":"https:\/\/wp.unil.ch\/metis\/wp-json\/wp\/v2\/categories?post=3358"},{"taxonomy":"post_tag","embeddable":true,"href":"https:\/\/wp.unil.ch\/metis\/wp-json\/wp\/v2\/tags?post=3358"}],"curies":[{"name":"wp","href":"https:\/\/api.w.org\/{rel}","templated":true}]}}