{"id":3127,"date":"2020-07-06T22:36:52","date_gmt":"2020-07-06T20:36:52","guid":{"rendered":"http:\/\/wp.unil.ch\/metis\/?p=3127"},"modified":"2020-07-06T22:37:50","modified_gmt":"2020-07-06T20:37:50","slug":"biblhis-lance-une-enquete-sur-les-bibliotheques-dhistoriennes-et-dhistoriens","status":"publish","type":"post","link":"https:\/\/wp.unil.ch\/metis\/2020\/07\/biblhis-lance-une-enquete-sur-les-bibliotheques-dhistoriennes-et-dhistoriens\/","title":{"rendered":"Le groupe de travail BIBLHIS lance une enqu\u00eate sur les biblioth\u00e8ques d\u2019historiennes et d\u2019historiens"},"content":{"rendered":"<p><a href=\"https:\/\/wp.unil.ch\/metis\/files\/2020\/07\/age-16841_1920-604x270-1.jpg\"><img alt=\"\" loading=\"lazy\" decoding=\"async\" class=\"alignleft size-medium wp-image-3128\" src=\"https:\/\/wp.unil.ch\/metis\/files\/2020\/07\/age-16841_1920-604x270-1-300x134.jpg\" alt=\"\" width=\"300\" height=\"134\" srcset=\"https:\/\/wp.unil.ch\/metis\/files\/2020\/07\/age-16841_1920-604x270-1-300x134.jpg 300w, https:\/\/wp.unil.ch\/metis\/files\/2020\/07\/age-16841_1920-604x270-1-492x220.jpg 492w, https:\/\/wp.unil.ch\/metis\/files\/2020\/07\/age-16841_1920-604x270-1.jpg 604w\" sizes=\"auto, (max-width: 300px) 100vw, 300px\" \/><\/a>Le groupe de travail BIBLHIS, anim\u00e9 par Jonathan Barbier (LAssP\/BnF), Jean-Charles Geslot (CHCSC\/UVSQ) et Agn\u00e8s Sandras (BnF) lance une enqu\u00eate sur les biblioth\u00e8ques d&#8217;historiennes et d&#8217;historiens. Tout chercheur ou toute chercheuse en histoire, quel que soit son statut (doctorant.e, enseignant.e-chercheur.se, professionnel des biblioth\u00e8ques ou du patrimoine, etc.), est invit\u00e9 \u00e0 y participer.<br \/>\nLa pr\u00e9sentation de cette enqu\u00eate et le lien vers le questionnaire figurent sur le carnet de recherche BIBLHIS :\u00a0<a class=\"lien_externe\" href=\"https:\/\/biblhis.hypotheses.org\/489\">https:\/\/biblhis.hypotheses.org\/489<\/a><\/p>\n","protected":false},"excerpt":{"rendered":"<p>Le groupe de travail BIBLHIS, anim\u00e9 par Jonathan Barbier (LAssP\/BnF), Jean-Charles Geslot (CHCSC\/UVSQ) et Agn\u00e8s Sandras (BnF) lance une enqu\u00eate sur les biblioth\u00e8ques d&#8217;historiennes et d&#8217;historiens. Tout chercheur ou toute &hellip; <\/p>\n","protected":false},"author":1001537,"featured_media":0,"comment_status":"closed","ping_status":"closed","sticky":false,"template":"","format":"standard","meta":{"_seopress_robots_primary_cat":"","_seopress_titles_title":"","_seopress_titles_desc":"","_seopress_robots_index":"","footnotes":""},"categories":[81,69],"tags":[],"class_list":["post-3127","post","type-post","status-publish","format-standard","category-billets","category-echos-de-la-recherche"],"_links":{"self":[{"href":"https:\/\/wp.unil.ch\/metis\/wp-json\/wp\/v2\/posts\/3127","targetHints":{"allow":["GET"]}}],"collection":[{"href":"https:\/\/wp.unil.ch\/metis\/wp-json\/wp\/v2\/posts"}],"about":[{"href":"https:\/\/wp.unil.ch\/metis\/wp-json\/wp\/v2\/types\/post"}],"author":[{"embeddable":true,"href":"https:\/\/wp.unil.ch\/metis\/wp-json\/wp\/v2\/users\/1001537"}],"replies":[{"embeddable":true,"href":"https:\/\/wp.unil.ch\/metis\/wp-json\/wp\/v2\/comments?post=3127"}],"version-history":[{"count":0,"href":"https:\/\/wp.unil.ch\/metis\/wp-json\/wp\/v2\/posts\/3127\/revisions"}],"wp:attachment":[{"href":"https:\/\/wp.unil.ch\/metis\/wp-json\/wp\/v2\/media?parent=3127"}],"wp:term":[{"taxonomy":"category","embeddable":true,"href":"https:\/\/wp.unil.ch\/metis\/wp-json\/wp\/v2\/categories?post=3127"},{"taxonomy":"post_tag","embeddable":true,"href":"https:\/\/wp.unil.ch\/metis\/wp-json\/wp\/v2\/tags?post=3127"}],"curies":[{"name":"wp","href":"https:\/\/api.w.org\/{rel}","templated":true}]}}