{"id":1737,"date":"2018-11-26T09:20:15","date_gmt":"2018-11-26T08:20:15","guid":{"rendered":"http:\/\/wp.unil.ch\/metis\/?p=1737"},"modified":"2018-12-20T16:04:33","modified_gmt":"2018-12-20T15:04:33","slug":"colloque-poesie-et-photographie","status":"publish","type":"post","link":"https:\/\/wp.unil.ch\/metis\/2018\/11\/colloque-poesie-et-photographie\/","title":{"rendered":"Colloque | Po\u00e9sie et photographie"},"content":{"rendered":"<p><em><strong><a href=\"https:\/\/wp.unil.ch\/metis\/files\/2018\/11\/Affiche-colloque-poesie-et-photographie.jpg\"><img alt=\"\" loading=\"lazy\" decoding=\"async\" class=\"alignleft size-medium wp-image-1739\" src=\"https:\/\/wp.unil.ch\/metis\/files\/2018\/11\/Affiche-colloque-poesie-et-photographie-212x300.jpg\" alt=\"\" width=\"212\" height=\"300\" srcset=\"https:\/\/wp.unil.ch\/metis\/files\/2018\/11\/Affiche-colloque-poesie-et-photographie-212x300.jpg 212w, https:\/\/wp.unil.ch\/metis\/files\/2018\/11\/Affiche-colloque-poesie-et-photographie-155x220.jpg 155w, https:\/\/wp.unil.ch\/metis\/files\/2018\/11\/Affiche-colloque-poesie-et-photographie.jpg 595w\" sizes=\"auto, (max-width: 212px) 100vw, 212px\" \/><\/a><\/strong><\/em><\/p>\n<p><em><strong>6-7 D\u00e9cembre 2018<\/strong><\/em><\/p>\n<p><em><strong>Universit\u00e9 de Lausanne<\/strong><\/em><\/p>\n<p><em><b>Colloque organis\u00e9 par : Philippe Kaenel (UNIL), Dominique Kunz Westerhoff (UNIL), Serge Linar\u00e8s (Universite\u0301 de Versailles\/Saint-Quentin), Antonio Rodriguez (UNIL)<\/b><\/em><\/p>\n<p><a href=\"https:\/\/repopub.unil.ch\/newsunil\/document\/1536588984375.D1542730061777\" target=\"_blank\" rel=\"noopener\">Affiche<\/a><\/p>\n<p><a href=\"https:\/\/repopub.unil.ch\/newsunil\/document\/1536588984375.D1542730076028\" target=\"_blank\" rel=\"noopener\">Programme<\/a><\/p>\n","protected":false},"excerpt":{"rendered":"<p>6-7 D\u00e9cembre 2018 Universit\u00e9 de Lausanne Colloque organis\u00e9 par : Philippe Kaenel (UNIL), Dominique Kunz Westerhoff (UNIL), Serge Linar\u00e8s (Universite\u0301 de Versailles\/Saint-Quentin), Antonio Rodriguez (UNIL) Affiche Programme<\/p>\n","protected":false},"author":1001537,"featured_media":0,"comment_status":"closed","ping_status":"closed","sticky":false,"template":"","format":"standard","meta":{"_seopress_robots_primary_cat":"","_seopress_titles_title":"","_seopress_titles_desc":"","_seopress_robots_index":"","footnotes":""},"categories":[9,10],"tags":[],"class_list":["post-1737","post","type-post","status-publish","format-standard","category-evenements","category-evenements-passes"],"_links":{"self":[{"href":"https:\/\/wp.unil.ch\/metis\/wp-json\/wp\/v2\/posts\/1737","targetHints":{"allow":["GET"]}}],"collection":[{"href":"https:\/\/wp.unil.ch\/metis\/wp-json\/wp\/v2\/posts"}],"about":[{"href":"https:\/\/wp.unil.ch\/metis\/wp-json\/wp\/v2\/types\/post"}],"author":[{"embeddable":true,"href":"https:\/\/wp.unil.ch\/metis\/wp-json\/wp\/v2\/users\/1001537"}],"replies":[{"embeddable":true,"href":"https:\/\/wp.unil.ch\/metis\/wp-json\/wp\/v2\/comments?post=1737"}],"version-history":[{"count":0,"href":"https:\/\/wp.unil.ch\/metis\/wp-json\/wp\/v2\/posts\/1737\/revisions"}],"wp:attachment":[{"href":"https:\/\/wp.unil.ch\/metis\/wp-json\/wp\/v2\/media?parent=1737"}],"wp:term":[{"taxonomy":"category","embeddable":true,"href":"https:\/\/wp.unil.ch\/metis\/wp-json\/wp\/v2\/categories?post=1737"},{"taxonomy":"post_tag","embeddable":true,"href":"https:\/\/wp.unil.ch\/metis\/wp-json\/wp\/v2\/tags?post=1737"}],"curies":[{"name":"wp","href":"https:\/\/api.w.org\/{rel}","templated":true}]}}