{"id":1416,"date":"2018-09-26T13:54:51","date_gmt":"2018-09-26T11:54:51","guid":{"rendered":"http:\/\/wp.unil.ch\/metis\/?p=1416"},"modified":"2018-10-23T12:34:04","modified_gmt":"2018-10-23T10:34:04","slug":"conference-quest-ce-que-le-theatre-populaire","status":"publish","type":"post","link":"https:\/\/wp.unil.ch\/metis\/2018\/09\/conference-quest-ce-que-le-theatre-populaire\/","title":{"rendered":"Conf\u00e9rence \u00ab Qu\u2019est-ce que le th\u00e9\u00e2tre populaire ? \u00bb"},"content":{"rendered":"<p><em><strong><a href=\"https:\/\/wp.unil.ch\/metis\/files\/2018\/09\/Capture-d\u2019e\u0301cran-2018-10-04-a\u0300-18.40.46-1.png\"><img alt=\"\" loading=\"lazy\" decoding=\"async\" class=\"alignleft wp-image-1548\" src=\"https:\/\/wp.unil.ch\/metis\/files\/2018\/09\/Capture-d\u2019e\u0301cran-2018-10-04-a\u0300-18.40.46-1-720x1024.png\" alt=\"\" width=\"399\" height=\"730\" \/><\/a>Par Jo\u00ebl Aguet, dramaturge et historien du th\u00e9\u00e2tre en Suisse romande)<\/strong><\/em><\/p>\n<p><strong>Vendredi 5 octobre, 8h30 \u00e0 10h<\/strong><\/p>\n<p><strong>Salle Anthropole 5060, UNIL<\/strong><\/p>\n<p><em>Conf\u00e9rence organis\u00e9e\u00a0dans le cadre du s\u00e9minaire \u00ab L&#8217;identit\u00e9 nationale en spectacle : autour de la F\u00eate des Vignerons de 1905 \u00bb <\/em><em>(Profs. Danielle Chaperon et Philippe Kaenel)<\/em><\/p>\n<p>&nbsp;<\/p>\n","protected":false},"excerpt":{"rendered":"<p>Par Jo\u00ebl Aguet, dramaturge et historien du th\u00e9\u00e2tre en Suisse romande) Vendredi 5 octobre, 8h30 \u00e0 10h Salle Anthropole 5060, UNIL Conf\u00e9rence organis\u00e9e\u00a0dans le cadre du s\u00e9minaire \u00ab L&#8217;identit\u00e9 nationale &hellip; <\/p>\n","protected":false},"author":1001537,"featured_media":0,"comment_status":"closed","ping_status":"closed","sticky":false,"template":"","format":"standard","meta":{"_seopress_robots_primary_cat":"","_seopress_titles_title":"","_seopress_titles_desc":"","_seopress_robots_index":"","footnotes":""},"categories":[9,10],"tags":[33],"class_list":["post-1416","post","type-post","status-publish","format-standard","category-evenements","category-evenements-passes","tag-theatre"],"_links":{"self":[{"href":"https:\/\/wp.unil.ch\/metis\/wp-json\/wp\/v2\/posts\/1416","targetHints":{"allow":["GET"]}}],"collection":[{"href":"https:\/\/wp.unil.ch\/metis\/wp-json\/wp\/v2\/posts"}],"about":[{"href":"https:\/\/wp.unil.ch\/metis\/wp-json\/wp\/v2\/types\/post"}],"author":[{"embeddable":true,"href":"https:\/\/wp.unil.ch\/metis\/wp-json\/wp\/v2\/users\/1001537"}],"replies":[{"embeddable":true,"href":"https:\/\/wp.unil.ch\/metis\/wp-json\/wp\/v2\/comments?post=1416"}],"version-history":[{"count":0,"href":"https:\/\/wp.unil.ch\/metis\/wp-json\/wp\/v2\/posts\/1416\/revisions"}],"wp:attachment":[{"href":"https:\/\/wp.unil.ch\/metis\/wp-json\/wp\/v2\/media?parent=1416"}],"wp:term":[{"taxonomy":"category","embeddable":true,"href":"https:\/\/wp.unil.ch\/metis\/wp-json\/wp\/v2\/categories?post=1416"},{"taxonomy":"post_tag","embeddable":true,"href":"https:\/\/wp.unil.ch\/metis\/wp-json\/wp\/v2\/tags?post=1416"}],"curies":[{"name":"wp","href":"https:\/\/api.w.org\/{rel}","templated":true}]}}