{"id":381,"date":"2023-07-26T15:53:19","date_gmt":"2023-07-26T13:53:19","guid":{"rendered":"https:\/\/wp.unil.ch\/libellus\/?p=381"},"modified":"2024-01-31T10:26:07","modified_gmt":"2024-01-31T09:26:07","slug":"approche-psychotherapeutique-des-psychoses","status":"publish","type":"post","link":"https:\/\/wp.unil.ch\/libellus\/approche-psychotherapeutique-des-psychoses\/","title":{"rendered":"Approche psychoth\u00e9rapeutique des psychoses"},"content":{"rendered":"<div class=\"wp-block-image\">\n<figure class=\"aligncenter size-full is-resized\"><img alt=\"\" loading=\"lazy\" decoding=\"async\" src=\"https:\/\/wp.unil.ch\/libellus\/files\/2023\/07\/psycho.png\" alt=\"\" class=\"wp-image-382\" style=\"object-fit:contain;width:320px;height:457px\" width=\"320\" height=\"457\" srcset=\"https:\/\/wp.unil.ch\/libellus\/files\/2023\/07\/psycho.png 595w, https:\/\/wp.unil.ch\/libellus\/files\/2023\/07\/psycho-210x300.png 210w, https:\/\/wp.unil.ch\/libellus\/files\/2023\/07\/psycho-540x771.png 540w\" sizes=\"auto, (max-width: 320px) 100vw, 320px\" \/><\/figure>\n<\/div>\n\n\n<div class=\"wp-block-columns is-layout-flex wp-container-core-columns-is-layout-9d6595d7 wp-block-columns-is-layout-flex\">\n<div class=\"wp-block-column is-layout-flow wp-block-column-is-layout-flow\">\n<p><strong>Titre<\/strong><\/p>\n\n\n\n<p>&#8211;<\/p>\n\n\n\n<p><strong>Sous-titre<\/strong><\/p>\n\n\n\n<p><strong>Collection<\/strong><\/p>\n\n\n\n<p><strong>Auteur.rice.s<\/strong><\/p>\n\n\n\n<p><strong>Date de publication<\/strong><\/p>\n\n\n\n<p><strong>Maison d&rsquo;\u00e9dition<\/strong><\/p>\n\n\n\n<p><strong>Lieu<\/strong><\/p>\n\n\n\n<p><strong>Langue<\/strong><\/p>\n\n\n\n<p><strong>Nbr de pages<\/strong><\/p>\n\n\n\n<p><strong>Format<\/strong><\/p>\n\n\n\n<p><strong>ISBN<\/strong><\/p>\n\n\n\n<p><strong>DOI<\/strong><\/p>\n\n\n\n<p><strong>Open Access<\/strong><\/p>\n\n\n\n<p><strong>R\u00e9sum\u00e9<\/strong><\/p>\n<\/div>\n\n\n\n<div class=\"wp-block-column is-layout-flow wp-block-column-is-layout-flow\">\n<p>Approche psychoth\u00e9rapeutique des <\/p>\n\n\n\n<p>psychoses<\/p>\n\n\n\n<p>Un lien pour cheminer au quotidien<\/p>\n\n\n\n<p>&#8211;<\/p>\n\n\n\n<p>Philippe Cornuz \/ Dag S\u00f6derstr\u00f6m<\/p>\n\n\n\n<p>30 \/ 05 \/ 2021<\/p>\n\n\n\n<p>RMS Editions<\/p>\n\n\n\n<p>Ch\u00eane-Bourg<\/p>\n\n\n\n<p>Fran\u00e7ais<\/p>\n\n\n\n<p>555<\/p>\n\n\n\n<p>16.5 x 23.5 cm<\/p>\n\n\n\n<p>9782880494674<\/p>\n\n\n\n<p>&#8211;<\/p>\n\n\n\n<p>NON<\/p>\n\n\n\n<p><\/p>\n<\/div>\n<\/div>\n\n\n\n<p>Par crainte et par m\u00e9connaissance, les approches psychoth\u00e9rapeutiques des troubles psychotiques sont trop souvent mises de c\u00f4t\u00e9, alors m\u00eame que les patients t\u00e9moignent de plus en plus de leur besoin vital d\u2019\u00eatre \u00e9cout\u00e9s et compris dans leur recherche de sens \u00e0 cette exp\u00e9rience. La position psychoth\u00e9rapeutique, qui met au centre du soin l\u2019\u00e9coute de la personne, est essentielle dans tous les parcours en psychiatrie ; pourquoi est-elle souvent consid\u00e9r\u00e9e comme impossible avec les patients pr\u00e9sentant une psychose ? Bien au contraire, comme d\u00e9montr\u00e9 tout au long de cet ouvrage, elle est indiqu\u00e9e dans la psychose, et la pens\u00e9e psychoth\u00e9rapique peut et doit impr\u00e9gner tous les actes th\u00e9rapeutiques, quel que soit le lieu du soin. La psychoth\u00e9rapie dans ce sens ne se pratique pas seulement dans un cabinet de psychoth\u00e9rapeute : elle est aussi une approche relationnelle globale visant la construction d\u2019un lien pour cheminer au quotidien. Ce guide de formation pr\u00e9sente le vaste champ des approches psychoth\u00e9rapeutiques des psychoses en exposant les principales th\u00e9ories et leurs applications cliniques, illustr\u00e9es de mani\u00e8re concr\u00e8te en s\u2019appuyant sur des exemples cliniques et des t\u00e9moignages.<\/p>\n\n\n\n<p>Disponible sur : <a href=\"https:\/\/boutique.revmed.ch\/livre-approche-psychotherapeutique-des-psychoses\">Approche psychoth\u00e9rapeutique des psychoses &#8211; Conus, S\u00f6derstr\u00f6m |RMS Editions |&nbsp;Boutique M\u00e9dicale Suisse (revmed.ch)<\/a><\/p>\n","protected":false},"excerpt":{"rendered":"<p>Titre &#8211; Sous-titre Collection Auteur.rice.s Date de publication Maison d&rsquo;\u00e9dition Lieu Langue Nbr de pages Format ISBN DOI Open Access R\u00e9sum\u00e9 Approche psychoth\u00e9rapeutique des psychoses Un lien pour&hellip;<\/p>\n","protected":false},"author":1002650,"featured_media":0,"comment_status":"closed","ping_status":"closed","sticky":false,"template":"template-full-width.php","format":"standard","meta":{"_seopress_robots_primary_cat":"","_seopress_titles_title":"","_seopress_titles_desc":"","_seopress_robots_index":"","footnotes":""},"categories":[1,6],"tags":[7],"class_list":{"0":"post-381","1":"post","2":"type-post","3":"status-publish","4":"format-standard","5":"has-post-thumbnail","7":"category-uncategorized","8":"category-publications","9":"tag-rms-editions"},"_links":{"self":[{"href":"https:\/\/wp.unil.ch\/libellus\/wp-json\/wp\/v2\/posts\/381","targetHints":{"allow":["GET"]}}],"collection":[{"href":"https:\/\/wp.unil.ch\/libellus\/wp-json\/wp\/v2\/posts"}],"about":[{"href":"https:\/\/wp.unil.ch\/libellus\/wp-json\/wp\/v2\/types\/post"}],"author":[{"embeddable":true,"href":"https:\/\/wp.unil.ch\/libellus\/wp-json\/wp\/v2\/users\/1002650"}],"replies":[{"embeddable":true,"href":"https:\/\/wp.unil.ch\/libellus\/wp-json\/wp\/v2\/comments?post=381"}],"version-history":[{"count":1,"href":"https:\/\/wp.unil.ch\/libellus\/wp-json\/wp\/v2\/posts\/381\/revisions"}],"predecessor-version":[{"id":1354,"href":"https:\/\/wp.unil.ch\/libellus\/wp-json\/wp\/v2\/posts\/381\/revisions\/1354"}],"wp:attachment":[{"href":"https:\/\/wp.unil.ch\/libellus\/wp-json\/wp\/v2\/media?parent=381"}],"wp:term":[{"taxonomy":"category","embeddable":true,"href":"https:\/\/wp.unil.ch\/libellus\/wp-json\/wp\/v2\/categories?post=381"},{"taxonomy":"post_tag","embeddable":true,"href":"https:\/\/wp.unil.ch\/libellus\/wp-json\/wp\/v2\/tags?post=381"}],"curies":[{"name":"wp","href":"https:\/\/api.w.org\/{rel}","templated":true}]}}