{"id":370,"date":"2023-07-26T14:23:17","date_gmt":"2023-07-26T12:23:17","guid":{"rendered":"https:\/\/wp.unil.ch\/libellus\/?p=370"},"modified":"2024-01-31T10:26:46","modified_gmt":"2024-01-31T09:26:46","slug":"la-communication-en-milieu-medical","status":"publish","type":"post","link":"https:\/\/wp.unil.ch\/libellus\/la-communication-en-milieu-medical\/","title":{"rendered":"La communication en milieu m\u00e9dical"},"content":{"rendered":"<div class=\"wp-block-image\">\n<figure class=\"aligncenter size-full is-resized\"><img alt=\"\" loading=\"lazy\" decoding=\"async\" src=\"https:\/\/wp.unil.ch\/libellus\/files\/2023\/07\/comm-medical.jpg\" alt=\"\" class=\"wp-image-371\" style=\"object-fit:contain;width:320px;height:457px\" width=\"320\" height=\"457\" \/><\/figure>\n<\/div>\n\n\n<div class=\"wp-block-columns is-layout-flex wp-container-core-columns-is-layout-9d6595d7 wp-block-columns-is-layout-flex\">\n<div class=\"wp-block-column is-layout-flow wp-block-column-is-layout-flow\">\n<p><strong>Titre<\/strong><\/p>\n\n\n\n<p><strong>Sous-titre<\/strong><\/p>\n\n\n\n<p><strong>Collection<\/strong><\/p>\n\n\n\n<p><strong>Auteur.rice.s<\/strong><\/p>\n\n\n\n<p><strong>Date de publication<\/strong><\/p>\n\n\n\n<p><strong>Maison d&rsquo;\u00e9dition<\/strong><\/p>\n\n\n\n<p><strong>Lieu<\/strong><\/p>\n\n\n\n<p><strong>Langue<\/strong><\/p>\n\n\n\n<p><strong>Nbr de pages<\/strong><\/p>\n\n\n\n<p><strong>Format<\/strong><\/p>\n\n\n\n<p><strong>ISBN<\/strong><\/p>\n\n\n\n<p><strong>DOI<\/strong><\/p>\n\n\n\n<p><strong>Open Access<\/strong><\/p>\n\n\n\n<p><strong>R\u00e9sum\u00e9<\/strong><\/p>\n<\/div>\n\n\n\n<div class=\"wp-block-column is-layout-flow wp-block-column-is-layout-flow\">\n<p>La communication en milieu m\u00e9dical<\/p>\n\n\n\n<p>Un labyrinthe<\/p>\n\n\n\n<p>Savoir Suisse<\/p>\n\n\n\n<p>Pascal Singy \/ Gilles Merminod<\/p>\n\n\n\n<p>02 \/ 05 \/ 2021<\/p>\n\n\n\n<p>Savoir Suisse<\/p>\n\n\n\n<p>Lausanne<\/p>\n\n\n\n<p>Fran\u00e7ais<\/p>\n\n\n\n<p>144<\/p>\n\n\n\n<p>12 x 18 cm<\/p>\n\n\n\n<p>9782889154135<\/p>\n\n\n\n<p>&#8211;<\/p>\n\n\n\n<p>NON<\/p>\n\n\n\n<p><\/p>\n<\/div>\n<\/div>\n\n\n\n<p>Pr\u00eater attention aux mots, et plus g\u00e9n\u00e9ralement \u00e0 la communication, est essentiel au bon d\u00e9roulement d\u2019une rencontre de soin. C\u2019est ce qui permet aux soignants et aux patients de se comprendre dans des situations toujours singuli\u00e8res et complexes dont les enjeux m\u00e9dicaux, \u00e9thiques, psychosociaux et culturels sont multiples. S\u2019appuyant sur les sciences du langage, cet ouvrage donne aux acteurs de la sant\u00e9 comme au grand public les moyens de mieux appr\u00e9hender les situations de communication dans lesquelles ils se trouvent impliqu\u00e9s. Bien davantage qu\u2019une s\u00e9rie d\u2019outils et de strat\u00e9gies, il prouve que la communication est une r\u00e9alit\u00e9 qui se vit et se joue au quotidien pour les professionnels de sant\u00e9 ainsi que pour les patients.<\/p>\n\n\n\n<p>Disponible sur : <a href=\"https:\/\/www.epflpress.org\/produit\/1009\/9782889154135\/la-communication-en-milieu-medical#:~:text=Loin%20d%27%C3%AAtre%20une%20nouveaut%C3%A9,prise%20en%20charge%20des%20patients.\">La communication en milieu m\u00e9dical &#8211; Un labyrinthe &#8211; Pascal Singy, Gilles Merminod (EAN13 : 9782889154135) | EPFL PRESS<\/a><\/p>\n","protected":false},"excerpt":{"rendered":"<p>Titre Sous-titre Collection Auteur.rice.s Date de publication Maison d&rsquo;\u00e9dition Lieu Langue Nbr de pages Format ISBN DOI Open Access R\u00e9sum\u00e9 La communication en milieu m\u00e9dical Un labyrinthe Savoir&hellip;<\/p>\n","protected":false},"author":1002650,"featured_media":0,"comment_status":"closed","ping_status":"closed","sticky":false,"template":"template-full-width.php","format":"standard","meta":{"_seopress_robots_primary_cat":"","_seopress_titles_title":"","_seopress_titles_desc":"","_seopress_robots_index":"","footnotes":""},"categories":[1,6],"tags":[22],"class_list":{"0":"post-370","1":"post","2":"type-post","3":"status-publish","4":"format-standard","5":"has-post-thumbnail","7":"category-uncategorized","8":"category-publications","9":"tag-savoir-suisse"},"_links":{"self":[{"href":"https:\/\/wp.unil.ch\/libellus\/wp-json\/wp\/v2\/posts\/370","targetHints":{"allow":["GET"]}}],"collection":[{"href":"https:\/\/wp.unil.ch\/libellus\/wp-json\/wp\/v2\/posts"}],"about":[{"href":"https:\/\/wp.unil.ch\/libellus\/wp-json\/wp\/v2\/types\/post"}],"author":[{"embeddable":true,"href":"https:\/\/wp.unil.ch\/libellus\/wp-json\/wp\/v2\/users\/1002650"}],"replies":[{"embeddable":true,"href":"https:\/\/wp.unil.ch\/libellus\/wp-json\/wp\/v2\/comments?post=370"}],"version-history":[{"count":1,"href":"https:\/\/wp.unil.ch\/libellus\/wp-json\/wp\/v2\/posts\/370\/revisions"}],"predecessor-version":[{"id":1356,"href":"https:\/\/wp.unil.ch\/libellus\/wp-json\/wp\/v2\/posts\/370\/revisions\/1356"}],"wp:attachment":[{"href":"https:\/\/wp.unil.ch\/libellus\/wp-json\/wp\/v2\/media?parent=370"}],"wp:term":[{"taxonomy":"category","embeddable":true,"href":"https:\/\/wp.unil.ch\/libellus\/wp-json\/wp\/v2\/categories?post=370"},{"taxonomy":"post_tag","embeddable":true,"href":"https:\/\/wp.unil.ch\/libellus\/wp-json\/wp\/v2\/tags?post=370"}],"curies":[{"name":"wp","href":"https:\/\/api.w.org\/{rel}","templated":true}]}}