{"id":366,"date":"2023-07-26T14:16:40","date_gmt":"2023-07-26T12:16:40","guid":{"rendered":"https:\/\/wp.unil.ch\/libellus\/?p=366"},"modified":"2024-01-31T10:27:08","modified_gmt":"2024-01-31T09:27:08","slug":"au-coeur-de-la-crise","status":"publish","type":"post","link":"https:\/\/wp.unil.ch\/libellus\/au-coeur-de-la-crise\/","title":{"rendered":"Au c\u0153ur de la crise"},"content":{"rendered":"<div class=\"wp-block-image\">\n<figure class=\"aligncenter size-full is-resized\"><img alt=\"\" loading=\"lazy\" decoding=\"async\" src=\"https:\/\/wp.unil.ch\/libellus\/files\/2023\/07\/coeur-crise.png\" alt=\"\" class=\"wp-image-367\" style=\"object-fit:contain;width:320px;height:457px\" width=\"320\" height=\"457\" srcset=\"https:\/\/wp.unil.ch\/libellus\/files\/2023\/07\/coeur-crise.png 320w, https:\/\/wp.unil.ch\/libellus\/files\/2023\/07\/coeur-crise-210x300.png 210w\" sizes=\"auto, (max-width: 320px) 100vw, 320px\" \/><\/figure>\n<\/div>\n\n\n<div class=\"wp-block-columns is-layout-flex wp-container-core-columns-is-layout-9d6595d7 wp-block-columns-is-layout-flex\">\n<div class=\"wp-block-column is-layout-flow wp-block-column-is-layout-flow\">\n<p><strong>Titre<\/strong><\/p>\n\n\n\n<p><strong>Sous-titre<\/strong><\/p>\n\n\n\n<p>&#8211;<\/p>\n\n\n\n<p><strong>Collection<\/strong><\/p>\n\n\n\n<p><strong>Auteur.rice.s<\/strong><\/p>\n\n\n\n<p><strong>Date de publication<\/strong><\/p>\n\n\n\n<p><strong>Maison d&rsquo;\u00e9dition<\/strong><\/p>\n\n\n\n<p><strong>Lieu<\/strong><\/p>\n\n\n\n<p><strong>Langue<\/strong><\/p>\n\n\n\n<p><strong>Nbr de pages<\/strong><\/p>\n\n\n\n<p><strong>Format<\/strong><\/p>\n\n\n\n<p><strong>ISBN<\/strong><\/p>\n\n\n\n<p><strong>DOI<\/strong><\/p>\n\n\n\n<p><strong>Open Access<\/strong><\/p>\n\n\n\n<p><strong>R\u00e9sum\u00e9<\/strong><\/p>\n<\/div>\n\n\n\n<div class=\"wp-block-column is-layout-flow wp-block-column-is-layout-flow\">\n<p>Au c\u0153ur de la crise<\/p>\n\n\n\n<p>L&rsquo;action d&rsquo;Unisant\u00e9 contre la <\/p>\n\n\n\n<p>pand\u00e9mie<\/p>\n\n\n\n<p>&#8211;<\/p>\n\n\n\n<p>Francesca Sacco \/ Jacques Cornuz<\/p>\n\n\n\n<p>24 \/ 10 \/ 2021<\/p>\n\n\n\n<p>RMS Editions<\/p>\n\n\n\n<p>Ch\u00eane-Bourg<\/p>\n\n\n\n<p>Fran\u00e7ais<\/p>\n\n\n\n<p>182<\/p>\n\n\n\n<p>14 x 20 cm<\/p>\n\n\n\n<p>9782880495114<\/p>\n\n\n\n<p>&#8211;<\/p>\n\n\n\n<p>NON<\/p>\n\n\n\n<p><\/p>\n<\/div>\n<\/div>\n\n\n\n<p>Ce livre plonge le lecteur dans les coulisses d\u2019Unisant\u00e9 pour raconter comment la crise sanitaire li\u00e9e au COVID-19 est g\u00e9r\u00e9e dans le canton de Vaud, en Suisse, l\u2019un des plus durement touch\u00e9s par la pand\u00e9mie. Depuis le d\u00e9but de cette crise sans pr\u00e9c\u00e9dent, Unisant\u00e9 intervient sur tous les fronts pour endiguer la propagation du virus : testing, d\u00e9pistage, vaccination, soins ambulatoires aux \u00ab patients Covid \u00bb, formation du personnel soignant et du personnel charg\u00e9 du tra\u00e7age des contacts, d\u00e9veloppement de solutions digitales pour le monitoring de la pand\u00e9mie, etc. Les activit\u00e9s d\u2019Unisant\u00e9 auront notamment permis au canton de Vaud de tester plus de 55 000 personnes et de prendre en charge quelque 45 000 \u00ab patients Covid-19 \u00bb. Quant aux applications d\u00e9velopp\u00e9es par l\u2019institution, elles ont enregistr\u00e9 plus de 8 millions de visites. La gestion de la pand\u00e9mie ne se joue pas seulement dans les grands h\u00f4pitaux et les services de soins intensifs ; elle est \u00e9galement pilot\u00e9e et soutenue par une institution comme Unisant\u00e9 qui rassemble sous un m\u00eame toit, dans une approche universitaire, des comp\u00e9tences en m\u00e9decine g\u00e9n\u00e9rale et en sant\u00e9 publique.<\/p>\n\n\n\n<p>Disponible sur : <a href=\"https:\/\/www.revmed.ch\/livres\/au-coeur-de-la-crise\">AU COEUR DE LA CRISE (Sacco Francesca, Cornuz Jacques) | Revue Medicale Suisse (revmed.ch)<\/a><\/p>\n","protected":false},"excerpt":{"rendered":"<p>Titre Sous-titre &#8211; Collection Auteur.rice.s Date de publication Maison d&rsquo;\u00e9dition Lieu Langue Nbr de pages Format ISBN DOI Open Access R\u00e9sum\u00e9 Au c\u0153ur de la crise L&rsquo;action d&rsquo;Unisant\u00e9&hellip;<\/p>\n","protected":false},"author":1002650,"featured_media":0,"comment_status":"closed","ping_status":"closed","sticky":false,"template":"template-full-width.php","format":"standard","meta":{"_seopress_robots_primary_cat":"","_seopress_titles_title":"","_seopress_titles_desc":"","_seopress_robots_index":"","footnotes":""},"categories":[1,6],"tags":[7],"class_list":{"0":"post-366","1":"post","2":"type-post","3":"status-publish","4":"format-standard","5":"has-post-thumbnail","7":"category-uncategorized","8":"category-publications","9":"tag-rms-editions"},"_links":{"self":[{"href":"https:\/\/wp.unil.ch\/libellus\/wp-json\/wp\/v2\/posts\/366","targetHints":{"allow":["GET"]}}],"collection":[{"href":"https:\/\/wp.unil.ch\/libellus\/wp-json\/wp\/v2\/posts"}],"about":[{"href":"https:\/\/wp.unil.ch\/libellus\/wp-json\/wp\/v2\/types\/post"}],"author":[{"embeddable":true,"href":"https:\/\/wp.unil.ch\/libellus\/wp-json\/wp\/v2\/users\/1002650"}],"replies":[{"embeddable":true,"href":"https:\/\/wp.unil.ch\/libellus\/wp-json\/wp\/v2\/comments?post=366"}],"version-history":[{"count":1,"href":"https:\/\/wp.unil.ch\/libellus\/wp-json\/wp\/v2\/posts\/366\/revisions"}],"predecessor-version":[{"id":1357,"href":"https:\/\/wp.unil.ch\/libellus\/wp-json\/wp\/v2\/posts\/366\/revisions\/1357"}],"wp:attachment":[{"href":"https:\/\/wp.unil.ch\/libellus\/wp-json\/wp\/v2\/media?parent=366"}],"wp:term":[{"taxonomy":"category","embeddable":true,"href":"https:\/\/wp.unil.ch\/libellus\/wp-json\/wp\/v2\/categories?post=366"},{"taxonomy":"post_tag","embeddable":true,"href":"https:\/\/wp.unil.ch\/libellus\/wp-json\/wp\/v2\/tags?post=366"}],"curies":[{"name":"wp","href":"https:\/\/api.w.org\/{rel}","templated":true}]}}