{"id":254,"date":"2023-07-21T13:18:18","date_gmt":"2023-07-21T11:18:18","guid":{"rendered":"https:\/\/wp.unil.ch\/libellus\/?p=254"},"modified":"2024-01-31T10:30:44","modified_gmt":"2024-01-31T09:30:44","slug":"les-mots-et-les-objets-de-la-maladie","status":"publish","type":"post","link":"https:\/\/wp.unil.ch\/libellus\/les-mots-et-les-objets-de-la-maladie\/","title":{"rendered":"Les mots et les objets de la maladie"},"content":{"rendered":"<div class=\"wp-block-image\">\n<figure class=\"aligncenter size-full is-resized\"><img alt=\"\" loading=\"lazy\" decoding=\"async\" src=\"https:\/\/wp.unil.ch\/libellus\/files\/2023\/07\/mots-objets-maladie.jpg\" alt=\"\" class=\"wp-image-255\" style=\"object-fit:contain;width:320px;height:457px\" width=\"320\" height=\"457\" \/><\/figure>\n<\/div>\n\n\n<div class=\"wp-block-columns is-layout-flex wp-container-core-columns-is-layout-9d6595d7 wp-block-columns-is-layout-flex\">\n<div class=\"wp-block-column is-layout-flow wp-block-column-is-layout-flow\">\n<p><strong>Titre<\/strong><\/p>\n\n\n\n<p><strong>Sous-titre<\/strong><\/p>\n\n\n\n<p><strong>Collection<\/strong><\/p>\n\n\n\n<p><strong>Auteur.rice.s<\/strong><\/p>\n\n\n\n<p><strong>Date de publication<\/strong><\/p>\n\n\n\n<p><strong>Maison d&rsquo;\u00e9dition<\/strong><\/p>\n\n\n\n<p><strong>Lieu<\/strong><\/p>\n\n\n\n<p><strong>Langue<\/strong><\/p>\n\n\n\n<p><strong>Nbr de pages<\/strong><\/p>\n\n\n\n<p><strong>Format<\/strong><\/p>\n\n\n\n<p><strong>ISBN<\/strong><\/p>\n\n\n\n<p><strong>DOI<\/strong><\/p>\n\n\n\n<p><strong>Open Access<\/strong><\/p>\n\n\n\n<p><strong>R\u00e9sum\u00e9<\/strong><\/p>\n<\/div>\n\n\n\n<div class=\"wp-block-column is-layout-flow wp-block-column-is-layout-flow\">\n<p>Les mots et les objets de la maladie<\/p>\n\n\n\n<p>De Jean-Pierre Peter<\/p>\n\n\n\n<p>Tir\u00e9s \u00e0 part<\/p>\n\n\n\n<p>Vincent Barras<\/p>\n\n\n\n<p>28 \/ 10 \/ 2021<\/p>\n\n\n\n<p>Editions de la Sorbonne<\/p>\n\n\n\n<p>Paris<\/p>\n\n\n\n<p>Fran\u00e7ais<\/p>\n\n\n\n<p>68<\/p>\n\n\n\n<p>14 x 21 cm<\/p>\n\n\n\n<p>9791035106539<\/p>\n\n\n\n<p>&#8211;<\/p>\n\n\n\n<p>NON<\/p>\n\n\n\n<p><\/p>\n<\/div>\n<\/div>\n\n\n\n<p>Extrait d&rsquo;une revue ou d&rsquo;un ouvrage reli\u00e9 \u00e0 part en un petit livret. Destin\u00e9 habituellement \u00e0 faire conna\u00eetre un article r\u00e9cemment publi\u00e9, la collection d\u00e9tourne l\u2019usage et la fonction du tir\u00e9 \u00e0 part pour inviter \u00e0 la (re)d\u00e9couverte d\u2019un texte. En lieu et place du traditionnel mot d\u2019accompagnement de l\u2019auteur, Vincent Barras partage ici, dans une courte pr\u00e9sentation, son exp\u00e9rience de lecture de : \u00ab Les mots et les objets de la maladie \u00bb de Jean-Pierre Peter.<\/p>\n\n\n\n<p>Disponible sur : <a href=\"https:\/\/www.editionsdelasorbonne.fr\/fr\/livre\/?GCOI=28405100181960\">Les mots et les objets de la maladie, De Jean-Pierre Peter (editionsdelasorbonne.fr)<\/a><\/p>\n\n\n\n<p><\/p>\n","protected":false},"excerpt":{"rendered":"<p>Titre Sous-titre Collection Auteur.rice.s Date de publication Maison d&rsquo;\u00e9dition Lieu Langue Nbr de pages Format ISBN DOI Open Access R\u00e9sum\u00e9 Les mots et les objets de la maladie&hellip;<\/p>\n","protected":false},"author":1002650,"featured_media":0,"comment_status":"closed","ping_status":"closed","sticky":false,"template":"template-full-width.php","format":"standard","meta":{"_seopress_robots_primary_cat":"","_seopress_titles_title":"","_seopress_titles_desc":"","_seopress_robots_index":"","footnotes":""},"categories":[1,6],"tags":[9,10],"class_list":{"0":"post-254","1":"post","2":"type-post","3":"status-publish","4":"format-standard","5":"has-post-thumbnail","7":"category-uncategorized","8":"category-publications","9":"tag-editions-sorbonne","10":"tag-tires-a-part"},"_links":{"self":[{"href":"https:\/\/wp.unil.ch\/libellus\/wp-json\/wp\/v2\/posts\/254","targetHints":{"allow":["GET"]}}],"collection":[{"href":"https:\/\/wp.unil.ch\/libellus\/wp-json\/wp\/v2\/posts"}],"about":[{"href":"https:\/\/wp.unil.ch\/libellus\/wp-json\/wp\/v2\/types\/post"}],"author":[{"embeddable":true,"href":"https:\/\/wp.unil.ch\/libellus\/wp-json\/wp\/v2\/users\/1002650"}],"replies":[{"embeddable":true,"href":"https:\/\/wp.unil.ch\/libellus\/wp-json\/wp\/v2\/comments?post=254"}],"version-history":[{"count":1,"href":"https:\/\/wp.unil.ch\/libellus\/wp-json\/wp\/v2\/posts\/254\/revisions"}],"predecessor-version":[{"id":1366,"href":"https:\/\/wp.unil.ch\/libellus\/wp-json\/wp\/v2\/posts\/254\/revisions\/1366"}],"wp:attachment":[{"href":"https:\/\/wp.unil.ch\/libellus\/wp-json\/wp\/v2\/media?parent=254"}],"wp:term":[{"taxonomy":"category","embeddable":true,"href":"https:\/\/wp.unil.ch\/libellus\/wp-json\/wp\/v2\/categories?post=254"},{"taxonomy":"post_tag","embeddable":true,"href":"https:\/\/wp.unil.ch\/libellus\/wp-json\/wp\/v2\/tags?post=254"}],"curies":[{"name":"wp","href":"https:\/\/api.w.org\/{rel}","templated":true}]}}