{"id":1397,"date":"2024-02-26T16:00:01","date_gmt":"2024-02-26T15:00:01","guid":{"rendered":"https:\/\/wp.unil.ch\/libellus\/?p=1397"},"modified":"2024-02-26T16:02:40","modified_gmt":"2024-02-26T15:02:40","slug":"referentiel-de-medecine-du-travail","status":"publish","type":"post","link":"https:\/\/wp.unil.ch\/libellus\/referentiel-de-medecine-du-travail\/","title":{"rendered":"R\u00e9f\u00e9rentiel de m\u00e9decine du travail"},"content":{"rendered":"<div class=\"wp-block-image\">\n<figure class=\"aligncenter size-full is-resized\"><img alt=\"R\u00e9f\u00e9rentiel de m\u00e9decine du travail\" loading=\"lazy\" decoding=\"async\" width=\"617\" height=\"882\" src=\"https:\/\/wp.unil.ch\/libellus\/files\/2024\/02\/referentiel_medecine_du_travail.png\" alt=\"\" class=\"wp-image-1398\" style=\"object-fit:contain;width:320px;height:457px\" srcset=\"https:\/\/wp.unil.ch\/libellus\/files\/2024\/02\/referentiel_medecine_du_travail.png 617w, https:\/\/wp.unil.ch\/libellus\/files\/2024\/02\/referentiel_medecine_du_travail-210x300.png 210w, https:\/\/wp.unil.ch\/libellus\/files\/2024\/02\/referentiel_medecine_du_travail-540x772.png 540w\" sizes=\"auto, (max-width: 617px) 100vw, 617px\" \/><\/figure>\n<\/div>\n\n\n<div class=\"wp-block-columns is-layout-flex wp-container-core-columns-is-layout-9d6595d7 wp-block-columns-is-layout-flex\">\n<div class=\"wp-block-column is-layout-flow wp-block-column-is-layout-flow\">\n<p><strong>Titre<\/strong><\/p>\n\n\n\n<p><strong>Sous-titre<\/strong><\/p>\n\n\n\n<p>&#8211;<\/p>\n\n\n\n<p>&#8211;<\/p>\n\n\n\n<p><strong>Collection<\/strong><\/p>\n\n\n\n<p><strong>Auteur.rice.s<\/strong><\/p>\n\n\n\n<p>&#8211;<\/p>\n\n\n\n<p>&#8211;<\/p>\n\n\n\n<p><strong>Date de publication<\/strong><\/p>\n\n\n\n<p><strong>Maison d&rsquo;\u00e9dition<\/strong><\/p>\n\n\n\n<p><strong>Lieu<\/strong><\/p>\n\n\n\n<p><strong>Langue<\/strong><\/p>\n\n\n\n<p><strong>Nbr de pages<\/strong><\/p>\n\n\n\n<p><strong>Format<\/strong><\/p>\n\n\n\n<p><strong>ISBN<\/strong><\/p>\n\n\n\n<p><strong>DOI<\/strong><\/p>\n\n\n\n<p><strong>Open Access<\/strong><\/p>\n\n\n\n<p><strong>R\u00e9sum\u00e9<\/strong><\/p>\n<\/div>\n\n\n\n<div class=\"wp-block-column is-layout-flow wp-block-column-is-layout-flow\">\n<p>R\u00e9f\u00e9rentiel de m\u00e9decine du travail<\/p>\n\n\n\n<p>Pour les \u00e9tudiant.e.s de m\u00e9decine <\/p>\n\n\n\n<p>pr\u00e9grade et postgrade et les m\u00e9decins de <\/p>\n\n\n\n<p>premiers recours<\/p>\n\n\n\n<p>&#8211;<\/p>\n\n\n\n<p>Peggy Krief \/ David Miedlinger \/ Anja <\/p>\n\n\n\n<p>Zyska Cherix \/ Samuel Iff \/ Jacques <\/p>\n\n\n\n<p>Pralong \/ Holger Dressel<\/p>\n\n\n\n<p>21 \/ 09 \/ 2023<\/p>\n\n\n\n<p>RMS Editions<\/p>\n\n\n\n<p>Ch\u00eane-Bourg<\/p>\n\n\n\n<p>Fran\u00e7ais<\/p>\n\n\n\n<p>296<\/p>\n\n\n\n<p>16,5 x 23,5 cm<\/p>\n\n\n\n<p>9782880495404<\/p>\n\n\n\n<p>&#8211;<\/p>\n\n\n\n<p>NON<\/p>\n\n\n\n<p><\/p>\n<\/div>\n<\/div>\n\n\n\n<p>L\u2019objectif principal de cet ouvrage est d\u2019aider les \u00e9tudiant\u00b7e\u00b7s \u00e0 \u00e9largir leurs connaissances et \u00e0 d\u00e9velopper leurs comp\u00e9tences en sant\u00e9 au travail. Il offre une pr\u00e9parationaux examens de bachelor, de master ainsi qu&rsquo;\u00e0 l\u2019examen f\u00e9d\u00e9ral de fin de cursus. Ceci \u00e0 travers les objectifs d\u2019apprentissage Profiles, les messages cl\u00e9s, les vignettes pratiques et les QCM permettant de v\u00e9rifier l\u2019acquisition des connaissances et la compr\u00e9hension des lecteur\u00b7trice\u00b7s.<\/p>\n\n\n\n<p>Les m\u00e9decins qui se trouvent confront\u00e9s aux probl\u00e9matiques li\u00e9es au travail lors des consultations pourront l\u2019utiliser comme un outil de soutien pour assurer une prise en charge globale et int\u00e9grative de leurs patient\u00b7e\u00b7s.<br>Les enseignant\u00b7e\u00b7s et formateur\u00b7trice\u00b7s pourront s\u2019appuyer sur ce livre comme r\u00e9f\u00e9rence pour leurs cours et examens favorisant ainsi le d\u00e9veloppement de m\u00e9thodes d\u2019enseignement novatrices.<\/p>\n\n\n\n<p><strong>\u00c0 propos des auteur.e.s<\/strong><\/p>\n\n\n\n<p>Par le Coll\u00e8ge national des enseignants de m\u00e9decine du travail, sous la coordination de Peggy Krief, responsable de l\u2019Unit\u00e9 m\u00e9decine du travail au D\u00e9partement sant\u00e9, travail et environnement du Centre universitaire de m\u00e9decine g\u00e9n\u00e9rale et de sant\u00e9 publique (Unisant\u00e9), \u00e0 Lausanne. En collaboration avec les universit\u00e9s suisses de Zurich, Gen\u00e8ve, B\u00e2le, Bern et Lausanne.<\/p>\n\n\n\n<p>Disponible sur : <a href=\"https:\/\/boutique.revmed.ch\/referentiel-de-medecine-du-travail\">R\u00e9f\u00e9rentiel de m\u00e9decine du travail |\u00a0Boutique M\u00e9dicale Suisse (revmed.ch)<\/a><\/p>\n","protected":false},"excerpt":{"rendered":"<p>Titre Sous-titre &#8211; &#8211; Collection Auteur.rice.s &#8211; &#8211; Date de publication Maison d&rsquo;\u00e9dition Lieu Langue Nbr de pages Format ISBN DOI Open Access R\u00e9sum\u00e9 R\u00e9f\u00e9rentiel de m\u00e9decine du&hellip;<\/p>\n","protected":false},"author":1002650,"featured_media":0,"comment_status":"closed","ping_status":"closed","sticky":false,"template":"template-full-width.php","format":"standard","meta":{"_seopress_robots_primary_cat":"","_seopress_titles_title":"","_seopress_titles_desc":"","_seopress_robots_index":"","footnotes":""},"categories":[1,6],"tags":[7],"class_list":{"0":"post-1397","1":"post","2":"type-post","3":"status-publish","4":"format-standard","5":"has-post-thumbnail","7":"category-uncategorized","8":"category-publications","9":"tag-rms-editions"},"_links":{"self":[{"href":"https:\/\/wp.unil.ch\/libellus\/wp-json\/wp\/v2\/posts\/1397","targetHints":{"allow":["GET"]}}],"collection":[{"href":"https:\/\/wp.unil.ch\/libellus\/wp-json\/wp\/v2\/posts"}],"about":[{"href":"https:\/\/wp.unil.ch\/libellus\/wp-json\/wp\/v2\/types\/post"}],"author":[{"embeddable":true,"href":"https:\/\/wp.unil.ch\/libellus\/wp-json\/wp\/v2\/users\/1002650"}],"replies":[{"embeddable":true,"href":"https:\/\/wp.unil.ch\/libellus\/wp-json\/wp\/v2\/comments?post=1397"}],"version-history":[{"count":1,"href":"https:\/\/wp.unil.ch\/libellus\/wp-json\/wp\/v2\/posts\/1397\/revisions"}],"predecessor-version":[{"id":1399,"href":"https:\/\/wp.unil.ch\/libellus\/wp-json\/wp\/v2\/posts\/1397\/revisions\/1399"}],"wp:attachment":[{"href":"https:\/\/wp.unil.ch\/libellus\/wp-json\/wp\/v2\/media?parent=1397"}],"wp:term":[{"taxonomy":"category","embeddable":true,"href":"https:\/\/wp.unil.ch\/libellus\/wp-json\/wp\/v2\/categories?post=1397"},{"taxonomy":"post_tag","embeddable":true,"href":"https:\/\/wp.unil.ch\/libellus\/wp-json\/wp\/v2\/tags?post=1397"}],"curies":[{"name":"wp","href":"https:\/\/api.w.org\/{rel}","templated":true}]}}