{"id":1390,"date":"2024-02-26T15:41:21","date_gmt":"2024-02-26T14:41:21","guid":{"rendered":"https:\/\/wp.unil.ch\/libellus\/?p=1390"},"modified":"2024-02-26T16:02:28","modified_gmt":"2024-02-26T15:02:28","slug":"crise-du-systeme-de-sante","status":"publish","type":"post","link":"https:\/\/wp.unil.ch\/libellus\/crise-du-systeme-de-sante\/","title":{"rendered":"Crise du syst\u00e8me de sant\u00e9"},"content":{"rendered":"<div class=\"wp-block-image\">\n<figure class=\"aligncenter size-full is-resized\"><img alt=\"Crise du syst\u00e8me de sant\u00e9\" loading=\"lazy\" decoding=\"async\" width=\"688\" height=\"1200\" src=\"https:\/\/wp.unil.ch\/libellus\/files\/2024\/02\/georg_kraft_02_monod_couverture_page_1.jpg\" alt=\"\" class=\"wp-image-1391\" style=\"object-fit:contain;width:320px;height:457px\" srcset=\"https:\/\/wp.unil.ch\/libellus\/files\/2024\/02\/georg_kraft_02_monod_couverture_page_1.jpg 688w, https:\/\/wp.unil.ch\/libellus\/files\/2024\/02\/georg_kraft_02_monod_couverture_page_1-172x300.jpg 172w, https:\/\/wp.unil.ch\/libellus\/files\/2024\/02\/georg_kraft_02_monod_couverture_page_1-587x1024.jpg 587w, https:\/\/wp.unil.ch\/libellus\/files\/2024\/02\/georg_kraft_02_monod_couverture_page_1-540x942.jpg 540w\" sizes=\"auto, (max-width: 688px) 100vw, 688px\" \/><\/figure>\n<\/div>\n\n\n<div class=\"wp-block-columns is-layout-flex wp-container-core-columns-is-layout-9d6595d7 wp-block-columns-is-layout-flex\">\n<div class=\"wp-block-column is-layout-flow wp-block-column-is-layout-flow\">\n<p><strong>Titre<\/strong><\/p>\n\n\n\n<p><strong>Sous-titre<\/strong><\/p>\n\n\n\n<p><strong>Collection<\/strong><\/p>\n\n\n\n<p><strong>Auteur.rice.s<\/strong><\/p>\n\n\n\n<p><strong>Date de publication<\/strong><\/p>\n\n\n\n<p><strong>Maison d&rsquo;\u00e9dition<\/strong><\/p>\n\n\n\n<p><strong>Lieu<\/strong><\/p>\n\n\n\n<p><strong>Langue<\/strong><\/p>\n\n\n\n<p><strong>Nbr de pages<\/strong><\/p>\n\n\n\n<p><strong>Format<\/strong><\/p>\n\n\n\n<p><strong>ISBN<\/strong><\/p>\n\n\n\n<p><strong>DOI<\/strong><\/p>\n\n\n\n<p><strong>Open Access<\/strong><\/p>\n\n\n\n<p><strong>R\u00e9sum\u00e9<\/strong><\/p>\n<\/div>\n\n\n\n<div class=\"wp-block-column is-layout-flow wp-block-column-is-layout-flow\">\n<p>Crise du syst\u00e8me de sant\u00e9<\/p>\n\n\n\n<p>Cantons et Conf\u00e9d\u00e9ration, il est encore temps !<\/p>\n\n\n\n<p>Kraft<\/p>\n\n\n\n<p>St\u00e9phanie Monod<\/p>\n\n\n\n<p>14 \/ 09 \/ 2023<\/p>\n\n\n\n<p>RMS Editions<\/p>\n\n\n\n<p>Ch\u00eane-Bourg<\/p>\n\n\n\n<p>Fran\u00e7ais<\/p>\n\n\n\n<p>40<\/p>\n\n\n\n<p>13,5 x 24 cm<\/p>\n\n\n\n<p>9782825713266<\/p>\n\n\n\n<p>&#8211;<\/p>\n\n\n\n<p>NON<\/p>\n\n\n\n<p><\/p>\n<\/div>\n<\/div>\n\n\n\n<p>Un syst\u00e8me, des dizaines de milliards, des luttes d\u2019int\u00e9r\u00eats, pas de vision de sant\u00e9 et pas d\u2019arbitrage. Voil\u00e0 le probl\u00e8me. Les cotisations des citoyens alimentent une machine qui s\u2019est fondue dans un vaste march\u00e9 et dans laquelle les soins se sont perdus. Alors qu\u2019en 1890 on votait une assurance sociale maladie, 130 ans plus tard cette m\u00eame assurance \u00e9touffe le budget des m\u00e9nages. Le syst\u00e8me est devenu illisible et ingouvernable. <\/p>\n\n\n\n<p>Cet essai retrace la construction sociale de notre syst\u00e8me et donne des orientations. Les r\u00e9formettes ne serviront \u00e0 rien d\u2019autre que de noyer encore le d\u00e9bat de fond qui doit advenir. La sant\u00e9 est un bien public que toute soci\u00e9t\u00e9 civilis\u00e9e se doit de prot\u00e9ger, y compris contre des int\u00e9r\u00eats financiers d\u00e9brid\u00e9s. <\/p>\n\n\n\n<p>C\u2019est un appel au politique.<\/p>\n\n\n\n<p><strong>\u00c0 propos de l&rsquo;auteure :<\/strong><\/p>\n\n\n\n<p>St\u00e9fanie Monod est professeure titulaire \u00e0 l\u2019Universit\u00e9 de Lausanne, m\u00e9decin cheffe et co-cheffe du D\u00e9partement \u00e9pid\u00e9miologie et syst\u00e8mes de sant\u00e9 \u00e0 Unisant\u00e9. <\/p>\n\n\n\n<p>Pendant pr\u00e8s de huit ans, elle a occup\u00e9 la fonction de Directrice g\u00e9n\u00e9rale de la Direction G\u00e9n\u00e9rale de la Sant\u00e9 (DGS) du canton de Vaud. De par son parcours professionnel, elle a d\u00e9velopp\u00e9 de l\u2019expertise dans les politiques de sant\u00e9, la gouvernance, l\u2019organisation et le financement du syst\u00e8me de sant\u00e9 suisse.<\/p>\n\n\n\n<p>Disponible sur : <a href=\"https:\/\/boutique.revmed.ch\/crise-du-systeme-de-sante-cantons-et-confederation-il-est-encore-temps\">CRISE DU SYSTEME DE SANTE : CANTONS ET CONFEDERATION |\u00a0Boutique M\u00e9dicale Suisse (revmed.ch)<\/a><\/p>\n","protected":false},"excerpt":{"rendered":"<p>Titre Sous-titre Collection Auteur.rice.s Date de publication Maison d&rsquo;\u00e9dition Lieu Langue Nbr de pages Format ISBN DOI Open Access R\u00e9sum\u00e9 Crise du syst\u00e8me de sant\u00e9 Cantons et Conf\u00e9d\u00e9ration,&hellip;<\/p>\n","protected":false},"author":1002650,"featured_media":0,"comment_status":"closed","ping_status":"closed","sticky":false,"template":"template-full-width.php","format":"standard","meta":{"_seopress_robots_primary_cat":"","_seopress_titles_title":"","_seopress_titles_desc":"","_seopress_robots_index":"","footnotes":""},"categories":[1,6],"tags":[64,7],"class_list":{"0":"post-1390","1":"post","2":"type-post","3":"status-publish","4":"format-standard","5":"has-post-thumbnail","7":"category-uncategorized","8":"category-publications","9":"tag-kraft","10":"tag-rms-editions"},"_links":{"self":[{"href":"https:\/\/wp.unil.ch\/libellus\/wp-json\/wp\/v2\/posts\/1390","targetHints":{"allow":["GET"]}}],"collection":[{"href":"https:\/\/wp.unil.ch\/libellus\/wp-json\/wp\/v2\/posts"}],"about":[{"href":"https:\/\/wp.unil.ch\/libellus\/wp-json\/wp\/v2\/types\/post"}],"author":[{"embeddable":true,"href":"https:\/\/wp.unil.ch\/libellus\/wp-json\/wp\/v2\/users\/1002650"}],"replies":[{"embeddable":true,"href":"https:\/\/wp.unil.ch\/libellus\/wp-json\/wp\/v2\/comments?post=1390"}],"version-history":[{"count":1,"href":"https:\/\/wp.unil.ch\/libellus\/wp-json\/wp\/v2\/posts\/1390\/revisions"}],"predecessor-version":[{"id":1392,"href":"https:\/\/wp.unil.ch\/libellus\/wp-json\/wp\/v2\/posts\/1390\/revisions\/1392"}],"wp:attachment":[{"href":"https:\/\/wp.unil.ch\/libellus\/wp-json\/wp\/v2\/media?parent=1390"}],"wp:term":[{"taxonomy":"category","embeddable":true,"href":"https:\/\/wp.unil.ch\/libellus\/wp-json\/wp\/v2\/categories?post=1390"},{"taxonomy":"post_tag","embeddable":true,"href":"https:\/\/wp.unil.ch\/libellus\/wp-json\/wp\/v2\/tags?post=1390"}],"curies":[{"name":"wp","href":"https:\/\/api.w.org\/{rel}","templated":true}]}}