{"id":1291,"date":"2023-11-28T15:49:49","date_gmt":"2023-11-28T14:49:49","guid":{"rendered":"https:\/\/wp.unil.ch\/libellus\/?p=1291"},"modified":"2024-02-13T11:55:48","modified_gmt":"2024-02-13T10:55:48","slug":"la-medecine-personnalisee","status":"publish","type":"post","link":"https:\/\/wp.unil.ch\/libellus\/la-medecine-personnalisee\/","title":{"rendered":"La m\u00e9decine personnalis\u00e9e"},"content":{"rendered":"<div class=\"wp-block-image\">\n<figure class=\"aligncenter size-full is-resized\"><img alt=\"La m\u00e9decine personnalis\u00e9e\" loading=\"lazy\" decoding=\"async\" width=\"640\" height=\"960\" src=\"https:\/\/wp.unil.ch\/libellus\/files\/2023\/11\/med_perso.jpg\" alt=\"\" class=\"wp-image-1292\" style=\"object-fit:contain;width:320px;height:457px\" srcset=\"https:\/\/wp.unil.ch\/libellus\/files\/2023\/11\/med_perso.jpg 640w, https:\/\/wp.unil.ch\/libellus\/files\/2023\/11\/med_perso-200x300.jpg 200w, https:\/\/wp.unil.ch\/libellus\/files\/2023\/11\/med_perso-540x810.jpg 540w\" sizes=\"auto, (max-width: 640px) 100vw, 640px\" \/><\/figure>\n<\/div>\n\n\n<div class=\"wp-block-columns is-layout-flex wp-container-core-columns-is-layout-9d6595d7 wp-block-columns-is-layout-flex\">\n<div class=\"wp-block-column is-layout-flow wp-block-column-is-layout-flow\">\n<p><strong>Titre<\/strong><\/p>\n\n\n\n<p><strong>Sous-titre<\/strong><\/p>\n\n\n\n<p><strong>Collection<\/strong><\/p>\n\n\n\n<p><strong>Auteur.rice.s<\/strong><\/p>\n\n\n\n<p><strong>Date de publication<\/strong><\/p>\n\n\n\n<p><strong>Maison d&rsquo;\u00e9dition<\/strong><\/p>\n\n\n\n<p><strong>Lieu<\/strong><\/p>\n\n\n\n<p><strong>Langue<\/strong><\/p>\n\n\n\n<p><strong>Nbr de pages<\/strong><\/p>\n\n\n\n<p><strong>Format<\/strong><\/p>\n\n\n\n<p><strong>ISBN<\/strong><\/p>\n\n\n\n<p><strong>DOI<\/strong><\/p>\n\n\n\n<p><strong>Open Access<\/strong><\/p>\n\n\n\n<p><strong>R\u00e9sum\u00e9<\/strong><\/p>\n<\/div>\n\n\n\n<div class=\"wp-block-column is-layout-flow wp-block-column-is-layout-flow\">\n<p>La m\u00e9decine personnalis\u00e9e<\/p>\n\n\n\n<p>&#8211;<\/p>\n\n\n\n<p>&#8211;<\/p>\n\n\n\n<p>B\u00e9atrice Desvergne<\/p>\n\n\n\n<p>26 \/ 10 \/ 2023<\/p>\n\n\n\n<p>Savoir Suisse<\/p>\n\n\n\n<p>Lausanne<\/p>\n\n\n\n<p>Fran\u00e7ais<\/p>\n\n\n\n<p>168<\/p>\n\n\n\n<p>12 x 18 cm<\/p>\n\n\n\n<p>9782889155620<\/p>\n\n\n\n<p>&#8211;<\/p>\n\n\n\n<p>NON<\/p>\n\n\n\n<p><\/p>\n<\/div>\n<\/div>\n\n\n\n<p>La m\u00e9decine personnalis\u00e9e, aussi appel\u00e9e m\u00e9decine de pr\u00e9cision, d\u00e9signe une approche de la sant\u00e9 individualis\u00e9e qui cherche \u00e0 affiner la prise en charge des patients en tenant compte de leurs pr\u00e9dispositions particuli\u00e8res, qu\u2019elles soient g\u00e9n\u00e9tiques ou environnementales. Elle suscite l\u2019engouement par ses promesses de th\u00e9rapies tr\u00e8s cibl\u00e9es et son ambition de pr\u00e9dire des pathologies, et donc de les pr\u00e9venir, mais elle n\u2019est pas \u00e9pargn\u00e9e par des questionnements \u00e9thiques et politiques, tels ceux de la propri\u00e9t\u00e9 des donn\u00e9es ou de la responsabilisation des patients.<\/p>\n\n\n\n<p>Cet essai inform\u00e9 et accessible offre une pr\u00e9sentation vivante de la notion de m\u00e9decine personnalis\u00e9e, des technologies utilis\u00e9es par cette nouvelle conception de la sant\u00e9 et de ses succ\u00e8s, sans cacher les d\u00e9fis auxquels elle doit r\u00e9pondre. \u00c0 l\u2019heure de la num\u00e9risation de masse et de l\u2019intelligence artificielle, B\u00e9atrice Desvergne nous convie \u00e0 une r\u00e9flexion citoyenne sur le pr\u00e9sent et l\u2019avenir de notre syst\u00e8me de soins.<\/p>\n\n\n\n<p>Disponible sur : <a href=\"https:\/\/www.cnrseditions.fr\/catalogue\/ecologie-environnement-sciences-de-la-terre\/combattre-sauver-soigner\/\"><a href=\"https:\/\/www.epflpress.org\/produit\/1474\/9782889155620\/la-medecine-personnalisee\">La m\u00e9decine personnalis\u00e9e &#8211; &#8211; B\u00e9atrice Desvergne (EAN13 : 9782889155620) | EPFL PRESS<\/a><\/a><\/p>\n","protected":false},"excerpt":{"rendered":"<p>Titre Sous-titre Collection Auteur.rice.s Date de publication Maison d&rsquo;\u00e9dition Lieu Langue Nbr de pages Format ISBN DOI Open Access R\u00e9sum\u00e9 La m\u00e9decine personnalis\u00e9e &#8211; &#8211; B\u00e9atrice Desvergne 26&hellip;<\/p>\n","protected":false},"author":1002650,"featured_media":0,"comment_status":"closed","ping_status":"closed","sticky":false,"template":"template-full-width.php","format":"standard","meta":{"_seopress_robots_primary_cat":"","_seopress_titles_title":"","_seopress_titles_desc":"","_seopress_robots_index":"","footnotes":""},"categories":[1,6],"tags":[58,22],"class_list":{"0":"post-1291","1":"post","2":"type-post","3":"status-publish","4":"format-standard","5":"has-post-thumbnail","7":"category-uncategorized","8":"category-publications","9":"tag-beatrice-desvergne","10":"tag-savoir-suisse"},"_links":{"self":[{"href":"https:\/\/wp.unil.ch\/libellus\/wp-json\/wp\/v2\/posts\/1291","targetHints":{"allow":["GET"]}}],"collection":[{"href":"https:\/\/wp.unil.ch\/libellus\/wp-json\/wp\/v2\/posts"}],"about":[{"href":"https:\/\/wp.unil.ch\/libellus\/wp-json\/wp\/v2\/types\/post"}],"author":[{"embeddable":true,"href":"https:\/\/wp.unil.ch\/libellus\/wp-json\/wp\/v2\/users\/1002650"}],"replies":[{"embeddable":true,"href":"https:\/\/wp.unil.ch\/libellus\/wp-json\/wp\/v2\/comments?post=1291"}],"version-history":[{"count":2,"href":"https:\/\/wp.unil.ch\/libellus\/wp-json\/wp\/v2\/posts\/1291\/revisions"}],"predecessor-version":[{"id":1382,"href":"https:\/\/wp.unil.ch\/libellus\/wp-json\/wp\/v2\/posts\/1291\/revisions\/1382"}],"wp:attachment":[{"href":"https:\/\/wp.unil.ch\/libellus\/wp-json\/wp\/v2\/media?parent=1291"}],"wp:term":[{"taxonomy":"category","embeddable":true,"href":"https:\/\/wp.unil.ch\/libellus\/wp-json\/wp\/v2\/categories?post=1291"},{"taxonomy":"post_tag","embeddable":true,"href":"https:\/\/wp.unil.ch\/libellus\/wp-json\/wp\/v2\/tags?post=1291"}],"curies":[{"name":"wp","href":"https:\/\/api.w.org\/{rel}","templated":true}]}}