{"id":1358,"count":62,"description":"","link":"https:\/\/wp.unil.ch\/labelettres\/tag\/centre-detudes-medievales-et-post-medievales-cemep\/","name":"Centre d'\u00e9tudes m\u00e9di\u00e9vales et post-m\u00e9di\u00e9vales (CEMEP)","slug":"centre-detudes-medievales-et-post-medievales-cemep","taxonomy":"post_tag","meta":[],"_links":{"self":[{"href":"https:\/\/wp.unil.ch\/labelettres\/wp-json\/wp\/v2\/tags\/1358","targetHints":{"allow":["GET"]}}],"collection":[{"href":"https:\/\/wp.unil.ch\/labelettres\/wp-json\/wp\/v2\/tags"}],"about":[{"href":"https:\/\/wp.unil.ch\/labelettres\/wp-json\/wp\/v2\/taxonomies\/post_tag"}],"wp:post_type":[{"href":"https:\/\/wp.unil.ch\/labelettres\/wp-json\/wp\/v2\/posts?tags=1358"}],"curies":[{"name":"wp","href":"https:\/\/api.w.org\/{rel}","templated":true}]}}