{"id":9853,"date":"2013-01-05T11:48:07","date_gmt":"2013-01-05T10:48:07","guid":{"rendered":"https:\/\/wp.unil.ch\/labelettres\/?p=9853"},"modified":"2021-01-05T11:49:09","modified_gmt":"2021-01-05T10:49:09","slug":"la-croisee-des-souffles-la-horde-du-contrevent-dalain-damasio","status":"publish","type":"post","link":"https:\/\/wp.unil.ch\/labelettres\/la-croisee-des-souffles-la-horde-du-contrevent-dalain-damasio\/","title":{"rendered":"La Crois\u00e9e des souffles. La Horde du Contrevent d\u2019Alain Damasio"},"content":{"rendered":"<div class=\"su-row\">\n<div class=\"su-column su-column-size-2-3\"><div class=\"su-column-inner su-u-clearfix su-u-trim\"><strong>Po\u00e9tique d&rsquo;une \u0153uvre plurielle.<br \/>\n<\/strong><\/p>\n<p><!--more--><\/p>\n<p>Auteur de romans de science-fiction, dont <i>La Zone du Dehors <\/i>(1999) et <i>La Horde du Contrevent <\/i>(2004) et du recueil de nouvelles <i>Aucun souvenir assez solide <\/i>(2012), Alain Damasio cr\u00e9e, par une narration polyphonique, des territoires imaginaires incarn\u00e9s et nourris de philosophie. Ainsi, les inventions langagi\u00e8res propres \u00e0 son \u00e9criture se fondent sur la n\u00e9cessit\u00e9 de rendre \u00e0 la cr\u00e9ation litt\u00e9raire l\u2019une de ses vertus fondamentales : celle de faire vivre un univers qui invite le lecteur \u00e0 r\u00e9fl\u00e9chir sur ce qu\u2019<i>\u00eatre vivant <\/i>signifie.<\/p>\n<p>L\u2019\u00e9tude de St\u00e9phane Martin retrace le parcours \u00e9ditorial original de l\u2019\u00e9crivain, avant d\u2019aborder la sensualit\u00e9 inh\u00e9rente \u00e0 la po\u00e9tique de <i>La Horde du Contrevent<\/i>. Colin Pahlisch (<a href=\"https:\/\/unil.ch\/fra\">Section de fran\u00e7ais<\/a>) quant \u00e0 lui, met en lumi\u00e8re les racines et implications philosophiques de l\u2019\u0153uvre d\u2019Alain Damasio, par l\u2019analyse de la communaut\u00e9 et du rapport \u00e0 l\u2019Autre. La r\u00e9union de ces deux perspectives critiques dans un m\u00eame ouvrage a ainsi pour ambition d\u2019enrichir d\u2019un souffle pluriel l\u2019exp\u00e9rience de cette qu\u00eate intime qui guide tout\u00b7e lecteur\u00b7rice \u00e0 travers le texte.<\/p>\n<p>St\u00e9phane Martin et Colin Pahlisch, <a href=\"https:\/\/wp.unil.ch\/archipelessais\/volume-18\/\" target=\"_blank\" rel=\"noopener noreferrer\"><em>La Crois\u00e9e des souffles. La Horde du Contrevent d\u2019Alain Damasio<\/em><\/a>, postfaces de Marc Atallah et Antonio Rodriguez, Lausanne, Archipel, vol. 18, coll. \u00ab\u00a0Essais\u00a0\u00bb, 2013.<\/p>\n<\/div><\/div>\n<div class=\"su-column su-column-size-1-3\"><div class=\"su-column-inner su-u-clearfix su-u-trim\"><img alt=\"\" loading=\"lazy\" decoding=\"async\" class=\"aligncenter wp-image-9854\" src=\"https:\/\/wp.unil.ch\/labelettres\/files\/2021\/01\/1e_couv_weba.jpg\" alt=\"\" width=\"300\" height=\"501\" srcset=\"https:\/\/wp.unil.ch\/labelettres\/files\/2021\/01\/1e_couv_weba.jpg 479w, https:\/\/wp.unil.ch\/labelettres\/files\/2021\/01\/1e_couv_weba-435x727.jpg 435w\" sizes=\"auto, (max-width: 300px) 100vw, 300px\" \/><\/p>\n<\/div><\/div>\n<\/div>\n<div class=\"su-divider su-divider-style-default\" style=\"margin:15px 0;border-width:1px;border-color:#999999\"><\/div>\n<h6><strong>TOUTES LES NOTICES DE<\/strong><\/h6>\n<p><a href=\"https:\/\/applicationspub.unil.ch\/interpub\/noauth\/php\/Un\/UnPers.php?PerNum=1048819&amp;LanCode=37\" target=\"_blank\" rel=\"noopener noreferrer\"><strong>Colin Pahlisch<\/strong><\/a><\/p>\n\n\n<div class=\"su-posts su-posts-teaser-loop \">\n\n\t\t\t\t\t\t\n\t\t\t\n\t\t\t<div id=\"su-post-11277\" class=\"su-post \">\n\t\t\t\t\t\t\t\t\t<a class=\"su-post-thumbnail\" href=\"https:\/\/wp.unil.ch\/labelettres\/arkhai-2021-texte-image-interface\/\"><img loading=\"lazy\" decoding=\"async\" width=\"904\" height=\"1300\" src=\"https:\/\/wp.unil.ch\/labelettres\/files\/2022\/02\/PERDRISAT_2021_Arkhai_cover.png\" class=\"attachment-post-thumbnail size-post-thumbnail wp-post-image\" alt=\"\" srcset=\"https:\/\/wp.unil.ch\/labelettres\/files\/2022\/02\/PERDRISAT_2021_Arkhai_cover.png 904w, https:\/\/wp.unil.ch\/labelettres\/files\/2022\/02\/PERDRISAT_2021_Arkhai_cover-435x626.png 435w, https:\/\/wp.unil.ch\/labelettres\/files\/2022\/02\/PERDRISAT_2021_Arkhai_cover-768x1104.png 768w\" sizes=\"auto, (max-width: 904px) 100vw, 904px\" \/><\/a>\n\t\t\t\t\t\t\t\t<h2 class=\"su-post-title\"><a href=\"https:\/\/wp.unil.ch\/labelettres\/arkhai-2021-texte-image-interface\/\">Arkha\u00ef 2021. Texte \u2013 Image \u2013 Interface<\/a><\/h2>\n\t\t\t<\/div>\n\n\t\t\t\t\t\n\t\t\t\n\t\t\t<div id=\"su-post-5454\" class=\"su-post \">\n\t\t\t\t\t\t\t\t\t<a class=\"su-post-thumbnail\" href=\"https:\/\/wp.unil.ch\/labelettres\/faire-litterature-usages-et-pratiques-du-litteraire-xixe-xxie-siecles\/\"><img loading=\"lazy\" decoding=\"async\" width=\"608\" height=\"1024\" src=\"https:\/\/wp.unil.ch\/labelettres\/files\/2019\/03\/BIONDA_ET_AL_Faire_litt_couv_final.jpg\" class=\"attachment-post-thumbnail size-post-thumbnail wp-post-image\" alt=\"\" srcset=\"https:\/\/wp.unil.ch\/labelettres\/files\/2019\/03\/BIONDA_ET_AL_Faire_litt_couv_final.jpg 608w, https:\/\/wp.unil.ch\/labelettres\/files\/2019\/03\/BIONDA_ET_AL_Faire_litt_couv_final-435x733.jpg 435w\" sizes=\"auto, (max-width: 608px) 100vw, 608px\" \/><\/a>\n\t\t\t\t\t\t\t\t<h2 class=\"su-post-title\"><a href=\"https:\/\/wp.unil.ch\/labelettres\/faire-litterature-usages-et-pratiques-du-litteraire-xixe-xxie-siecles\/\">Faire litt\u00e9rature. Usages et pratiques du litt\u00e9raire (XIXe-XXIe si\u00e8cles)<\/a><\/h2>\n\t\t\t<\/div>\n\n\t\t\t\t\t\n\t\t\t\n\t\t\t<div id=\"su-post-9853\" class=\"su-post \">\n\t\t\t\t\t\t\t\t\t<a class=\"su-post-thumbnail\" href=\"https:\/\/wp.unil.ch\/labelettres\/la-croisee-des-souffles-la-horde-du-contrevent-dalain-damasio\/\"><img loading=\"lazy\" decoding=\"async\" width=\"479\" height=\"800\" src=\"https:\/\/wp.unil.ch\/labelettres\/files\/2021\/01\/1e_couv_weba.jpg\" class=\"attachment-post-thumbnail size-post-thumbnail wp-post-image\" alt=\"\" srcset=\"https:\/\/wp.unil.ch\/labelettres\/files\/2021\/01\/1e_couv_weba.jpg 479w, https:\/\/wp.unil.ch\/labelettres\/files\/2021\/01\/1e_couv_weba-435x727.jpg 435w\" sizes=\"auto, (max-width: 479px) 100vw, 479px\" \/><\/a>\n\t\t\t\t\t\t\t\t<h2 class=\"su-post-title\"><a href=\"https:\/\/wp.unil.ch\/labelettres\/la-croisee-des-souffles-la-horde-du-contrevent-dalain-damasio\/\">La Crois\u00e9e des souffles. La Horde du Contrevent d\u2019Alain Damasio<\/a><\/h2>\n\t\t\t<\/div>\n\n\t\t\t\n<\/div>\n\n<p><a href=\"https:\/\/wp.unil.ch\/archipelessais\/parutions\/\" target=\"_blank\" rel=\"noopener noreferrer\"><strong>Archipel Essais<\/strong><\/a><\/p>\n\n\n<div class=\"su-posts su-posts-teaser-loop \">\n\n\t\t\t\t\t\t\n\t\t\t\n\t\t\t<div id=\"su-post-12786\" class=\"su-post \">\n\t\t\t\t\t\t\t\t\t<a class=\"su-post-thumbnail\" href=\"https:\/\/wp.unil.ch\/labelettres\/faire-voir-victor-hugo-une-correspondance-avec-nadar-de-la-photographie-a-laeronautique\/\"><img loading=\"lazy\" decoding=\"async\" width=\"704\" height=\"1200\" src=\"https:\/\/wp.unil.ch\/labelettres\/files\/2024\/02\/ZINDER_2023_Hugo_cover.jpg\" class=\"attachment-post-thumbnail size-post-thumbnail wp-post-image\" alt=\"\" srcset=\"https:\/\/wp.unil.ch\/labelettres\/files\/2024\/02\/ZINDER_2023_Hugo_cover.jpg 704w, https:\/\/wp.unil.ch\/labelettres\/files\/2024\/02\/ZINDER_2023_Hugo_cover-435x741.jpg 435w\" sizes=\"auto, (max-width: 704px) 100vw, 704px\" \/><\/a>\n\t\t\t\t\t\t\t\t<h2 class=\"su-post-title\"><a href=\"https:\/\/wp.unil.ch\/labelettres\/faire-voir-victor-hugo-une-correspondance-avec-nadar-de-la-photographie-a-laeronautique\/\">Faire voir Victor Hugo. Une correspondance avec Nadar, de la photographie \u00e0 l&rsquo;a\u00e9ronautique<\/a><\/h2>\n\t\t\t<\/div>\n\n\t\t\t\t\t\n\t\t\t\n\t\t\t<div id=\"su-post-12789\" class=\"su-post \">\n\t\t\t\t\t\t\t\t\t<a class=\"su-post-thumbnail\" href=\"https:\/\/wp.unil.ch\/labelettres\/le-theatre-des-fees-les-scenes-du-merveilleux-feerique-de-la-comedie-italienne-aux-boulevards-1762-1789\/\"><img loading=\"lazy\" decoding=\"async\" width=\"724\" height=\"1200\" src=\"https:\/\/wp.unil.ch\/labelettres\/files\/2024\/02\/CHEVALLEY_2023_fees_cover.jpg\" class=\"attachment-post-thumbnail size-post-thumbnail wp-post-image\" alt=\"\" srcset=\"https:\/\/wp.unil.ch\/labelettres\/files\/2024\/02\/CHEVALLEY_2023_fees_cover.jpg 724w, https:\/\/wp.unil.ch\/labelettres\/files\/2024\/02\/CHEVALLEY_2023_fees_cover-435x721.jpg 435w\" sizes=\"auto, (max-width: 724px) 100vw, 724px\" \/><\/a>\n\t\t\t\t\t\t\t\t<h2 class=\"su-post-title\"><a href=\"https:\/\/wp.unil.ch\/labelettres\/le-theatre-des-fees-les-scenes-du-merveilleux-feerique-de-la-comedie-italienne-aux-boulevards-1762-1789\/\">Le th\u00e9\u00e2tre des f\u00e9es. Les sc\u00e8nes du merveilleux f\u00e9erique de la Com\u00e9die-Italienne aux boulevards (1762-1789)<\/a><\/h2>\n\t\t\t<\/div>\n\n\t\t\t\t\t\n\t\t\t\n\t\t\t<div id=\"su-post-12036\" class=\"su-post \">\n\t\t\t\t\t\t\t\t\t<a class=\"su-post-thumbnail\" href=\"https:\/\/wp.unil.ch\/labelettres\/les-feintes-dune-fin-boris-vian-continue-par-loulipo\/\"><img loading=\"lazy\" decoding=\"async\" width=\"719\" height=\"1200\" src=\"https:\/\/wp.unil.ch\/labelettres\/files\/2023\/01\/RIME_2022_-Vian_cover.jpg\" class=\"attachment-post-thumbnail size-post-thumbnail wp-post-image\" alt=\"\" srcset=\"https:\/\/wp.unil.ch\/labelettres\/files\/2023\/01\/RIME_2022_-Vian_cover.jpg 719w, https:\/\/wp.unil.ch\/labelettres\/files\/2023\/01\/RIME_2022_-Vian_cover-435x726.jpg 435w\" sizes=\"auto, (max-width: 719px) 100vw, 719px\" \/><\/a>\n\t\t\t\t\t\t\t\t<h2 class=\"su-post-title\"><a href=\"https:\/\/wp.unil.ch\/labelettres\/les-feintes-dune-fin-boris-vian-continue-par-loulipo\/\">Les feintes d&rsquo;une fin. Boris Vian continu\u00e9 par l&rsquo;Oulipo<\/a><\/h2>\n\t\t\t<\/div>\n\n\t\t\t\t\t\n\t\t\t\n\t\t\t<div id=\"su-post-12010\" class=\"su-post \">\n\t\t\t\t\t\t\t\t\t<a class=\"su-post-thumbnail\" href=\"https:\/\/wp.unil.ch\/labelettres\/la-quatrieme-case-essai-sur-le-roman-au-nous\/\"><img loading=\"lazy\" decoding=\"async\" width=\"721\" height=\"1200\" src=\"https:\/\/wp.unil.ch\/labelettres\/files\/2023\/01\/BRUGGER_2022_quatrieme-case_cover.jpg\" class=\"attachment-post-thumbnail size-post-thumbnail wp-post-image\" alt=\"\" srcset=\"https:\/\/wp.unil.ch\/labelettres\/files\/2023\/01\/BRUGGER_2022_quatrieme-case_cover.jpg 721w, https:\/\/wp.unil.ch\/labelettres\/files\/2023\/01\/BRUGGER_2022_quatrieme-case_cover-435x724.jpg 435w\" sizes=\"auto, (max-width: 721px) 100vw, 721px\" \/><\/a>\n\t\t\t\t\t\t\t\t<h2 class=\"su-post-title\"><a href=\"https:\/\/wp.unil.ch\/labelettres\/la-quatrieme-case-essai-sur-le-roman-au-nous\/\">La quatri\u00e8me case. Essai sur le roman au \u00abnous\u00bb<\/a><\/h2>\n\t\t\t<\/div>\n\n\t\t\t\t\t\n\t\t\t\n\t\t\t<div id=\"su-post-11230\" class=\"su-post \">\n\t\t\t\t\t\t\t\t\t<a class=\"su-post-thumbnail\" href=\"https:\/\/wp.unil.ch\/labelettres\/le-rap-litterature-du-monde-social-du-featuring-au-mythe-de-la-banlieue\/\"><img loading=\"lazy\" decoding=\"async\" width=\"722\" height=\"1200\" src=\"https:\/\/wp.unil.ch\/labelettres\/files\/2022\/01\/CELA_2021_rap_cover.jpg\" class=\"attachment-post-thumbnail size-post-thumbnail wp-post-image\" alt=\"\" srcset=\"https:\/\/wp.unil.ch\/labelettres\/files\/2022\/01\/CELA_2021_rap_cover.jpg 722w, https:\/\/wp.unil.ch\/labelettres\/files\/2022\/01\/CELA_2021_rap_cover-435x723.jpg 435w\" sizes=\"auto, (max-width: 722px) 100vw, 722px\" \/><\/a>\n\t\t\t\t\t\t\t\t<h2 class=\"su-post-title\"><a href=\"https:\/\/wp.unil.ch\/labelettres\/le-rap-litterature-du-monde-social-du-featuring-au-mythe-de-la-banlieue\/\">Le Rap, litt\u00e9rature du monde social. Du featuring au mythe de la banlieue<\/a><\/h2>\n\t\t\t<\/div>\n\n\t\t\t\t\t\n\t\t\t\n\t\t\t<div id=\"su-post-11217\" class=\"su-post \">\n\t\t\t\t\t\t\t\t\t<a class=\"su-post-thumbnail\" href=\"https:\/\/wp.unil.ch\/labelettres\/une-contradiction-fondamentale-dans-la-litterature-du-travail-les-spectres-du-conflit-dans-la-litterature-contemporaine-1980-2020\/\"><img loading=\"lazy\" decoding=\"async\" width=\"836\" height=\"1376\" src=\"https:\/\/wp.unil.ch\/labelettres\/files\/2022\/01\/POLTIER_2021_contradiction_cover.jpg\" class=\"attachment-post-thumbnail size-post-thumbnail wp-post-image\" alt=\"\" srcset=\"https:\/\/wp.unil.ch\/labelettres\/files\/2022\/01\/POLTIER_2021_contradiction_cover.jpg 836w, https:\/\/wp.unil.ch\/labelettres\/files\/2022\/01\/POLTIER_2021_contradiction_cover-435x716.jpg 435w, https:\/\/wp.unil.ch\/labelettres\/files\/2022\/01\/POLTIER_2021_contradiction_cover-768x1264.jpg 768w\" sizes=\"auto, (max-width: 836px) 100vw, 836px\" \/><\/a>\n\t\t\t\t\t\t\t\t<h2 class=\"su-post-title\"><a href=\"https:\/\/wp.unil.ch\/labelettres\/une-contradiction-fondamentale-dans-la-litterature-du-travail-les-spectres-du-conflit-dans-la-litterature-contemporaine-1980-2020\/\">Une contradiction fondamentale dans la litt\u00e9rature du travail. Les spectres du conflit dans la litt\u00e9rature contemporaine (1980-2020)<\/a><\/h2>\n\t\t\t<\/div>\n\n\t\t\t\t\t\n\t\t\t\n\t\t\t<div id=\"su-post-9812\" class=\"su-post \">\n\t\t\t\t\t\t\t\t\t<a class=\"su-post-thumbnail\" href=\"https:\/\/wp.unil.ch\/labelettres\/cohabiter-la-fiction-lecture-ordinaire-univers-de-croyances-et-interpretation-des-mondes-litteraires\/\"><img loading=\"lazy\" decoding=\"async\" width=\"738\" height=\"1200\" src=\"https:\/\/wp.unil.ch\/labelettres\/files\/2021\/01\/COUV-AE-28_DEFcopie_Labelettres.jpg\" class=\"attachment-post-thumbnail size-post-thumbnail wp-post-image\" alt=\"\" srcset=\"https:\/\/wp.unil.ch\/labelettres\/files\/2021\/01\/COUV-AE-28_DEFcopie_Labelettres.jpg 738w, https:\/\/wp.unil.ch\/labelettres\/files\/2021\/01\/COUV-AE-28_DEFcopie_Labelettres-435x707.jpg 435w\" sizes=\"auto, (max-width: 738px) 100vw, 738px\" \/><\/a>\n\t\t\t\t\t\t\t\t<h2 class=\"su-post-title\"><a href=\"https:\/\/wp.unil.ch\/labelettres\/cohabiter-la-fiction-lecture-ordinaire-univers-de-croyances-et-interpretation-des-mondes-litteraires\/\">Cohabiter la fiction. Lecture ordinaire, univers de croyances et interpr\u00e9tation des mondes litt\u00e9raires<\/a><\/h2>\n\t\t\t<\/div>\n\n\t\t\t\t\t\n\t\t\t\n\t\t\t<div id=\"su-post-9821\" class=\"su-post \">\n\t\t\t\t\t\t\t\t\t<a class=\"su-post-thumbnail\" href=\"https:\/\/wp.unil.ch\/labelettres\/a-choeur-perdu-les-traces-du-choeur-antique-dans-la-tragedie-francaise-du-xviie-siecle\/\"><img loading=\"lazy\" decoding=\"async\" width=\"740\" height=\"1200\" src=\"https:\/\/wp.unil.ch\/labelettres\/files\/2021\/01\/COUV-AE-29-DEF_Labelettres.jpg\" class=\"attachment-post-thumbnail size-post-thumbnail wp-post-image\" alt=\"\" srcset=\"https:\/\/wp.unil.ch\/labelettres\/files\/2021\/01\/COUV-AE-29-DEF_Labelettres.jpg 740w, https:\/\/wp.unil.ch\/labelettres\/files\/2021\/01\/COUV-AE-29-DEF_Labelettres-435x705.jpg 435w\" sizes=\"auto, (max-width: 740px) 100vw, 740px\" \/><\/a>\n\t\t\t\t\t\t\t\t<h2 class=\"su-post-title\"><a href=\"https:\/\/wp.unil.ch\/labelettres\/a-choeur-perdu-les-traces-du-choeur-antique-dans-la-tragedie-francaise-du-xviie-siecle\/\">\u00c0 ch\u0153ur perdu. Les traces du ch\u0153ur antique dans la trag\u00e9die fran\u00e7aise du XVIIe si\u00e8cle<\/a><\/h2>\n\t\t\t<\/div>\n\n\t\t\t\t\t\n\t\t\t\n\t\t\t<div id=\"su-post-5510\" class=\"su-post \">\n\t\t\t\t\t\t\t\t\t<a class=\"su-post-thumbnail\" href=\"https:\/\/wp.unil.ch\/labelettres\/la-science-plus-immediate-du-reve\/\"><img loading=\"lazy\" decoding=\"async\" width=\"697\" height=\"1200\" src=\"https:\/\/wp.unil.ch\/labelettres\/files\/2019\/03\/ROELLI_SCIENCE_REVE_couv.jpg\" class=\"attachment-post-thumbnail size-post-thumbnail wp-post-image\" alt=\"\" srcset=\"https:\/\/wp.unil.ch\/labelettres\/files\/2019\/03\/ROELLI_SCIENCE_REVE_couv.jpg 697w, https:\/\/wp.unil.ch\/labelettres\/files\/2019\/03\/ROELLI_SCIENCE_REVE_couv-435x749.jpg 435w\" sizes=\"auto, (max-width: 697px) 100vw, 697px\" \/><\/a>\n\t\t\t\t\t\t\t\t<h2 class=\"su-post-title\"><a href=\"https:\/\/wp.unil.ch\/labelettres\/la-science-plus-immediate-du-reve\/\">La science plus imm\u00e9diate du r\u00eave<\/a><\/h2>\n\t\t\t<\/div>\n\n\t\t\t\t\t\n\t\t\t\n\t\t\t<div id=\"su-post-5454\" class=\"su-post \">\n\t\t\t\t\t\t\t\t\t<a class=\"su-post-thumbnail\" href=\"https:\/\/wp.unil.ch\/labelettres\/faire-litterature-usages-et-pratiques-du-litteraire-xixe-xxie-siecles\/\"><img loading=\"lazy\" decoding=\"async\" width=\"608\" height=\"1024\" src=\"https:\/\/wp.unil.ch\/labelettres\/files\/2019\/03\/BIONDA_ET_AL_Faire_litt_couv_final.jpg\" class=\"attachment-post-thumbnail size-post-thumbnail wp-post-image\" alt=\"\" srcset=\"https:\/\/wp.unil.ch\/labelettres\/files\/2019\/03\/BIONDA_ET_AL_Faire_litt_couv_final.jpg 608w, https:\/\/wp.unil.ch\/labelettres\/files\/2019\/03\/BIONDA_ET_AL_Faire_litt_couv_final-435x733.jpg 435w\" sizes=\"auto, (max-width: 608px) 100vw, 608px\" \/><\/a>\n\t\t\t\t\t\t\t\t<h2 class=\"su-post-title\"><a href=\"https:\/\/wp.unil.ch\/labelettres\/faire-litterature-usages-et-pratiques-du-litteraire-xixe-xxie-siecles\/\">Faire litt\u00e9rature. Usages et pratiques du litt\u00e9raire (XIXe-XXIe si\u00e8cles)<\/a><\/h2>\n\t\t\t<\/div>\n\n\t\t\t\t\t\n\t\t\t\n\t\t\t<div id=\"su-post-9870\" class=\"su-post \">\n\t\t\t\t\t\t\t\t\t<a class=\"su-post-thumbnail\" href=\"https:\/\/wp.unil.ch\/labelettres\/dhelene-a-lilith-figures-de-femmes-etrangeres-en-suisse-romande-1890-1914\/\"><img loading=\"lazy\" decoding=\"async\" width=\"618\" height=\"1024\" src=\"https:\/\/wp.unil.ch\/labelettres\/files\/2021\/01\/1e_couv_webabcde.jpg\" class=\"attachment-post-thumbnail size-post-thumbnail wp-post-image\" alt=\"\" srcset=\"https:\/\/wp.unil.ch\/labelettres\/files\/2021\/01\/1e_couv_webabcde.jpg 618w, https:\/\/wp.unil.ch\/labelettres\/files\/2021\/01\/1e_couv_webabcde-435x721.jpg 435w\" sizes=\"auto, (max-width: 618px) 100vw, 618px\" \/><\/a>\n\t\t\t\t\t\t\t\t<h2 class=\"su-post-title\"><a href=\"https:\/\/wp.unil.ch\/labelettres\/dhelene-a-lilith-figures-de-femmes-etrangeres-en-suisse-romande-1890-1914\/\">D\u2019H\u00e9l\u00e8ne \u00e0 Lilith. Figures de femmes \u00e9trang\u00e8res en Suisse romande (1890-1914)<\/a><\/h2>\n\t\t\t<\/div>\n\n\t\t\t\t\t\n\t\t\t\n\t\t\t<div id=\"su-post-9867\" class=\"su-post \">\n\t\t\t\t\t\t\t\t\t<a class=\"su-post-thumbnail\" href=\"https:\/\/wp.unil.ch\/labelettres\/des-mondes-possibles-des-romans-de-jerome-ferrari\/\"><img loading=\"lazy\" decoding=\"async\" width=\"383\" height=\"638\" src=\"https:\/\/wp.unil.ch\/labelettres\/files\/2021\/01\/1e_couv_webabcd.jpg\" class=\"attachment-post-thumbnail size-post-thumbnail wp-post-image\" alt=\"\" \/><\/a>\n\t\t\t\t\t\t\t\t<h2 class=\"su-post-title\"><a href=\"https:\/\/wp.unil.ch\/labelettres\/des-mondes-possibles-des-romans-de-jerome-ferrari\/\">Des mondes possibles, des romans de J\u00e9r\u00f4me Ferrari<\/a><\/h2>\n\t\t\t<\/div>\n\n\t\t\t\t\t\n\t\t\t\n\t\t\t<div id=\"su-post-9864\" class=\"su-post \">\n\t\t\t\t\t\t\t\t\t<a class=\"su-post-thumbnail\" href=\"https:\/\/wp.unil.ch\/labelettres\/les-femmes-qui-se-parfument-doivent-etre-admirees-de-loin-les-odeurs-feminines-dans-nana-de-zola-notre-coeur-de-maupassant-et-leve-future-de-villiers-de-lisle-adam\/\"><img loading=\"lazy\" decoding=\"async\" width=\"481\" height=\"800\" src=\"https:\/\/wp.unil.ch\/labelettres\/files\/2021\/01\/1e_couv_webabc.jpg\" class=\"attachment-post-thumbnail size-post-thumbnail wp-post-image\" alt=\"\" srcset=\"https:\/\/wp.unil.ch\/labelettres\/files\/2021\/01\/1e_couv_webabc.jpg 481w, https:\/\/wp.unil.ch\/labelettres\/files\/2021\/01\/1e_couv_webabc-435x723.jpg 435w\" sizes=\"auto, (max-width: 481px) 100vw, 481px\" \/><\/a>\n\t\t\t\t\t\t\t\t<h2 class=\"su-post-title\"><a href=\"https:\/\/wp.unil.ch\/labelettres\/les-femmes-qui-se-parfument-doivent-etre-admirees-de-loin-les-odeurs-feminines-dans-nana-de-zola-notre-coeur-de-maupassant-et-leve-future-de-villiers-de-lisle-adam\/\">\u00ab Les femmes qui se parfument doivent \u00eatre admir\u00e9es de loin \u00bb. Les odeurs f\u00e9minines dans Nana de Zola, Notre c\u0153ur de Maupassant et L\u2019\u00c8ve future de Villiers de L\u2019Isle-Adam<\/a><\/h2>\n\t\t\t<\/div>\n\n\t\t\t\t\t\n\t\t\t\n\t\t\t<div id=\"su-post-9857\" class=\"su-post \">\n\t\t\t\t\t\t\t\t\t<a class=\"su-post-thumbnail\" href=\"https:\/\/wp.unil.ch\/labelettres\/pour-une-poetique-de-limplicitation-cristal-et-clarie-ou-lart-de-faire-du-neuf-avec-de-lancien\/\"><img loading=\"lazy\" decoding=\"async\" width=\"480\" height=\"800\" src=\"https:\/\/wp.unil.ch\/labelettres\/files\/2021\/01\/1e_couv_webab.jpg\" class=\"attachment-post-thumbnail size-post-thumbnail wp-post-image\" alt=\"\" srcset=\"https:\/\/wp.unil.ch\/labelettres\/files\/2021\/01\/1e_couv_webab.jpg 480w, https:\/\/wp.unil.ch\/labelettres\/files\/2021\/01\/1e_couv_webab-435x725.jpg 435w\" sizes=\"auto, (max-width: 480px) 100vw, 480px\" \/><\/a>\n\t\t\t\t\t\t\t\t<h2 class=\"su-post-title\"><a href=\"https:\/\/wp.unil.ch\/labelettres\/pour-une-poetique-de-limplicitation-cristal-et-clarie-ou-lart-de-faire-du-neuf-avec-de-lancien\/\">Pour une po\u00e9tique de l\u2019implicitation. Cristal et Clarie ou l\u2019art de faire du neuf avec de l\u2019ancien<\/a><\/h2>\n\t\t\t<\/div>\n\n\t\t\t\t\t\n\t\t\t\n\t\t\t<div id=\"su-post-9853\" class=\"su-post \">\n\t\t\t\t\t\t\t\t\t<a class=\"su-post-thumbnail\" href=\"https:\/\/wp.unil.ch\/labelettres\/la-croisee-des-souffles-la-horde-du-contrevent-dalain-damasio\/\"><img loading=\"lazy\" decoding=\"async\" width=\"479\" height=\"800\" src=\"https:\/\/wp.unil.ch\/labelettres\/files\/2021\/01\/1e_couv_weba.jpg\" class=\"attachment-post-thumbnail size-post-thumbnail wp-post-image\" alt=\"\" srcset=\"https:\/\/wp.unil.ch\/labelettres\/files\/2021\/01\/1e_couv_weba.jpg 479w, https:\/\/wp.unil.ch\/labelettres\/files\/2021\/01\/1e_couv_weba-435x727.jpg 435w\" sizes=\"auto, (max-width: 479px) 100vw, 479px\" \/><\/a>\n\t\t\t\t\t\t\t\t<h2 class=\"su-post-title\"><a href=\"https:\/\/wp.unil.ch\/labelettres\/la-croisee-des-souffles-la-horde-du-contrevent-dalain-damasio\/\">La Crois\u00e9e des souffles. La Horde du Contrevent d\u2019Alain Damasio<\/a><\/h2>\n\t\t\t<\/div>\n\n\t\t\t\t\t\n\t\t\t\n\t\t\t<div id=\"su-post-9849\" class=\"su-post \">\n\t\t\t\t\t\t\t\t\t<a class=\"su-post-thumbnail\" href=\"https:\/\/wp.unil.ch\/labelettres\/variations-sur-un-standard-jeux-et-metamorphoses-dans-les-trois-romans-biographiques-de-jean-echenoz\/\"><img loading=\"lazy\" decoding=\"async\" width=\"479\" height=\"800\" src=\"https:\/\/wp.unil.ch\/labelettres\/files\/2021\/01\/1e_couv_web.jpg\" class=\"attachment-post-thumbnail size-post-thumbnail wp-post-image\" alt=\"\" srcset=\"https:\/\/wp.unil.ch\/labelettres\/files\/2021\/01\/1e_couv_web.jpg 479w, https:\/\/wp.unil.ch\/labelettres\/files\/2021\/01\/1e_couv_web-435x727.jpg 435w\" sizes=\"auto, (max-width: 479px) 100vw, 479px\" \/><\/a>\n\t\t\t\t\t\t\t\t<h2 class=\"su-post-title\"><a href=\"https:\/\/wp.unil.ch\/labelettres\/variations-sur-un-standard-jeux-et-metamorphoses-dans-les-trois-romans-biographiques-de-jean-echenoz\/\">Variations sur un standard. Jeux et m\u00e9tamorphoses dans les trois romans biographiques de Jean Echenoz<\/a><\/h2>\n\t\t\t<\/div>\n\n\t\t\t\t\t\n\t\t\t\n\t\t\t<div id=\"su-post-9845\" class=\"su-post \">\n\t\t\t\t\t\t\t\t\t<a class=\"su-post-thumbnail\" href=\"https:\/\/wp.unil.ch\/labelettres\/tensions-toniques-les-recits-de-marie-helene-lafon\/\"><img loading=\"lazy\" decoding=\"async\" width=\"492\" height=\"800\" src=\"https:\/\/wp.unil.ch\/labelettres\/files\/2021\/01\/Essais4couvabc.gif\" class=\"attachment-post-thumbnail size-post-thumbnail wp-post-image\" alt=\"\" \/><\/a>\n\t\t\t\t\t\t\t\t<h2 class=\"su-post-title\"><a href=\"https:\/\/wp.unil.ch\/labelettres\/tensions-toniques-les-recits-de-marie-helene-lafon\/\">Tensions toniques. Les r\u00e9cits de Marie-H\u00e9l\u00e8ne Lafon<\/a><\/h2>\n\t\t\t<\/div>\n\n\t\t\t\t\t\n\t\t\t\n\t\t\t<div id=\"su-post-9840\" class=\"su-post \">\n\t\t\t\t\t\t\t\t\t<a class=\"su-post-thumbnail\" href=\"https:\/\/wp.unil.ch\/labelettres\/poesie-contemporaine-et-tensions-de-lidentification-de-1985-a-nos-jours\/\"><img loading=\"lazy\" decoding=\"async\" width=\"493\" height=\"800\" src=\"https:\/\/wp.unil.ch\/labelettres\/files\/2021\/01\/Essais4couvab.gif\" class=\"attachment-post-thumbnail size-post-thumbnail wp-post-image\" alt=\"\" \/><\/a>\n\t\t\t\t\t\t\t\t<h2 class=\"su-post-title\"><a href=\"https:\/\/wp.unil.ch\/labelettres\/poesie-contemporaine-et-tensions-de-lidentification-de-1985-a-nos-jours\/\">Po\u00e9sie contemporaine et tensions de l\u2019identification de 1985 \u00e0 nos jours<\/a><\/h2>\n\t\t\t<\/div>\n\n\t\t\t\t\t\n\t\t\t\n\t\t\t<div id=\"su-post-9835\" class=\"su-post \">\n\t\t\t\t\t\t\t\t\t<a class=\"su-post-thumbnail\" href=\"https:\/\/wp.unil.ch\/labelettres\/objets-en-liberte\/\"><img loading=\"lazy\" decoding=\"async\" width=\"492\" height=\"800\" src=\"https:\/\/wp.unil.ch\/labelettres\/files\/2021\/01\/Essais4couva.gif\" class=\"attachment-post-thumbnail size-post-thumbnail wp-post-image\" alt=\"\" \/><\/a>\n\t\t\t\t\t\t\t\t<h2 class=\"su-post-title\"><a href=\"https:\/\/wp.unil.ch\/labelettres\/objets-en-liberte\/\">Objets en libert\u00e9<\/a><\/h2>\n\t\t\t<\/div>\n\n\t\t\t\t\t\n\t\t\t\n\t\t\t<div id=\"su-post-9829\" class=\"su-post \">\n\t\t\t\t\t\t\t\t\t<a class=\"su-post-thumbnail\" href=\"https:\/\/wp.unil.ch\/labelettres\/je-nen-feray-que-che-que-jen-aye-empense-le-nain-tronc-dans-ysaye-le-triste\/\"><img loading=\"lazy\" decoding=\"async\" width=\"492\" height=\"800\" src=\"https:\/\/wp.unil.ch\/labelettres\/files\/2021\/01\/Essais4couv.gif\" class=\"attachment-post-thumbnail size-post-thumbnail wp-post-image\" alt=\"\" \/><\/a>\n\t\t\t\t\t\t\t\t<h2 class=\"su-post-title\"><a href=\"https:\/\/wp.unil.ch\/labelettres\/je-nen-feray-que-che-que-jen-aye-empense-le-nain-tronc-dans-ysaye-le-triste\/\">\u00ab Je n\u2019en feray que che que j\u2019en aye empens\u00e9! \u00bb Le nain Tronc dans Ysa\u00ffe le Triste<\/a><\/h2>\n\t\t\t<\/div>\n\n\t\t\t\n<\/div>\n\n<div id=\"watch-headline-title\"><div class=\"su-divider su-divider-style-default\" style=\"margin:15px 0;border-width:1px;border-color:#999999\"><\/div><\/div>\n","protected":false},"excerpt":{"rendered":"<p>Po\u00e9tique d&rsquo;une \u0153uvre plurielle.<\/p>\n","protected":false},"author":1002146,"featured_media":9854,"comment_status":"closed","ping_status":"closed","sticky":false,"template":"","format":"standard","meta":{"_seopress_robots_primary_cat":"","_seopress_titles_title":"","_seopress_titles_desc":"","_seopress_robots_index":"","footnotes":""},"categories":[3],"tags":[2893,2868,1559,8,344,17,476,1212,2892],"class_list":{"0":"post-9853","1":"post","2":"type-post","3":"status-publish","4":"format-standard","5":"has-post-thumbnail","7":"category-langues-litteratures","8":"tag-alain-damasio","9":"tag-archipel-essais","10":"tag-colin-pahlisch","11":"tag-litterature","12":"tag-litterature-francaise","13":"tag-philosophie","14":"tag-science-fiction","15":"tag-section-de-francais","16":"tag-stephane-martin"},"_links":{"self":[{"href":"https:\/\/wp.unil.ch\/labelettres\/wp-json\/wp\/v2\/posts\/9853","targetHints":{"allow":["GET"]}}],"collection":[{"href":"https:\/\/wp.unil.ch\/labelettres\/wp-json\/wp\/v2\/posts"}],"about":[{"href":"https:\/\/wp.unil.ch\/labelettres\/wp-json\/wp\/v2\/types\/post"}],"author":[{"embeddable":true,"href":"https:\/\/wp.unil.ch\/labelettres\/wp-json\/wp\/v2\/users\/1002146"}],"replies":[{"embeddable":true,"href":"https:\/\/wp.unil.ch\/labelettres\/wp-json\/wp\/v2\/comments?post=9853"}],"version-history":[{"count":0,"href":"https:\/\/wp.unil.ch\/labelettres\/wp-json\/wp\/v2\/posts\/9853\/revisions"}],"wp:featuredmedia":[{"embeddable":true,"href":"https:\/\/wp.unil.ch\/labelettres\/wp-json\/wp\/v2\/media\/9854"}],"wp:attachment":[{"href":"https:\/\/wp.unil.ch\/labelettres\/wp-json\/wp\/v2\/media?parent=9853"}],"wp:term":[{"taxonomy":"category","embeddable":true,"href":"https:\/\/wp.unil.ch\/labelettres\/wp-json\/wp\/v2\/categories?post=9853"},{"taxonomy":"post_tag","embeddable":true,"href":"https:\/\/wp.unil.ch\/labelettres\/wp-json\/wp\/v2\/tags?post=9853"}],"curies":[{"name":"wp","href":"https:\/\/api.w.org\/{rel}","templated":true}]}}