{"id":9136,"date":"2014-11-12T10:10:10","date_gmt":"2014-11-12T09:10:10","guid":{"rendered":"http:\/\/wp.unil.ch\/labelettres\/?p=9136"},"modified":"2021-01-18T11:10:26","modified_gmt":"2021-01-18T10:10:26","slug":"le-parler-jeune-en-suisse-romande-quelles-perceptions","status":"publish","type":"post","link":"https:\/\/wp.unil.ch\/labelettres\/le-parler-jeune-en-suisse-romande-quelles-perceptions\/","title":{"rendered":"Le parler \u00ab\u00a0jeune\u00a0\u00bb en Suisse romande: quelles perceptions ?"},"content":{"rendered":"<div class=\"su-row\">\n<div class=\"su-column su-column-size-2-3\"><div class=\"su-column-inner su-u-clearfix su-u-trim\"><strong>Le \u00ab\u00a0parler jeune\u00a0\u00bb : cr\u00e9ativit\u00e9 ou appauvrissement ?<\/strong><\/p>\n<p><!--more--><\/p>\n<p>L&rsquo;adoption d&rsquo;un langage particulier rev\u00eat une fonction identitaire: cela permet de marquer son appartenance \u00e0 un groupe. Mais cette pratique comporte \u00e9galement une fonction ludique et cryptique. C&rsquo;est ce que rappelle l&rsquo;\u00e9tude au coeur de ce volume,\u00a0men\u00e9e en 2008 dans trois cantons suisses aupr\u00e8s de 62 jeunes \u00e2g\u00e9\u00b7e\u00b7s de 16 \u00e0 20 ans.<\/p>\n<p>L&rsquo;objectif de cette recherche consistait \u00e0\u00a0cerner le regard que ces locuteur\u00b7rice\u00b7s portaient sur le fran\u00e7ais de Suisse romande et ses vari\u00e9t\u00e9s sociales et r\u00e9gionales.\u00a0Il en ressort notamment que le \u00ab\u00a0parler jeune\u00a0\u00bb fran\u00e7ais est per\u00e7u comme sup\u00e9rieur \u00e0 son \u00e9quivalent romand, plac\u00e9 dans une situation de subordination linguistique.<\/p>\n<p>Ce num\u00e9ro du bulletin de la <a href=\"https:\/\/applicationspub.unil.ch\/interpub\/noauth\/php\/Un\/UnUnite.php?UnId=278&amp;LanCode=37\" target=\"_blank\" rel=\"noopener noreferrer\">Section des sciences du langage et de l&rsquo;information<\/a>, co\u00e9crit par Pascal Singy, Francesca Poglia Mileti, C\u00e9line Bourquin et Patrick Ischer, s\u2019inscrit dans le cadre des recherches en sociolinguistique men\u00e9es \u00e0 la Facult\u00e9 des lettres de l&rsquo;Universit\u00e9 de Lausanne.<\/p>\n<p>Pascal Singy, Francesca Poglia Mileti, C\u00e9line Bourquin et Patrick Ischer, <a href=\"https:\/\/www.unil.ch\/sli\/fr\/home\/menuinst\/recherche\/bulletin-de-linguistique.html#table_89\" target=\"_blank\" rel=\"noopener noreferrer\"><i>Le parler \u00ab\u00a0jeune\u00a0\u00bb en Suisse romande: quelles perceptions ?<\/i><\/a>, <em>Bulletin de linguistique et des sciences du langage<\/em>, n\u00b027, 2014.<\/p>\n<\/div><\/div>\n<div class=\"su-column su-column-size-1-3\"><div class=\"su-column-inner su-u-clearfix su-u-trim\">\n<p><img alt=\"\" loading=\"lazy\" decoding=\"async\" class=\"aligncenter wp-image-9701\" src=\"https:\/\/wp.unil.ch\/labelettres\/files\/2014\/11\/Copie-de-Couverture-LabeLettres.png\" alt=\"\" width=\"300\" height=\"469\" srcset=\"https:\/\/wp.unil.ch\/labelettres\/files\/2014\/11\/Copie-de-Couverture-LabeLettres.png 1000w, https:\/\/wp.unil.ch\/labelettres\/files\/2014\/11\/Copie-de-Couverture-LabeLettres-435x680.png 435w, https:\/\/wp.unil.ch\/labelettres\/files\/2014\/11\/Copie-de-Couverture-LabeLettres-768x1200.png 768w, https:\/\/wp.unil.ch\/labelettres\/files\/2014\/11\/Copie-de-Couverture-LabeLettres-983x1536.png 983w\" sizes=\"auto, (max-width: 300px) 100vw, 300px\" \/><\/p>\n<p>&nbsp;<\/p>\n<\/div><\/div>\n<\/div>\n<div id=\"watch-headline-title\">\n<div class=\"su-divider su-divider-style-default\" style=\"margin:15px 0;border-width:1px;border-color:#999999\"><\/div>\n<h6><strong>TOUTES LES NOTICES DE<\/strong><\/h6>\n<p><strong><a href=\"https:\/\/applicationspub.unil.ch\/interpub\/noauth\/php\/Un\/UnPers.php?PerNum=760158&amp;LanCode=37\" target=\"_blank\" rel=\"noopener noreferrer\">Pascal Singy<\/a><\/strong><\/p>\n\n\n<div class=\"su-posts su-posts-teaser-loop \">\n\n\t\t\t\t\t\t\n\t\t\t\n\t\t\t<div id=\"su-post-12435\" class=\"su-post \">\n\t\t\t\t\t\t\t\t\t<a class=\"su-post-thumbnail\" href=\"https:\/\/wp.unil.ch\/labelettres\/pas-de-langue-de-bois-nouvelles-orthographes-neologismes-parlers-identitaires-le-francais-dans-tous-ses-etats-et-debats\/\"><img loading=\"lazy\" decoding=\"async\" width=\"660\" height=\"1200\" src=\"https:\/\/wp.unil.ch\/labelettres\/files\/2023\/09\/PAHUD_2023_langue-de-bois_cover-1.jpg\" class=\"attachment-post-thumbnail size-post-thumbnail wp-post-image\" alt=\"\" srcset=\"https:\/\/wp.unil.ch\/labelettres\/files\/2023\/09\/PAHUD_2023_langue-de-bois_cover-1.jpg 660w, https:\/\/wp.unil.ch\/labelettres\/files\/2023\/09\/PAHUD_2023_langue-de-bois_cover-1-435x791.jpg 435w\" sizes=\"auto, (max-width: 660px) 100vw, 660px\" \/><\/a>\n\t\t\t\t\t\t\t\t<h2 class=\"su-post-title\"><a href=\"https:\/\/wp.unil.ch\/labelettres\/pas-de-langue-de-bois-nouvelles-orthographes-neologismes-parlers-identitaires-le-francais-dans-tous-ses-etats-et-debats\/\">Pas de langue de bois! Nouvelles orthographes, n\u00e9ologismes, parlers identitaires\u2026 Le fran\u00e7ais dans tous ses \u00e9tats et d\u00e9bats<\/a><\/h2>\n\t\t\t<\/div>\n\n\t\t\t\t\t\n\t\t\t\n\t\t\t<div id=\"su-post-12355\" class=\"su-post \">\n\t\t\t\t\t\t\t\t\t<a class=\"su-post-thumbnail\" href=\"https:\/\/wp.unil.ch\/labelettres\/les-douleurs-chroniques-a-lage-avance-en-parler-ou-non\/\"><img loading=\"lazy\" decoding=\"async\" width=\"819\" height=\"1200\" src=\"https:\/\/wp.unil.ch\/labelettres\/files\/2023\/07\/MERMINOD_2023_BIL34_cover.jpg\" class=\"attachment-post-thumbnail size-post-thumbnail wp-post-image\" alt=\"\" srcset=\"https:\/\/wp.unil.ch\/labelettres\/files\/2023\/07\/MERMINOD_2023_BIL34_cover.jpg 819w, https:\/\/wp.unil.ch\/labelettres\/files\/2023\/07\/MERMINOD_2023_BIL34_cover-435x637.jpg 435w, https:\/\/wp.unil.ch\/labelettres\/files\/2023\/07\/MERMINOD_2023_BIL34_cover-768x1125.jpg 768w\" sizes=\"auto, (max-width: 819px) 100vw, 819px\" \/><\/a>\n\t\t\t\t\t\t\t\t<h2 class=\"su-post-title\"><a href=\"https:\/\/wp.unil.ch\/labelettres\/les-douleurs-chroniques-a-lage-avance-en-parler-ou-non\/\">Les douleurs chroniques \u00e0 l\u2019\u00e2ge avanc\u00e9: en parler ou non?<\/a><\/h2>\n\t\t\t<\/div>\n\n\t\t\t\t\t\n\t\t\t\n\t\t\t<div id=\"su-post-11696\" class=\"su-post \">\n\t\t\t\t\t\t\t\t\t<a class=\"su-post-thumbnail\" href=\"https:\/\/wp.unil.ch\/labelettres\/langues-medecine-et-societe-melanges-en-lhonneur-de-pascal-singy\/\"><img loading=\"lazy\" decoding=\"async\" width=\"646\" height=\"1000\" src=\"https:\/\/wp.unil.ch\/labelettres\/files\/2022\/08\/MERMINOD_2022_melanges-Singy_cover.jpg\" class=\"attachment-post-thumbnail size-post-thumbnail wp-post-image\" alt=\"\" srcset=\"https:\/\/wp.unil.ch\/labelettres\/files\/2022\/08\/MERMINOD_2022_melanges-Singy_cover.jpg 646w, https:\/\/wp.unil.ch\/labelettres\/files\/2022\/08\/MERMINOD_2022_melanges-Singy_cover-435x673.jpg 435w\" sizes=\"auto, (max-width: 646px) 100vw, 646px\" \/><\/a>\n\t\t\t\t\t\t\t\t<h2 class=\"su-post-title\"><a href=\"https:\/\/wp.unil.ch\/labelettres\/langues-medecine-et-societe-melanges-en-lhonneur-de-pascal-singy\/\">Langues, m\u00e9decine et soci\u00e9t\u00e9. M\u00e9langes en l\u2019honneur de Pascal Singy<\/a><\/h2>\n\t\t\t<\/div>\n\n\t\t\t\t\t\n\t\t\t\n\t\t\t<div id=\"su-post-10490\" class=\"su-post \">\n\t\t\t\t\t\t\t\t\t<a class=\"su-post-thumbnail\" href=\"https:\/\/wp.unil.ch\/labelettres\/la-communication-en-milieu-medical-un-labyrinthe\/\"><img loading=\"lazy\" decoding=\"async\" width=\"430\" height=\"645\" src=\"https:\/\/wp.unil.ch\/labelettres\/files\/2021\/05\/MERMINOD_communicationmedicale_cover.jpg\" class=\"attachment-post-thumbnail size-post-thumbnail wp-post-image\" alt=\"\" \/><\/a>\n\t\t\t\t\t\t\t\t<h2 class=\"su-post-title\"><a href=\"https:\/\/wp.unil.ch\/labelettres\/la-communication-en-milieu-medical-un-labyrinthe\/\">La communication en milieu m\u00e9dical. Un labyrinthe<\/a><\/h2>\n\t\t\t<\/div>\n\n\t\t\t\t\t\n\t\t\t\n\t\t\t<div id=\"su-post-9124\" class=\"su-post \">\n\t\t\t\t\t\t\t\t\t<a class=\"su-post-thumbnail\" href=\"https:\/\/wp.unil.ch\/labelettres\/communication-interculturelle-en-oncologie-quels-enjeux\/\"><img loading=\"lazy\" decoding=\"async\" width=\"1000\" height=\"1563\" src=\"https:\/\/wp.unil.ch\/labelettres\/files\/2020\/11\/P.-Singy-3.png\" class=\"attachment-post-thumbnail size-post-thumbnail wp-post-image\" alt=\"\" srcset=\"https:\/\/wp.unil.ch\/labelettres\/files\/2020\/11\/P.-Singy-3.png 1000w, https:\/\/wp.unil.ch\/labelettres\/files\/2020\/11\/P.-Singy-3-435x680.png 435w, https:\/\/wp.unil.ch\/labelettres\/files\/2020\/11\/P.-Singy-3-768x1200.png 768w, https:\/\/wp.unil.ch\/labelettres\/files\/2020\/11\/P.-Singy-3-983x1536.png 983w\" sizes=\"auto, (max-width: 1000px) 100vw, 1000px\" \/><\/a>\n\t\t\t\t\t\t\t\t<h2 class=\"su-post-title\"><a href=\"https:\/\/wp.unil.ch\/labelettres\/communication-interculturelle-en-oncologie-quels-enjeux\/\">Communication interculturelle en oncologie: quels enjeux ?<\/a><\/h2>\n\t\t\t<\/div>\n\n\t\t\t\t\t\n\t\t\t\n\t\t\t<div id=\"su-post-9136\" class=\"su-post \">\n\t\t\t\t\t\t\t\t\t<a class=\"su-post-thumbnail\" href=\"https:\/\/wp.unil.ch\/labelettres\/le-parler-jeune-en-suisse-romande-quelles-perceptions\/\"><img loading=\"lazy\" decoding=\"async\" width=\"1000\" height=\"1563\" src=\"https:\/\/wp.unil.ch\/labelettres\/files\/2014\/11\/Copie-de-Couverture-LabeLettres.png\" class=\"attachment-post-thumbnail size-post-thumbnail wp-post-image\" alt=\"\" srcset=\"https:\/\/wp.unil.ch\/labelettres\/files\/2014\/11\/Copie-de-Couverture-LabeLettres.png 1000w, https:\/\/wp.unil.ch\/labelettres\/files\/2014\/11\/Copie-de-Couverture-LabeLettres-435x680.png 435w, https:\/\/wp.unil.ch\/labelettres\/files\/2014\/11\/Copie-de-Couverture-LabeLettres-768x1200.png 768w, https:\/\/wp.unil.ch\/labelettres\/files\/2014\/11\/Copie-de-Couverture-LabeLettres-983x1536.png 983w\" sizes=\"auto, (max-width: 1000px) 100vw, 1000px\" \/><\/a>\n\t\t\t\t\t\t\t\t<h2 class=\"su-post-title\"><a href=\"https:\/\/wp.unil.ch\/labelettres\/le-parler-jeune-en-suisse-romande-quelles-perceptions\/\">Le parler \u00ab\u00a0jeune\u00a0\u00bb en Suisse romande: quelles perceptions ?<\/a><\/h2>\n\t\t\t<\/div>\n\n\t\t\t\t\t\n\t\t\t\n\t\t\t<div id=\"su-post-9132\" class=\"su-post \">\n\t\t\t\t\t\t\t\t\t<a class=\"su-post-thumbnail\" href=\"https:\/\/wp.unil.ch\/labelettres\/tout-nom-nest-pas-bon-a-dire-discriminations-a-lembauche-en-suisse-romande\/\"><img loading=\"lazy\" decoding=\"async\" width=\"1000\" height=\"1563\" src=\"https:\/\/wp.unil.ch\/labelettres\/files\/2020\/10\/P.-Singy-1.png\" class=\"attachment-post-thumbnail size-post-thumbnail wp-post-image\" alt=\"\" srcset=\"https:\/\/wp.unil.ch\/labelettres\/files\/2020\/10\/P.-Singy-1.png 1000w, https:\/\/wp.unil.ch\/labelettres\/files\/2020\/10\/P.-Singy-1-435x680.png 435w, https:\/\/wp.unil.ch\/labelettres\/files\/2020\/10\/P.-Singy-1-768x1200.png 768w, https:\/\/wp.unil.ch\/labelettres\/files\/2020\/10\/P.-Singy-1-983x1536.png 983w\" sizes=\"auto, (max-width: 1000px) 100vw, 1000px\" \/><\/a>\n\t\t\t\t\t\t\t\t<h2 class=\"su-post-title\"><a href=\"https:\/\/wp.unil.ch\/labelettres\/tout-nom-nest-pas-bon-a-dire-discriminations-a-lembauche-en-suisse-romande\/\">Tout nom n&rsquo;est pas bon \u00e0 dire. Discriminations \u00e0 l&#8217;embauche en Suisse romande<\/a><\/h2>\n\t\t\t<\/div>\n\n\t\t\t\n<\/div>\n\n<p><a href=\"https:\/\/www.unil.ch\/clsl\/home\/menuinst\/les-cahiers-du-clsl.html\" target=\"_blank\" rel=\"noopener noreferrer\"><strong>Bulletin de linguistique et des sciences du langage<\/strong><\/a><\/p>\n\n\n<div class=\"su-posts su-posts-teaser-loop \">\n\n\t\t\t\t\t\t\n\t\t\t\n\t\t\t<div id=\"su-post-13194\" class=\"su-post \">\n\t\t\t\t\t\t\t\t\t<a class=\"su-post-thumbnail\" href=\"https:\/\/wp.unil.ch\/labelettres\/parents-denfant-sourd%c2%b7e-favorables-a-la-langue-des-signes-quels-regards-quel-engagement\/\"><img loading=\"lazy\" decoding=\"async\" width=\"800\" height=\"1198\" src=\"https:\/\/wp.unil.ch\/labelettres\/files\/2024\/09\/STERN_2024_BIL33_cover-e1725284657700.jpg\" class=\"attachment-post-thumbnail size-post-thumbnail wp-post-image\" alt=\"\" srcset=\"https:\/\/wp.unil.ch\/labelettres\/files\/2024\/09\/STERN_2024_BIL33_cover-e1725284657700.jpg 800w, https:\/\/wp.unil.ch\/labelettres\/files\/2024\/09\/STERN_2024_BIL33_cover-e1725284657700-435x651.jpg 435w, https:\/\/wp.unil.ch\/labelettres\/files\/2024\/09\/STERN_2024_BIL33_cover-e1725284657700-768x1150.jpg 768w\" sizes=\"auto, (max-width: 800px) 100vw, 800px\" \/><\/a>\n\t\t\t\t\t\t\t\t<h2 class=\"su-post-title\"><a href=\"https:\/\/wp.unil.ch\/labelettres\/parents-denfant-sourd%c2%b7e-favorables-a-la-langue-des-signes-quels-regards-quel-engagement\/\">Parents d&rsquo;enfant sourd\u00b7e favorables \u00e0 la langue des signes. Quels regards? Quel engagement?<\/a><\/h2>\n\t\t\t<\/div>\n\n\t\t\t\t\t\n\t\t\t\n\t\t\t<div id=\"su-post-12355\" class=\"su-post \">\n\t\t\t\t\t\t\t\t\t<a class=\"su-post-thumbnail\" href=\"https:\/\/wp.unil.ch\/labelettres\/les-douleurs-chroniques-a-lage-avance-en-parler-ou-non\/\"><img loading=\"lazy\" decoding=\"async\" width=\"819\" height=\"1200\" src=\"https:\/\/wp.unil.ch\/labelettres\/files\/2023\/07\/MERMINOD_2023_BIL34_cover.jpg\" class=\"attachment-post-thumbnail size-post-thumbnail wp-post-image\" alt=\"\" srcset=\"https:\/\/wp.unil.ch\/labelettres\/files\/2023\/07\/MERMINOD_2023_BIL34_cover.jpg 819w, https:\/\/wp.unil.ch\/labelettres\/files\/2023\/07\/MERMINOD_2023_BIL34_cover-435x637.jpg 435w, https:\/\/wp.unil.ch\/labelettres\/files\/2023\/07\/MERMINOD_2023_BIL34_cover-768x1125.jpg 768w\" sizes=\"auto, (max-width: 819px) 100vw, 819px\" \/><\/a>\n\t\t\t\t\t\t\t\t<h2 class=\"su-post-title\"><a href=\"https:\/\/wp.unil.ch\/labelettres\/les-douleurs-chroniques-a-lage-avance-en-parler-ou-non\/\">Les douleurs chroniques \u00e0 l\u2019\u00e2ge avanc\u00e9: en parler ou non?<\/a><\/h2>\n\t\t\t<\/div>\n\n\t\t\t\t\t\n\t\t\t\n\t\t\t<div id=\"su-post-9124\" class=\"su-post \">\n\t\t\t\t\t\t\t\t\t<a class=\"su-post-thumbnail\" href=\"https:\/\/wp.unil.ch\/labelettres\/communication-interculturelle-en-oncologie-quels-enjeux\/\"><img loading=\"lazy\" decoding=\"async\" width=\"1000\" height=\"1563\" src=\"https:\/\/wp.unil.ch\/labelettres\/files\/2020\/11\/P.-Singy-3.png\" class=\"attachment-post-thumbnail size-post-thumbnail wp-post-image\" alt=\"\" srcset=\"https:\/\/wp.unil.ch\/labelettres\/files\/2020\/11\/P.-Singy-3.png 1000w, https:\/\/wp.unil.ch\/labelettres\/files\/2020\/11\/P.-Singy-3-435x680.png 435w, https:\/\/wp.unil.ch\/labelettres\/files\/2020\/11\/P.-Singy-3-768x1200.png 768w, https:\/\/wp.unil.ch\/labelettres\/files\/2020\/11\/P.-Singy-3-983x1536.png 983w\" sizes=\"auto, (max-width: 1000px) 100vw, 1000px\" \/><\/a>\n\t\t\t\t\t\t\t\t<h2 class=\"su-post-title\"><a href=\"https:\/\/wp.unil.ch\/labelettres\/communication-interculturelle-en-oncologie-quels-enjeux\/\">Communication interculturelle en oncologie: quels enjeux ?<\/a><\/h2>\n\t\t\t<\/div>\n\n\t\t\t\t\t\n\t\t\t\n\t\t\t<div id=\"su-post-9130\" class=\"su-post \">\n\t\t\t\t\t\t\t\t\t<a class=\"su-post-thumbnail\" href=\"https:\/\/wp.unil.ch\/labelettres\/la-reflexivite-en-pratiques-competences-academiques-et-competences-de-communication\/\"><img loading=\"lazy\" decoding=\"async\" width=\"855\" height=\"1200\" src=\"https:\/\/wp.unil.ch\/labelettres\/files\/2015\/11\/Capture-decran-2021-01-18-a-11.07.42.png\" class=\"attachment-post-thumbnail size-post-thumbnail wp-post-image\" alt=\"\" srcset=\"https:\/\/wp.unil.ch\/labelettres\/files\/2015\/11\/Capture-decran-2021-01-18-a-11.07.42.png 855w, https:\/\/wp.unil.ch\/labelettres\/files\/2015\/11\/Capture-decran-2021-01-18-a-11.07.42-435x611.png 435w, https:\/\/wp.unil.ch\/labelettres\/files\/2015\/11\/Capture-decran-2021-01-18-a-11.07.42-768x1078.png 768w\" sizes=\"auto, (max-width: 855px) 100vw, 855px\" \/><\/a>\n\t\t\t\t\t\t\t\t<h2 class=\"su-post-title\"><a href=\"https:\/\/wp.unil.ch\/labelettres\/la-reflexivite-en-pratiques-competences-academiques-et-competences-de-communication\/\">La r\u00e9flexivit\u00e9 en pratiques. Comp\u00e9tences acad\u00e9miques et comp\u00e9tences de communication<\/a><\/h2>\n\t\t\t<\/div>\n\n\t\t\t\t\t\n\t\t\t\n\t\t\t<div id=\"su-post-9136\" class=\"su-post \">\n\t\t\t\t\t\t\t\t\t<a class=\"su-post-thumbnail\" href=\"https:\/\/wp.unil.ch\/labelettres\/le-parler-jeune-en-suisse-romande-quelles-perceptions\/\"><img loading=\"lazy\" decoding=\"async\" width=\"1000\" height=\"1563\" src=\"https:\/\/wp.unil.ch\/labelettres\/files\/2014\/11\/Copie-de-Couverture-LabeLettres.png\" class=\"attachment-post-thumbnail size-post-thumbnail wp-post-image\" alt=\"\" srcset=\"https:\/\/wp.unil.ch\/labelettres\/files\/2014\/11\/Copie-de-Couverture-LabeLettres.png 1000w, https:\/\/wp.unil.ch\/labelettres\/files\/2014\/11\/Copie-de-Couverture-LabeLettres-435x680.png 435w, https:\/\/wp.unil.ch\/labelettres\/files\/2014\/11\/Copie-de-Couverture-LabeLettres-768x1200.png 768w, https:\/\/wp.unil.ch\/labelettres\/files\/2014\/11\/Copie-de-Couverture-LabeLettres-983x1536.png 983w\" sizes=\"auto, (max-width: 1000px) 100vw, 1000px\" \/><\/a>\n\t\t\t\t\t\t\t\t<h2 class=\"su-post-title\"><a href=\"https:\/\/wp.unil.ch\/labelettres\/le-parler-jeune-en-suisse-romande-quelles-perceptions\/\">Le parler \u00ab\u00a0jeune\u00a0\u00bb en Suisse romande: quelles perceptions ?<\/a><\/h2>\n\t\t\t<\/div>\n\n\t\t\t\t\t\n\t\t\t\n\t\t\t<div id=\"su-post-9132\" class=\"su-post \">\n\t\t\t\t\t\t\t\t\t<a class=\"su-post-thumbnail\" href=\"https:\/\/wp.unil.ch\/labelettres\/tout-nom-nest-pas-bon-a-dire-discriminations-a-lembauche-en-suisse-romande\/\"><img loading=\"lazy\" decoding=\"async\" width=\"1000\" height=\"1563\" src=\"https:\/\/wp.unil.ch\/labelettres\/files\/2020\/10\/P.-Singy-1.png\" class=\"attachment-post-thumbnail size-post-thumbnail wp-post-image\" alt=\"\" srcset=\"https:\/\/wp.unil.ch\/labelettres\/files\/2020\/10\/P.-Singy-1.png 1000w, https:\/\/wp.unil.ch\/labelettres\/files\/2020\/10\/P.-Singy-1-435x680.png 435w, https:\/\/wp.unil.ch\/labelettres\/files\/2020\/10\/P.-Singy-1-768x1200.png 768w, https:\/\/wp.unil.ch\/labelettres\/files\/2020\/10\/P.-Singy-1-983x1536.png 983w\" sizes=\"auto, (max-width: 1000px) 100vw, 1000px\" \/><\/a>\n\t\t\t\t\t\t\t\t<h2 class=\"su-post-title\"><a href=\"https:\/\/wp.unil.ch\/labelettres\/tout-nom-nest-pas-bon-a-dire-discriminations-a-lembauche-en-suisse-romande\/\">Tout nom n&rsquo;est pas bon \u00e0 dire. Discriminations \u00e0 l&#8217;embauche en Suisse romande<\/a><\/h2>\n\t\t\t<\/div>\n\n\t\t\t\n<\/div>\n\n<div class=\"su-divider su-divider-style-default\" style=\"margin:15px 0;border-width:1px;border-color:#999999\"><\/div>\n<\/div>\n","protected":false},"excerpt":{"rendered":"<p>Le \u00ab\u00a0parler jeune\u00a0\u00bb : cr\u00e9ativit\u00e9 ou appauvrissement ?<\/p>\n","protected":false},"author":1002146,"featured_media":9701,"comment_status":"closed","ping_status":"closed","sticky":false,"template":"","format":"standard","meta":{"_seopress_robots_primary_cat":"","_seopress_titles_title":"","_seopress_titles_desc":"","_seopress_robots_index":"","footnotes":""},"categories":[3,5],"tags":[2685,252,512,97,1223,425,2681,2684,2683,1216,543,227,2682],"class_list":{"0":"post-9136","1":"post","2":"type-post","3":"status-publish","4":"format-standard","5":"has-post-thumbnail","7":"category-langues-litteratures","8":"category-sciences-theoriques","9":"tag-bulletin-de-linguistique-et-des-sciences-du-langage","10":"tag-identites","11":"tag-jeunesse","12":"tag-langage","13":"tag-langue-orale","14":"tag-langue-parlee","15":"tag-parler-jeune","16":"tag-pascal-singy","17":"tag-romandie","18":"tag-section-des-sciences-du-langage-et-de-linformation","19":"tag-sociolinguistique","20":"tag-suisse-romande","21":"tag-verlan"},"_links":{"self":[{"href":"https:\/\/wp.unil.ch\/labelettres\/wp-json\/wp\/v2\/posts\/9136","targetHints":{"allow":["GET"]}}],"collection":[{"href":"https:\/\/wp.unil.ch\/labelettres\/wp-json\/wp\/v2\/posts"}],"about":[{"href":"https:\/\/wp.unil.ch\/labelettres\/wp-json\/wp\/v2\/types\/post"}],"author":[{"embeddable":true,"href":"https:\/\/wp.unil.ch\/labelettres\/wp-json\/wp\/v2\/users\/1002146"}],"replies":[{"embeddable":true,"href":"https:\/\/wp.unil.ch\/labelettres\/wp-json\/wp\/v2\/comments?post=9136"}],"version-history":[{"count":0,"href":"https:\/\/wp.unil.ch\/labelettres\/wp-json\/wp\/v2\/posts\/9136\/revisions"}],"wp:featuredmedia":[{"embeddable":true,"href":"https:\/\/wp.unil.ch\/labelettres\/wp-json\/wp\/v2\/media\/9701"}],"wp:attachment":[{"href":"https:\/\/wp.unil.ch\/labelettres\/wp-json\/wp\/v2\/media?parent=9136"}],"wp:term":[{"taxonomy":"category","embeddable":true,"href":"https:\/\/wp.unil.ch\/labelettres\/wp-json\/wp\/v2\/categories?post=9136"},{"taxonomy":"post_tag","embeddable":true,"href":"https:\/\/wp.unil.ch\/labelettres\/wp-json\/wp\/v2\/tags?post=9136"}],"curies":[{"name":"wp","href":"https:\/\/api.w.org\/{rel}","templated":true}]}}