{"id":8877,"date":"2014-10-22T10:59:31","date_gmt":"2014-10-22T08:59:31","guid":{"rendered":"http:\/\/wp.unil.ch\/labelettres\/?p=8877"},"modified":"2020-10-22T11:00:11","modified_gmt":"2020-10-22T09:00:11","slug":"le-tourisme-comme-facteur-de-transformations-economiques-techniques-et-sociales-xixe-xxe-siecles","status":"publish","type":"post","link":"https:\/\/wp.unil.ch\/labelettres\/le-tourisme-comme-facteur-de-transformations-economiques-techniques-et-sociales-xixe-xxe-siecles\/","title":{"rendered":"Le tourisme comme facteur de transformations \u00e9conomiques, techniques et sociales (XIXe-XXe si\u00e8cles)"},"content":{"rendered":"<div class=\"su-row\">\n<div class=\"su-column su-column-size-2-3\"><div class=\"su-column-inner su-u-clearfix su-u-trim\"><strong>Les cons\u00e9quences du tourisme, de l&rsquo;Arc l\u00e9manique au Qu\u00e9bec.<br \/>\n<\/strong><\/p>\n<p><!--more--><\/p>\n<div id=\"tab1\" class=\"tab_content\">\n<p>Le tourisme, en tant que moteur d\u2019\u00e9volutions, d&rsquo;innovations et de modernisations, se trouve au c\u0153ur de nombreuses dynamiques socio-\u00e9conomiques. Il implique la collaboration entre \u00e9lites locales, n\u00e9cessite la mobilisation de capitaux et entra\u00eene l&rsquo;\u00e9mergence de nouvelles pratiques culturelles. La g\u00e9n\u00e9ralisation de cette activit\u00e9 de loisir au cours des XIXe et XXe\u008d si\u00e8cles a donc eu des effets consid\u00e9rables, mais encore mal connus, sur les soci\u00e9t\u00e9s qui l&rsquo;ont g\u00e9n\u00e9r\u00e9e ou accueillie.<\/p>\n<p>De fait, la circulation toujours plus massive de touristes a non seulement contribu\u00e9 \u00e0 l\u2019homog\u00e9n\u00e9isation des habitus, mais aussi \u00e0 la redistribution g\u00e9ographique des richesses. Par ailleurs, la mise en place des infrastructures n\u00e9cessaires au voyage d\u2019agr\u00e9ment \u2013\u008d transport, h\u00e9bergement, divertissement \u008d\u2013 a stimul\u00e9 le d\u00e9veloppement \u00e9conomique des r\u00e9gions touristiques. Quant \u00e0 la comp\u00e9tition engag\u00e9e pour attirer les touristes, elle a acc\u00e9l\u00e9r\u00e9 l\u2019embellissement des lieux d\u2019accueil, l\u2019\u00e9tablissement d\u2019infrastructures sanitaires et la construction de r\u00e9seaux de communication.<\/p>\n<p>Cet ouvrage co\u00e9dit\u00e9 par C\u00e9dric Humair (<a href=\"https:\/\/www.unil.ch\/hist\/fr\/home.html\" target=\"_blank\" rel=\"noopener noreferrer\">Section d&rsquo;histoire<\/a>), Marc Gigase et Laurent Tissot fait suite \u00e0 un colloque international organis\u00e9 \u00e0 l&rsquo;Unil en novembre 2011. Il rassemble dix-sept contributions, qui emm\u00e8nent le lecteur de l\u2019Arc l\u00e9manique de la Belle \u00c9poque au Qu\u00e9bec des ann\u00e9es 1960, et analyse en profondeur l&rsquo;impact du tourisme dans les soci\u00e9t\u00e9s contemporaines occidentales.<\/p>\n<p>Marc Gigase, C\u00e9dric Humair et Laurent Tissot (\u00e9ds.), <a href=\"https:\/\/www.alphil.com\/index.php\/auteurs\/humair-cedric\/le-tourisme-comme-facteur-de-transformations-economiques-techniques-et-sociales-xixe-xxe-siecles.html\" target=\"_blank\" rel=\"noopener noreferrer\"><em>Le tourisme comme facteur de transformations \u00e9conomiques, techniques et sociales (XIXe-XXe si\u00e8cles)<\/em><\/a>, Neuch\u00e2tel, Alphil, 2014.<\/p>\n<\/div>\n<\/div><\/div>\n<div class=\"su-column su-column-size-1-3\"><div class=\"su-column-inner su-u-clearfix su-u-trim\"><img alt=\"\" loading=\"lazy\" decoding=\"async\" class=\"wp-image-9004 aligncenter\" src=\"https:\/\/wp.unil.ch\/labelettres\/files\/2020\/10\/5022letourismecommefacteurdetransformation-page-001.jpg\" alt=\"\" width=\"300\" height=\"456\" srcset=\"https:\/\/wp.unil.ch\/labelettres\/files\/2020\/10\/5022letourismecommefacteurdetransformation-page-001.jpg 789w, https:\/\/wp.unil.ch\/labelettres\/files\/2020\/10\/5022letourismecommefacteurdetransformation-page-001-435x662.jpg 435w, https:\/\/wp.unil.ch\/labelettres\/files\/2020\/10\/5022letourismecommefacteurdetransformation-page-001-768x1168.jpg 768w\" sizes=\"auto, (max-width: 300px) 100vw, 300px\" \/><\/p>\n<\/div><\/div>\n<\/div>\n<div id=\"watch-headline-title\">\n<div class=\"su-divider su-divider-style-default\" style=\"margin:15px 0;border-width:1px;border-color:#999999\"><\/div>\n<h6><strong>ON EN PARLE DANS LES M\u00c9DIAS<\/strong><\/h6>\n<ul>\n<li><a href=\"https:\/\/www.avisdexpert.ch\/videos\/view\/3456\" target=\"_blank\" rel=\"noopener noreferrer\">Tourisme: quel impact sur nos r\u00e9gions ?<\/a>, Tribu, 16.12.2014.<\/li>\n<li><a href=\"https:\/\/www.alphil.com\/pdf\/24heures20150328.pdf\" target=\"_blank\" rel=\"noopener noreferrer\">Quand le tourisme servait de moteur \u00e0 l&rsquo;essor l\u00e9manique<\/a>, 24 heures, 28-29.03.2015.<\/li>\n<\/ul>\n<div class=\"su-divider su-divider-style-default\" style=\"margin:15px 0;border-width:1px;border-color:#999999\"><\/div>\n<\/div>\n<h6><strong>PROJET DE RECHERCHE ASSOCI\u00c9<\/strong><\/h6>\n<ul>\n<li><a href=\"https:\/\/p3.snf.ch\/project-120351\" target=\"_blank\" rel=\"noopener noreferrer\">Syst\u00e8me touristique et culture technique dans l&rsquo;Arc l\u00e9manique: acteurs, r\u00e9seaux sociaux et synergies (1852-1914)<\/a><\/li>\n<\/ul>\n<div class=\"su-divider su-divider-style-default\" style=\"margin:15px 0;border-width:1px;border-color:#999999\"><\/div>\n<div id=\"watch-headline-title\">\n<h6><strong>TOUTES LES NOTICES DE<\/strong><\/h6>\n<p><a href=\"https:\/\/applicationspub.unil.ch\/interpub\/noauth\/php\/Un\/UnPers.php?PerNum=840165&amp;LanCode=37\" target=\"_blank\" rel=\"noopener noreferrer\"><strong>C\u00e9dric Humair<\/strong><\/a><\/p>\n\n\n<div class=\"su-posts su-posts-teaser-loop \">\n\n\t\t\t\t\t\t\n\t\t\t\n\t\t\t<div id=\"su-post-13307\" class=\"su-post \">\n\t\t\t\t\t\t\t\t\t<a class=\"su-post-thumbnail\" href=\"https:\/\/wp.unil.ch\/labelettres\/lenergie-en-suisse-de-1800-a-nos-jours\/\"><img loading=\"lazy\" decoding=\"async\" width=\"800\" height=\"1200\" src=\"https:\/\/wp.unil.ch\/labelettres\/files\/2024\/11\/HUMAIR_2024_energie_cover.png\" class=\"attachment-post-thumbnail size-post-thumbnail wp-post-image\" alt=\"\" srcset=\"https:\/\/wp.unil.ch\/labelettres\/files\/2024\/11\/HUMAIR_2024_energie_cover.png 800w, https:\/\/wp.unil.ch\/labelettres\/files\/2024\/11\/HUMAIR_2024_energie_cover-435x653.png 435w, https:\/\/wp.unil.ch\/labelettres\/files\/2024\/11\/HUMAIR_2024_energie_cover-768x1152.png 768w\" sizes=\"auto, (max-width: 800px) 100vw, 800px\" \/><\/a>\n\t\t\t\t\t\t\t\t<h2 class=\"su-post-title\"><a href=\"https:\/\/wp.unil.ch\/labelettres\/lenergie-en-suisse-de-1800-a-nos-jours\/\">L&rsquo;\u00e9nergie en Suisse. De 1800 \u00e0 nos jours<\/a><\/h2>\n\t\t\t<\/div>\n\n\t\t\t\t\t\n\t\t\t\n\t\t\t<div id=\"su-post-12861\" class=\"su-post \">\n\t\t\t\t\t\t\t\t\t<a class=\"su-post-thumbnail\" href=\"https:\/\/wp.unil.ch\/labelettres\/la-suisse-et-les-empires-affirmation-dune-puissance-economique-1857-1914\/\"><img loading=\"lazy\" decoding=\"async\" width=\"776\" height=\"1200\" src=\"https:\/\/wp.unil.ch\/labelettres\/files\/2024\/03\/HUMAIR_2024_Suisse-Empire_cover-copie.jpg\" class=\"attachment-post-thumbnail size-post-thumbnail wp-post-image\" alt=\"\" srcset=\"https:\/\/wp.unil.ch\/labelettres\/files\/2024\/03\/HUMAIR_2024_Suisse-Empire_cover-copie.jpg 776w, https:\/\/wp.unil.ch\/labelettres\/files\/2024\/03\/HUMAIR_2024_Suisse-Empire_cover-copie-435x673.jpg 435w, https:\/\/wp.unil.ch\/labelettres\/files\/2024\/03\/HUMAIR_2024_Suisse-Empire_cover-copie-768x1188.jpg 768w\" sizes=\"auto, (max-width: 776px) 100vw, 776px\" \/><\/a>\n\t\t\t\t\t\t\t\t<h2 class=\"su-post-title\"><a href=\"https:\/\/wp.unil.ch\/labelettres\/la-suisse-et-les-empires-affirmation-dune-puissance-economique-1857-1914\/\">La Suisse et les Empires. Affirmation d&rsquo;une puissance \u00e9conomique (1857-1914)<\/a><\/h2>\n\t\t\t<\/div>\n\n\t\t\t\t\t\n\t\t\t\n\t\t\t<div id=\"su-post-4202\" class=\"su-post \">\n\t\t\t\t\t\t\t\t\t<a class=\"su-post-thumbnail\" href=\"https:\/\/wp.unil.ch\/labelettres\/la-suisse-et-les-puissances-europeennes-aux-sources-de-lindependance-1813-1857\/\"><img loading=\"lazy\" decoding=\"async\" width=\"779\" height=\"1200\" src=\"https:\/\/wp.unil.ch\/labelettres\/files\/2018\/09\/HUMAIR_Suisse_puissances_couv.jpg\" class=\"attachment-post-thumbnail size-post-thumbnail wp-post-image\" alt=\"\" srcset=\"https:\/\/wp.unil.ch\/labelettres\/files\/2018\/09\/HUMAIR_Suisse_puissances_couv.jpg 779w, https:\/\/wp.unil.ch\/labelettres\/files\/2018\/09\/HUMAIR_Suisse_puissances_couv-435x670.jpg 435w, https:\/\/wp.unil.ch\/labelettres\/files\/2018\/09\/HUMAIR_Suisse_puissances_couv-195x300.jpg 195w, https:\/\/wp.unil.ch\/labelettres\/files\/2018\/09\/HUMAIR_Suisse_puissances_couv-768x1183.jpg 768w, https:\/\/wp.unil.ch\/labelettres\/files\/2018\/09\/HUMAIR_Suisse_puissances_couv-665x1024.jpg 665w\" sizes=\"auto, (max-width: 779px) 100vw, 779px\" \/><\/a>\n\t\t\t\t\t\t\t\t<h2 class=\"su-post-title\"><a href=\"https:\/\/wp.unil.ch\/labelettres\/la-suisse-et-les-puissances-europeennes-aux-sources-de-lindependance-1813-1857\/\">La Suisse et les puissances europ\u00e9ennes. Aux sources de l&rsquo;ind\u00e9pendance (1813-1857)<\/a><\/h2>\n\t\t\t<\/div>\n\n\t\t\t\t\t\n\t\t\t\n\t\t\t<div id=\"su-post-8877\" class=\"su-post \">\n\t\t\t\t\t\t\t\t\t<a class=\"su-post-thumbnail\" href=\"https:\/\/wp.unil.ch\/labelettres\/le-tourisme-comme-facteur-de-transformations-economiques-techniques-et-sociales-xixe-xxe-siecles\/\"><img loading=\"lazy\" decoding=\"async\" width=\"789\" height=\"1200\" src=\"https:\/\/wp.unil.ch\/labelettres\/files\/2020\/10\/5022letourismecommefacteurdetransformation-page-001.jpg\" class=\"attachment-post-thumbnail size-post-thumbnail wp-post-image\" alt=\"\" srcset=\"https:\/\/wp.unil.ch\/labelettres\/files\/2020\/10\/5022letourismecommefacteurdetransformation-page-001.jpg 789w, https:\/\/wp.unil.ch\/labelettres\/files\/2020\/10\/5022letourismecommefacteurdetransformation-page-001-435x662.jpg 435w, https:\/\/wp.unil.ch\/labelettres\/files\/2020\/10\/5022letourismecommefacteurdetransformation-page-001-768x1168.jpg 768w\" sizes=\"auto, (max-width: 789px) 100vw, 789px\" \/><\/a>\n\t\t\t\t\t\t\t\t<h2 class=\"su-post-title\"><a href=\"https:\/\/wp.unil.ch\/labelettres\/le-tourisme-comme-facteur-de-transformations-economiques-techniques-et-sociales-xixe-xxe-siecles\/\">Le tourisme comme facteur de transformations \u00e9conomiques, techniques et sociales (XIXe-XXe si\u00e8cles)<\/a><\/h2>\n\t\t\t<\/div>\n\n\t\t\t\t\t\n\t\t\t\n\t\t\t<div id=\"su-post-9040\" class=\"su-post \">\n\t\t\t\t\t\t\t\t\t<a class=\"su-post-thumbnail\" href=\"https:\/\/wp.unil.ch\/labelettres\/systeme-touristique-et-culture-technique-dans-larc-lemanique-analyse-dune-success-story-et-de-ses-effets-sur-leconomie-regionale-1852-1914\/\"><img loading=\"lazy\" decoding=\"async\" width=\"789\" height=\"1200\" src=\"https:\/\/wp.unil.ch\/labelettres\/files\/2020\/10\/5023systemetouristique-page-001.jpg\" class=\"attachment-post-thumbnail size-post-thumbnail wp-post-image\" alt=\"\" srcset=\"https:\/\/wp.unil.ch\/labelettres\/files\/2020\/10\/5023systemetouristique-page-001.jpg 789w, https:\/\/wp.unil.ch\/labelettres\/files\/2020\/10\/5023systemetouristique-page-001-435x662.jpg 435w, https:\/\/wp.unil.ch\/labelettres\/files\/2020\/10\/5023systemetouristique-page-001-768x1168.jpg 768w\" sizes=\"auto, (max-width: 789px) 100vw, 789px\" \/><\/a>\n\t\t\t\t\t\t\t\t<h2 class=\"su-post-title\"><a href=\"https:\/\/wp.unil.ch\/labelettres\/systeme-touristique-et-culture-technique-dans-larc-lemanique-analyse-dune-success-story-et-de-ses-effets-sur-leconomie-regionale-1852-1914\/\">Syst\u00e8me touristique et culture technique dans l\u2019arc l\u00e9manique Analyse d\u2019une success story et de ses effets sur l\u2019\u00e9conomie r\u00e9gionale (1852-1914)<\/a><\/h2>\n\t\t\t<\/div>\n\n\t\t\t\t\t\n\t\t\t\n\t\t\t<div id=\"su-post-9174\" class=\"su-post \">\n\t\t\t\t\t\t\t\t\t<a class=\"su-post-thumbnail\" href=\"https:\/\/wp.unil.ch\/labelettres\/le-tourisme-suisse-et-son-rayonnement-international-switzerland-the-playground-of-the-world\/\"><img loading=\"lazy\" decoding=\"async\" width=\"314\" height=\"475\" src=\"https:\/\/wp.unil.ch\/labelettres\/files\/2020\/10\/29402100244030L.gif\" class=\"attachment-post-thumbnail size-post-thumbnail wp-post-image\" alt=\"\" \/><\/a>\n\t\t\t\t\t\t\t\t<h2 class=\"su-post-title\"><a href=\"https:\/\/wp.unil.ch\/labelettres\/le-tourisme-suisse-et-son-rayonnement-international-switzerland-the-playground-of-the-world\/\">Le tourisme suisse et son rayonnement international. Switzerland, the Playground of the World<\/a><\/h2>\n\t\t\t<\/div>\n\n\t\t\t\n<\/div>\n\n<div class=\"su-divider su-divider-style-default\" style=\"margin:15px 0;border-width:1px;border-color:#999999\"><\/div>\n<\/div>\n","protected":false},"excerpt":{"rendered":"<p>Les cons\u00e9quences du tourisme, de l&rsquo;Arc l\u00e9manique au Qu\u00e9bec.<\/p>\n","protected":false},"author":1002146,"featured_media":9004,"comment_status":"closed","ping_status":"closed","sticky":false,"template":"","format":"standard","meta":{"_seopress_robots_primary_cat":"","_seopress_titles_title":"","_seopress_titles_desc":"","_seopress_robots_index":"","footnotes":""},"categories":[4],"tags":[2679,1184,762,135,2688,169,2693,2687,2696,2691,1366,2694,2692,164,2695,1217,43,1393,1687,2686],"class_list":{"0":"post-8877","1":"post","2":"type-post","3":"status-publish","4":"format-standard","5":"has-post-thumbnail","7":"category-sciences-historiques","8":"tag-capitaux","9":"tag-cedric-humair","10":"tag-circulation","11":"tag-communication","12":"tag-divertissement","13":"tag-economie","14":"tag-elites","15":"tag-hebergement","16":"tag-infrastructures","17":"tag-innovation","18":"tag-leman","19":"tag-loisirs","20":"tag-modernisation","21":"tag-mondialisation","22":"tag-richesses","23":"tag-section-dhistoire","24":"tag-suisse","25":"tag-techniques","26":"tag-tourisme","27":"tag-transport"},"_links":{"self":[{"href":"https:\/\/wp.unil.ch\/labelettres\/wp-json\/wp\/v2\/posts\/8877","targetHints":{"allow":["GET"]}}],"collection":[{"href":"https:\/\/wp.unil.ch\/labelettres\/wp-json\/wp\/v2\/posts"}],"about":[{"href":"https:\/\/wp.unil.ch\/labelettres\/wp-json\/wp\/v2\/types\/post"}],"author":[{"embeddable":true,"href":"https:\/\/wp.unil.ch\/labelettres\/wp-json\/wp\/v2\/users\/1002146"}],"replies":[{"embeddable":true,"href":"https:\/\/wp.unil.ch\/labelettres\/wp-json\/wp\/v2\/comments?post=8877"}],"version-history":[{"count":0,"href":"https:\/\/wp.unil.ch\/labelettres\/wp-json\/wp\/v2\/posts\/8877\/revisions"}],"wp:featuredmedia":[{"embeddable":true,"href":"https:\/\/wp.unil.ch\/labelettres\/wp-json\/wp\/v2\/media\/9004"}],"wp:attachment":[{"href":"https:\/\/wp.unil.ch\/labelettres\/wp-json\/wp\/v2\/media?parent=8877"}],"wp:term":[{"taxonomy":"category","embeddable":true,"href":"https:\/\/wp.unil.ch\/labelettres\/wp-json\/wp\/v2\/categories?post=8877"},{"taxonomy":"post_tag","embeddable":true,"href":"https:\/\/wp.unil.ch\/labelettres\/wp-json\/wp\/v2\/tags?post=8877"}],"curies":[{"name":"wp","href":"https:\/\/api.w.org\/{rel}","templated":true}]}}