{"id":7996,"date":"2020-05-18T23:10:50","date_gmt":"2020-05-18T21:10:50","guid":{"rendered":"http:\/\/wp.unil.ch\/labelettres\/?p=7996"},"modified":"2024-05-24T16:32:29","modified_gmt":"2024-05-24T14:32:29","slug":"i-meccanismi-dellintreccio","status":"publish","type":"post","link":"https:\/\/wp.unil.ch\/labelettres\/i-meccanismi-dellintreccio\/","title":{"rendered":"I meccanismi dell\u2019intreccio"},"content":{"rendered":"<div class=\"su-row\">\n<div class=\"su-column su-column-size-2-3\"><div class=\"su-column-inner su-u-clearfix su-u-trim\"><strong>Comment \u00e9tudier l&rsquo;intrigue apr\u00e8s le structuralisme?<\/strong><\/p>\n<p><!--more--><\/p>\n<p>Lorsque l\u2019\u00e9pisode de notre feuilleton favori s\u2019interrompt sur un <em>cliffhanger<\/em>, nous faisons l\u2019exp\u00e9rience d\u2019un plaisir esth\u00e9tique paradoxal: nous sommes frustr\u00e9s mais nous r\u00e9sistons \u00e0 la tentation de consulter des r\u00e9sum\u00e9s, qui nous priveraient du plaisir d\u2019un d\u00e9nouement sans cesse repouss\u00e9.<\/p>\n<p>Les r\u00e9cits qui suscitent le plus de plaisir ne consacrent pas le triomphe de la concordance narrative sur la discordance de la vie, mais constituent plut\u00f4t une imitation du chaos existentiel tout en transformant le <em>pathos<\/em> en exp\u00e9rience esth\u00e9tique. Pour aborder ce ph\u00e9nom\u00e8ne, l&rsquo;ouvrage de Rapha\u00ebl Baroni (<a href=\"https:\/\/www.unil.ch\/fle\/fr\/home.html\">\u00c9cole de fran\u00e7ais langue \u00e9trang\u00e8re<\/a>) se penche sur la mani\u00e8re dont les auteurs construisent des dispositifs visant \u00e0 intriguer leurs lecteurs. Il examine les m\u00e9canismes textuels qui sont au fondement des effet de suspense ou de curiosit\u00e9, tout en dressant des ponts entre les approche formalistes ou stylistiques et l&rsquo;analyse des fonctions discursive que l&rsquo;on peut associer \u00e0 ces formes du discours narratif.<\/p>\n<p>Cet ouvrage est la traduction italienne de\u00a0<a href=\"https:\/\/wp.unil.ch\/labelettres\/les-rouages-de-lintrigue-les-outils-de-la-narratologie-postclassique-pour-lanalyse-des-textes-litteraires\/\" target=\"_blank\" rel=\"noopener noreferrer\"><em>Les Rouages de l&rsquo;intrigue<\/em><\/a>, paru en 2017.<\/p>\n<p>Rapha\u00ebl Baroni, <a href=\"https:\/\/www.cpadver-effigi.com\/blog\/i-meccanismi-dell-intreccio-raphael-baroni\/?fbclid=IwAR3IwF-GlNV4c3AeoZZ15YsE74dOFK82RaDIZwUs_4-3YECadckLS0WIzFY\" target=\"_blank\" rel=\"noopener noreferrer\"><em>I Meccanismi dell\u2019intreccio. Introduzione alla narratologia funzionale<\/em><\/a>, traduit par Andrea Amoroso et Alessandro Leiduan, Roma, Effigi, coll. \u00ab\u00a0Semeia\u00a0\u00bb, 2020.<\/p>\n<\/div><\/div>\n<div class=\"su-column su-column-size-1-3\"><div class=\"su-column-inner su-u-clearfix su-u-trim\"><img alt=\"\" loading=\"lazy\" decoding=\"async\" class=\"aligncenter wp-image-7997\" src=\"https:\/\/wp.unil.ch\/labelettres\/files\/2020\/05\/BARONI-Intreccio-couverture.jpg\" alt=\"\" width=\"300\" height=\"431\" srcset=\"https:\/\/wp.unil.ch\/labelettres\/files\/2020\/05\/BARONI-Intreccio-couverture.jpg 835w, https:\/\/wp.unil.ch\/labelettres\/files\/2020\/05\/BARONI-Intreccio-couverture-435x625.jpg 435w, https:\/\/wp.unil.ch\/labelettres\/files\/2020\/05\/BARONI-Intreccio-couverture-768x1104.jpg 768w\" sizes=\"auto, (max-width: 300px) 100vw, 300px\" \/><\/div><\/div>\n<\/div>\n<div class=\"su-divider su-divider-style-default\" style=\"margin:15px 0;border-width:1px;border-color:#999999\"><\/div>\n<h6><strong>TOUTES LES NOTICES DE<\/strong><\/h6>\n<p><a href=\"https:\/\/applicationspub.unil.ch\/interpub\/noauth\/php\/Un\/UnPers.php?PerNum=890408&amp;LanCode=37\" target=\"_blank\" rel=\"noopener noreferrer\"><b>Rapha\u00ebl Baroni<\/b><\/a><\/p>\n\n\n<div class=\"su-posts su-posts-teaser-loop \">\n\n\t\t\t\t\t\t\n\t\t\t\n\t\t\t<div id=\"su-post-15421\" class=\"su-post \">\n\t\t\t\t\t\t\t\t\t<a class=\"su-post-thumbnail\" href=\"https:\/\/wp.unil.ch\/labelettres\/narratologie-et-enseignement-du-francais\/\"><img loading=\"lazy\" decoding=\"async\" width=\"1024\" height=\"1536\" src=\"https:\/\/wp.unil.ch\/labelettres\/files\/2025\/09\/2025-efle-cahiers-de-narratologie-narratologie-et-enseignement-couv.jpg\" class=\"attachment-post-thumbnail size-post-thumbnail wp-post-image\" alt=\"2025 efle cahiers de narratologie narratologie et enseignement couv\" srcset=\"https:\/\/wp.unil.ch\/labelettres\/files\/2025\/09\/2025-efle-cahiers-de-narratologie-narratologie-et-enseignement-couv.jpg 1024w, https:\/\/wp.unil.ch\/labelettres\/files\/2025\/09\/2025-efle-cahiers-de-narratologie-narratologie-et-enseignement-couv-435x653.jpg 435w, https:\/\/wp.unil.ch\/labelettres\/files\/2025\/09\/2025-efle-cahiers-de-narratologie-narratologie-et-enseignement-couv-768x1152.jpg 768w\" sizes=\"auto, (max-width: 1024px) 100vw, 1024px\" \/><\/a>\n\t\t\t\t\t\t\t\t<h2 class=\"su-post-title\"><a href=\"https:\/\/wp.unil.ch\/labelettres\/narratologie-et-enseignement-du-francais\/\">Narratologie et enseignement du fran\u00e7ais<\/a><\/h2>\n\t\t\t<\/div>\n\n\t\t\t\t\t\n\t\t\t\n\t\t\t<div id=\"su-post-12772\" class=\"su-post \">\n\t\t\t\t\t\t\t\t\t<a class=\"su-post-thumbnail\" href=\"https:\/\/wp.unil.ch\/labelettres\/les-outils-narratologiques-pour-lenseignement-du-francais-bilan-et-perspectives\/\"><img loading=\"lazy\" decoding=\"async\" width=\"1000\" height=\"1563\" src=\"https:\/\/wp.unil.ch\/labelettres\/files\/2024\/02\/BARONI_2023_transpositio6_cover.png\" class=\"attachment-post-thumbnail size-post-thumbnail wp-post-image\" alt=\"\" srcset=\"https:\/\/wp.unil.ch\/labelettres\/files\/2024\/02\/BARONI_2023_transpositio6_cover.png 1000w, https:\/\/wp.unil.ch\/labelettres\/files\/2024\/02\/BARONI_2023_transpositio6_cover-435x680.png 435w, https:\/\/wp.unil.ch\/labelettres\/files\/2024\/02\/BARONI_2023_transpositio6_cover-768x1200.png 768w, https:\/\/wp.unil.ch\/labelettres\/files\/2024\/02\/BARONI_2023_transpositio6_cover-983x1536.png 983w\" sizes=\"auto, (max-width: 1000px) 100vw, 1000px\" \/><\/a>\n\t\t\t\t\t\t\t\t<h2 class=\"su-post-title\"><a href=\"https:\/\/wp.unil.ch\/labelettres\/les-outils-narratologiques-pour-lenseignement-du-francais-bilan-et-perspectives\/\">Les outils narratologiques pour l\u2019enseignement du fran\u00e7ais: bilan et perspectives<\/a><\/h2>\n\t\t\t<\/div>\n\n\t\t\t\t\t\n\t\t\t\n\t\t\t<div id=\"su-post-11853\" class=\"su-post \">\n\t\t\t\t\t\t\t\t\t<a class=\"su-post-thumbnail\" href=\"https:\/\/wp.unil.ch\/labelettres\/lire-houellebecq-essais-de-critique-polyphonique\/\"><img loading=\"lazy\" decoding=\"async\" width=\"426\" height=\"640\" src=\"https:\/\/wp.unil.ch\/labelettres\/files\/2022\/10\/BARONI_2022_Houellebecq_cover.jpeg\" class=\"attachment-post-thumbnail size-post-thumbnail wp-post-image\" alt=\"\" \/><\/a>\n\t\t\t\t\t\t\t\t<h2 class=\"su-post-title\"><a href=\"https:\/\/wp.unil.ch\/labelettres\/lire-houellebecq-essais-de-critique-polyphonique\/\">Lire Houellebecq. Essais de critique polyphonique<\/a><\/h2>\n\t\t\t<\/div>\n\n\t\t\t\t\t\n\t\t\t\n\t\t\t<div id=\"su-post-11527\" class=\"su-post \">\n\t\t\t\t\t\t\t\t\t<a class=\"su-post-thumbnail\" href=\"https:\/\/wp.unil.ch\/labelettres\/le-long-voyage-de-lena-regards-croises-sur-une-bande-dessinee\/\"><img loading=\"lazy\" decoding=\"async\" width=\"1000\" height=\"1563\" src=\"https:\/\/wp.unil.ch\/labelettres\/files\/2022\/05\/BARONI_2022_Lena_cover.png\" class=\"attachment-post-thumbnail size-post-thumbnail wp-post-image\" alt=\"\" srcset=\"https:\/\/wp.unil.ch\/labelettres\/files\/2022\/05\/BARONI_2022_Lena_cover.png 1000w, https:\/\/wp.unil.ch\/labelettres\/files\/2022\/05\/BARONI_2022_Lena_cover-435x680.png 435w, https:\/\/wp.unil.ch\/labelettres\/files\/2022\/05\/BARONI_2022_Lena_cover-768x1200.png 768w, https:\/\/wp.unil.ch\/labelettres\/files\/2022\/05\/BARONI_2022_Lena_cover-983x1536.png 983w\" sizes=\"auto, (max-width: 1000px) 100vw, 1000px\" \/><\/a>\n\t\t\t\t\t\t\t\t<h2 class=\"su-post-title\"><a href=\"https:\/\/wp.unil.ch\/labelettres\/le-long-voyage-de-lena-regards-croises-sur-une-bande-dessinee\/\">\u00ab Le Long Voyage de L\u00e9na \u00bb : regards crois\u00e9s sur une bande dessin\u00e9e<\/a><\/h2>\n\t\t\t<\/div>\n\n\t\t\t\t\t\n\t\t\t\n\t\t\t<div id=\"su-post-11266\" class=\"su-post \">\n\t\t\t\t\t\t\t\t\t<a class=\"su-post-thumbnail\" href=\"https:\/\/wp.unil.ch\/labelettres\/lheritage-de-ricoeur-du-recit-a-lexperience\/\"><img loading=\"lazy\" decoding=\"async\" width=\"1000\" height=\"1563\" src=\"https:\/\/wp.unil.ch\/labelettres\/files\/2022\/02\/BARONI_2021_cahiers-narratologie_cover.png\" class=\"attachment-post-thumbnail size-post-thumbnail wp-post-image\" alt=\"\" srcset=\"https:\/\/wp.unil.ch\/labelettres\/files\/2022\/02\/BARONI_2021_cahiers-narratologie_cover.png 1000w, https:\/\/wp.unil.ch\/labelettres\/files\/2022\/02\/BARONI_2021_cahiers-narratologie_cover-435x680.png 435w, https:\/\/wp.unil.ch\/labelettres\/files\/2022\/02\/BARONI_2021_cahiers-narratologie_cover-768x1200.png 768w, https:\/\/wp.unil.ch\/labelettres\/files\/2022\/02\/BARONI_2021_cahiers-narratologie_cover-983x1536.png 983w\" sizes=\"auto, (max-width: 1000px) 100vw, 1000px\" \/><\/a>\n\t\t\t\t\t\t\t\t<h2 class=\"su-post-title\"><a href=\"https:\/\/wp.unil.ch\/labelettres\/lheritage-de-ricoeur-du-recit-a-lexperience\/\">L&rsquo;h\u00e9ritage de Ric\u0153ur : du r\u00e9cit \u00e0 l&rsquo;exp\u00e9rience<\/a><\/h2>\n\t\t\t<\/div>\n\n\t\t\t\t\t\n\t\t\t\n\t\t\t<div id=\"su-post-11259\" class=\"su-post \">\n\t\t\t\t\t\t\t\t\t<a class=\"su-post-thumbnail\" href=\"https:\/\/wp.unil.ch\/labelettres\/the-legacy-of-ricoeurs-time-and-narrative-1983-85-from-plot-to-experientiality\/\"><img loading=\"lazy\" decoding=\"async\" width=\"520\" height=\"783\" src=\"https:\/\/wp.unil.ch\/labelettres\/files\/2022\/02\/BARONI_2021_poetics_cover.png\" class=\"attachment-post-thumbnail size-post-thumbnail wp-post-image\" alt=\"\" srcset=\"https:\/\/wp.unil.ch\/labelettres\/files\/2022\/02\/BARONI_2021_poetics_cover.png 520w, https:\/\/wp.unil.ch\/labelettres\/files\/2022\/02\/BARONI_2021_poetics_cover-435x655.png 435w\" sizes=\"auto, (max-width: 520px) 100vw, 520px\" \/><\/a>\n\t\t\t\t\t\t\t\t<h2 class=\"su-post-title\"><a href=\"https:\/\/wp.unil.ch\/labelettres\/the-legacy-of-ricoeurs-time-and-narrative-1983-85-from-plot-to-experientiality\/\">The Legacy of Ric\u0153ur&rsquo;s Time and Narrative (1983-85) : From Plot to Experientiality<\/a><\/h2>\n\t\t\t<\/div>\n\n\t\t\t\t\t\n\t\t\t\n\t\t\t<div id=\"su-post-11117\" class=\"su-post \">\n\t\t\t\t\t\t\t\t\t<a class=\"su-post-thumbnail\" href=\"https:\/\/wp.unil.ch\/labelettres\/enseigner-la-bande-dessinee-comme-de-la-litterature\/\"><img loading=\"lazy\" decoding=\"async\" width=\"1000\" height=\"1563\" src=\"https:\/\/wp.unil.ch\/labelettres\/files\/2021\/11\/BARONI_2021_BD_cover.png\" class=\"attachment-post-thumbnail size-post-thumbnail wp-post-image\" alt=\"\" srcset=\"https:\/\/wp.unil.ch\/labelettres\/files\/2021\/11\/BARONI_2021_BD_cover.png 1000w, https:\/\/wp.unil.ch\/labelettres\/files\/2021\/11\/BARONI_2021_BD_cover-435x680.png 435w, https:\/\/wp.unil.ch\/labelettres\/files\/2021\/11\/BARONI_2021_BD_cover-768x1200.png 768w, https:\/\/wp.unil.ch\/labelettres\/files\/2021\/11\/BARONI_2021_BD_cover-983x1536.png 983w\" sizes=\"auto, (max-width: 1000px) 100vw, 1000px\" \/><\/a>\n\t\t\t\t\t\t\t\t<h2 class=\"su-post-title\"><a href=\"https:\/\/wp.unil.ch\/labelettres\/enseigner-la-bande-dessinee-comme-de-la-litterature\/\">Enseigner la bande dessin\u00e9e comme (de la) litt\u00e9rature<\/a><\/h2>\n\t\t\t<\/div>\n\n\t\t\t\t\t\n\t\t\t\n\t\t\t<div id=\"su-post-7996\" class=\"su-post \">\n\t\t\t\t\t\t\t\t\t<a class=\"su-post-thumbnail\" href=\"https:\/\/wp.unil.ch\/labelettres\/i-meccanismi-dellintreccio\/\"><img loading=\"lazy\" decoding=\"async\" width=\"835\" height=\"1200\" src=\"https:\/\/wp.unil.ch\/labelettres\/files\/2020\/05\/BARONI-Intreccio-couverture.jpg\" class=\"attachment-post-thumbnail size-post-thumbnail wp-post-image\" alt=\"\" srcset=\"https:\/\/wp.unil.ch\/labelettres\/files\/2020\/05\/BARONI-Intreccio-couverture.jpg 835w, https:\/\/wp.unil.ch\/labelettres\/files\/2020\/05\/BARONI-Intreccio-couverture-435x625.jpg 435w, https:\/\/wp.unil.ch\/labelettres\/files\/2020\/05\/BARONI-Intreccio-couverture-768x1104.jpg 768w\" sizes=\"auto, (max-width: 835px) 100vw, 835px\" \/><\/a>\n\t\t\t\t\t\t\t\t<h2 class=\"su-post-title\"><a href=\"https:\/\/wp.unil.ch\/labelettres\/i-meccanismi-dellintreccio\/\">I meccanismi dell\u2019intreccio<\/a><\/h2>\n\t\t\t<\/div>\n\n\t\t\t\t\t\n\t\t\t\n\t\t\t<div id=\"su-post-7638\" class=\"su-post \">\n\t\t\t\t\t\t\t\t\t<a class=\"su-post-thumbnail\" href=\"https:\/\/wp.unil.ch\/labelettres\/introduction-a-letude-des-cultures-numeriques-la-transition-numerique-des-medias\/\"><img loading=\"lazy\" decoding=\"async\" width=\"857\" height=\"1200\" src=\"https:\/\/wp.unil.ch\/labelettres\/files\/2020\/03\/Baroni_Gunti_Intro_cultures_cover.jpg\" class=\"attachment-post-thumbnail size-post-thumbnail wp-post-image\" alt=\"\" srcset=\"https:\/\/wp.unil.ch\/labelettres\/files\/2020\/03\/Baroni_Gunti_Intro_cultures_cover.jpg 857w, https:\/\/wp.unil.ch\/labelettres\/files\/2020\/03\/Baroni_Gunti_Intro_cultures_cover-435x609.jpg 435w, https:\/\/wp.unil.ch\/labelettres\/files\/2020\/03\/Baroni_Gunti_Intro_cultures_cover-768x1075.jpg 768w\" sizes=\"auto, (max-width: 857px) 100vw, 857px\" \/><\/a>\n\t\t\t\t\t\t\t\t<h2 class=\"su-post-title\"><a href=\"https:\/\/wp.unil.ch\/labelettres\/introduction-a-letude-des-cultures-numeriques-la-transition-numerique-des-medias\/\">Introduction \u00e0 l&rsquo;\u00e9tude des cultures num\u00e9riques. La transition num\u00e9rique des m\u00e9dias<\/a><\/h2>\n\t\t\t<\/div>\n\n\t\t\t\t\t\n\t\t\t\n\t\t\t<div id=\"su-post-5198\" class=\"su-post \">\n\t\t\t\t\t\t\t\t\t<a class=\"su-post-thumbnail\" href=\"https:\/\/wp.unil.ch\/labelettres\/les-avatars-du-chapitre-en-bande-dessinee\/\"><img loading=\"lazy\" decoding=\"async\" width=\"768\" height=\"1200\" src=\"https:\/\/wp.unil.ch\/labelettres\/files\/2019\/01\/BARONI_Avatars_BD_couv-copie.jpg\" class=\"attachment-post-thumbnail size-post-thumbnail wp-post-image\" alt=\"\" srcset=\"https:\/\/wp.unil.ch\/labelettres\/files\/2019\/01\/BARONI_Avatars_BD_couv-copie.jpg 768w, https:\/\/wp.unil.ch\/labelettres\/files\/2019\/01\/BARONI_Avatars_BD_couv-copie-435x680.jpg 435w\" sizes=\"auto, (max-width: 768px) 100vw, 768px\" \/><\/a>\n\t\t\t\t\t\t\t\t<h2 class=\"su-post-title\"><a href=\"https:\/\/wp.unil.ch\/labelettres\/les-avatars-du-chapitre-en-bande-dessinee\/\">Les avatars du chapitre en bande dessin\u00e9e<\/a><\/h2>\n\t\t\t<\/div>\n\n\t\t\t\t\t\n\t\t\t\n\t\t\t<div id=\"su-post-842\" class=\"su-post \">\n\t\t\t\t\t\t\t\t\t<a class=\"su-post-thumbnail\" href=\"https:\/\/wp.unil.ch\/labelettres\/les-rouages-de-lintrigue-les-outils-de-la-narratologie-postclassique-pour-lanalyse-des-textes-litteraires\/\"><img loading=\"lazy\" decoding=\"async\" width=\"810\" height=\"1200\" src=\"https:\/\/wp.unil.ch\/labelettres\/files\/2017\/10\/Baroni_Rouages_final.jpg\" class=\"attachment-post-thumbnail size-post-thumbnail wp-post-image\" alt=\"\" srcset=\"https:\/\/wp.unil.ch\/labelettres\/files\/2017\/10\/Baroni_Rouages_final.jpg 810w, https:\/\/wp.unil.ch\/labelettres\/files\/2017\/10\/Baroni_Rouages_final-435x644.jpg 435w, https:\/\/wp.unil.ch\/labelettres\/files\/2017\/10\/Baroni_Rouages_final-203x300.jpg 203w, https:\/\/wp.unil.ch\/labelettres\/files\/2017\/10\/Baroni_Rouages_final-768x1138.jpg 768w, https:\/\/wp.unil.ch\/labelettres\/files\/2017\/10\/Baroni_Rouages_final-691x1024.jpg 691w\" sizes=\"auto, (max-width: 810px) 100vw, 810px\" \/><\/a>\n\t\t\t\t\t\t\t\t<h2 class=\"su-post-title\"><a href=\"https:\/\/wp.unil.ch\/labelettres\/les-rouages-de-lintrigue-les-outils-de-la-narratologie-postclassique-pour-lanalyse-des-textes-litteraires\/\">Les Rouages de l&rsquo;intrigue. Les outils de la narratologie postclassique pour l&rsquo;analyse des textes litt\u00e9raires<\/a><\/h2>\n\t\t\t<\/div>\n\n\t\t\t\t\t\n\t\t\t\n\t\t\t<div id=\"su-post-915\" class=\"su-post \">\n\t\t\t\t\t\t\t\t\t<a class=\"su-post-thumbnail\" href=\"https:\/\/wp.unil.ch\/labelettres\/les-voix-de-michel-houellebecq\/\"><img loading=\"lazy\" decoding=\"async\" width=\"1000\" height=\"1563\" src=\"https:\/\/wp.unil.ch\/labelettres\/files\/2017\/10\/Couv_Gen_Voix_Houellebecq_2017-1.png\" class=\"attachment-post-thumbnail size-post-thumbnail wp-post-image\" alt=\"\" srcset=\"https:\/\/wp.unil.ch\/labelettres\/files\/2017\/10\/Couv_Gen_Voix_Houellebecq_2017-1.png 1000w, https:\/\/wp.unil.ch\/labelettres\/files\/2017\/10\/Couv_Gen_Voix_Houellebecq_2017-1-435x680.png 435w, https:\/\/wp.unil.ch\/labelettres\/files\/2017\/10\/Couv_Gen_Voix_Houellebecq_2017-1-192x300.png 192w, https:\/\/wp.unil.ch\/labelettres\/files\/2017\/10\/Couv_Gen_Voix_Houellebecq_2017-1-768x1200.png 768w, https:\/\/wp.unil.ch\/labelettres\/files\/2017\/10\/Couv_Gen_Voix_Houellebecq_2017-1-655x1024.png 655w\" sizes=\"auto, (max-width: 1000px) 100vw, 1000px\" \/><\/a>\n\t\t\t\t\t\t\t\t<h2 class=\"su-post-title\"><a href=\"https:\/\/wp.unil.ch\/labelettres\/les-voix-de-michel-houellebecq\/\">Les \u00ab\u00a0voix \u00bb de Michel Houellebecq<\/a><\/h2>\n\t\t\t<\/div>\n\n\t\t\t\t\t\n\t\t\t\n\t\t\t<div id=\"su-post-4594\" class=\"su-post \">\n\t\t\t\t\t\t\t\t\t<a class=\"su-post-thumbnail\" href=\"https:\/\/wp.unil.ch\/labelettres\/narrative-sequence-in-contemporary-narratology\/\"><img loading=\"lazy\" decoding=\"async\" width=\"754\" height=\"1200\" src=\"https:\/\/wp.unil.ch\/labelettres\/files\/2018\/11\/BARONI_Couv_Narrative_Sequence_final2.jpg\" class=\"attachment-post-thumbnail size-post-thumbnail wp-post-image\" alt=\"\" srcset=\"https:\/\/wp.unil.ch\/labelettres\/files\/2018\/11\/BARONI_Couv_Narrative_Sequence_final2.jpg 754w, https:\/\/wp.unil.ch\/labelettres\/files\/2018\/11\/BARONI_Couv_Narrative_Sequence_final2-435x692.jpg 435w\" sizes=\"auto, (max-width: 754px) 100vw, 754px\" \/><\/a>\n\t\t\t\t\t\t\t\t<h2 class=\"su-post-title\"><a href=\"https:\/\/wp.unil.ch\/labelettres\/narrative-sequence-in-contemporary-narratology\/\">Narrative Sequence in Contemporary Narratology<\/a><\/h2>\n\t\t\t<\/div>\n\n\t\t\t\t\t\n\t\t\t\n\t\t\t<div id=\"su-post-4573\" class=\"su-post \">\n\t\t\t\t\t\t\t\t\t<a class=\"su-post-thumbnail\" href=\"https:\/\/wp.unil.ch\/labelettres\/repenser-le-recit-avec-les-series-televisees\/\"><img loading=\"lazy\" decoding=\"async\" width=\"750\" height=\"1092\" src=\"https:\/\/wp.unil.ch\/labelettres\/files\/2018\/11\/BARONI_T\u00e9l\u00e9_7_couv1.jpg\" class=\"attachment-post-thumbnail size-post-thumbnail wp-post-image\" alt=\"\" srcset=\"https:\/\/wp.unil.ch\/labelettres\/files\/2018\/11\/BARONI_T\u00e9l\u00e9_7_couv1.jpg 750w, https:\/\/wp.unil.ch\/labelettres\/files\/2018\/11\/BARONI_T\u00e9l\u00e9_7_couv1-435x633.jpg 435w\" sizes=\"auto, (max-width: 750px) 100vw, 750px\" \/><\/a>\n\t\t\t\t\t\t\t\t<h2 class=\"su-post-title\"><a href=\"https:\/\/wp.unil.ch\/labelettres\/repenser-le-recit-avec-les-series-televisees\/\">Repenser le r\u00e9cit avec les s\u00e9ries t\u00e9l\u00e9vis\u00e9es<\/a><\/h2>\n\t\t\t<\/div>\n\n\t\t\t\t\t\n\t\t\t\n\t\t\t<div id=\"su-post-3070\" class=\"su-post \">\n\t\t\t\t\t\t\t\t\t<a class=\"su-post-thumbnail\" href=\"https:\/\/wp.unil.ch\/labelettres\/les-passions-en-litterature-de-la-theorie-a-lenseignement\/\"><img loading=\"lazy\" decoding=\"async\" width=\"826\" height=\"1200\" src=\"https:\/\/wp.unil.ch\/labelettres\/files\/2014\/04\/RODRIGUEZ_passions_couv_final.jpg\" class=\"attachment-post-thumbnail size-post-thumbnail wp-post-image\" alt=\"\" srcset=\"https:\/\/wp.unil.ch\/labelettres\/files\/2014\/04\/RODRIGUEZ_passions_couv_final.jpg 826w, https:\/\/wp.unil.ch\/labelettres\/files\/2014\/04\/RODRIGUEZ_passions_couv_final-435x632.jpg 435w, https:\/\/wp.unil.ch\/labelettres\/files\/2014\/04\/RODRIGUEZ_passions_couv_final-207x300.jpg 207w, https:\/\/wp.unil.ch\/labelettres\/files\/2014\/04\/RODRIGUEZ_passions_couv_final-768x1116.jpg 768w, https:\/\/wp.unil.ch\/labelettres\/files\/2014\/04\/RODRIGUEZ_passions_couv_final-705x1024.jpg 705w\" sizes=\"auto, (max-width: 826px) 100vw, 826px\" \/><\/a>\n\t\t\t\t\t\t\t\t<h2 class=\"su-post-title\"><a href=\"https:\/\/wp.unil.ch\/labelettres\/les-passions-en-litterature-de-la-theorie-a-lenseignement\/\">Les passions en litt\u00e9rature. De la th\u00e9orie \u00e0 l&rsquo;enseignement<\/a><\/h2>\n\t\t\t<\/div>\n\n\t\t\t\t\t\n\t\t\t\n\t\t\t<div id=\"su-post-4577\" class=\"su-post \">\n\t\t\t\t\t\t\t\t\t<a class=\"su-post-thumbnail\" href=\"https:\/\/wp.unil.ch\/labelettres\/loeuvre-du-temps-poetique-de-la-discordance-narrative\/\"><img loading=\"lazy\" decoding=\"async\" width=\"729\" height=\"1200\" src=\"https:\/\/wp.unil.ch\/labelettres\/files\/2018\/11\/BARONI_oeuvre_temps_couv.jpg\" class=\"attachment-post-thumbnail size-post-thumbnail wp-post-image\" alt=\"\" srcset=\"https:\/\/wp.unil.ch\/labelettres\/files\/2018\/11\/BARONI_oeuvre_temps_couv.jpg 729w, https:\/\/wp.unil.ch\/labelettres\/files\/2018\/11\/BARONI_oeuvre_temps_couv-435x716.jpg 435w\" sizes=\"auto, (max-width: 729px) 100vw, 729px\" \/><\/a>\n\t\t\t\t\t\t\t\t<h2 class=\"su-post-title\"><a href=\"https:\/\/wp.unil.ch\/labelettres\/loeuvre-du-temps-poetique-de-la-discordance-narrative\/\">L\u2019\u0152uvre du temps. Po\u00e9tique de la discordance narrative<\/a><\/h2>\n\t\t\t<\/div>\n\n\t\t\t\t\t\n\t\t\t\n\t\t\t<div id=\"su-post-9274\" class=\"su-post \">\n\t\t\t\t\t\t\t\t\t<a class=\"su-post-thumbnail\" href=\"https:\/\/wp.unil.ch\/labelettres\/historiographie-litterature-et-philosophie-une-longue-et-difficile-conversation-triangulaire\/\"><img loading=\"lazy\" decoding=\"async\" width=\"432\" height=\"650\" src=\"https:\/\/wp.unil.ch\/labelettres\/files\/2020\/10\/ACO_102.jpg\" class=\"attachment-post-thumbnail size-post-thumbnail wp-post-image\" alt=\"\" \/><\/a>\n\t\t\t\t\t\t\t\t<h2 class=\"su-post-title\"><a href=\"https:\/\/wp.unil.ch\/labelettres\/historiographie-litterature-et-philosophie-une-longue-et-difficile-conversation-triangulaire\/\">Historiographie, litt\u00e9rature et philosophie : une longue et difficile conversation triangulaire<\/a><\/h2>\n\t\t\t<\/div>\n\n\t\t\t\t\t\n\t\t\t\n\t\t\t<div id=\"su-post-920\" class=\"su-post \">\n\t\t\t\t\t\t\t\t\t<a class=\"su-post-thumbnail\" href=\"https:\/\/wp.unil.ch\/labelettres\/la-tension-narrative-suspense-curiosite-et-surprise\/\"><img loading=\"lazy\" decoding=\"async\" width=\"411\" height=\"600\" src=\"https:\/\/wp.unil.ch\/labelettres\/files\/2007\/10\/BARONI_Converture_Tension-narrative_final.jpg\" class=\"attachment-post-thumbnail size-post-thumbnail wp-post-image\" alt=\"\" \/><\/a>\n\t\t\t\t\t\t\t\t<h2 class=\"su-post-title\"><a href=\"https:\/\/wp.unil.ch\/labelettres\/la-tension-narrative-suspense-curiosite-et-surprise\/\">La Tension narrative. Suspense, curiosit\u00e9 et surprise<\/a><\/h2>\n\t\t\t<\/div>\n\n\t\t\t\t\t\n\t\t\t\n\t\t\t<div id=\"su-post-12972\" class=\"su-post \">\n\t\t\t\t\t\t\t\t\t<a class=\"su-post-thumbnail\" href=\"https:\/\/wp.unil.ch\/labelettres\/le-savoir-des-genres\/\"><img loading=\"lazy\" decoding=\"async\" width=\"1069\" height=\"1485\" src=\"https:\/\/wp.unil.ch\/labelettres\/files\/2024\/05\/BARONI_2007_Savoir-des-genres_cover.jpg\" class=\"attachment-post-thumbnail size-post-thumbnail wp-post-image\" alt=\"\" srcset=\"https:\/\/wp.unil.ch\/labelettres\/files\/2024\/05\/BARONI_2007_Savoir-des-genres_cover.jpg 1069w, https:\/\/wp.unil.ch\/labelettres\/files\/2024\/05\/BARONI_2007_Savoir-des-genres_cover-435x604.jpg 435w, https:\/\/wp.unil.ch\/labelettres\/files\/2024\/05\/BARONI_2007_Savoir-des-genres_cover-768x1067.jpg 768w\" sizes=\"auto, (max-width: 1069px) 100vw, 1069px\" \/><\/a>\n\t\t\t\t\t\t\t\t<h2 class=\"su-post-title\"><a href=\"https:\/\/wp.unil.ch\/labelettres\/le-savoir-des-genres\/\">Le savoir des genres<\/a><\/h2>\n\t\t\t<\/div>\n\n\t\t\t\n<\/div>\n\n<div class=\"su-divider su-divider-style-default\" style=\"margin:15px 0;border-width:1px;border-color:#999999\"><\/div>\n","protected":false},"excerpt":{"rendered":"<p>Comment \u00e9tudier l&rsquo;intrigue apr\u00e8s le structuralisme?<\/p>\n","protected":false},"author":1001615,"featured_media":7997,"comment_status":"closed","ping_status":"closed","sticky":false,"template":"","format":"standard","meta":{"_seopress_robots_primary_cat":"","_seopress_titles_title":"","_seopress_titles_desc":"","_seopress_robots_index":"","footnotes":""},"categories":[3],"tags":[1222,1250,126,1213,116,119,2330,107,2356,117,430],"class_list":{"0":"post-7996","1":"post","2":"type-post","3":"status-publish","4":"format-standard","5":"has-post-thumbnail","7":"category-langues-litteratures","8":"tag-centre-detudes-theatrales-cet","9":"tag-centre-des-sciences-historiques-de-la-culture","10":"tag-curiosite","11":"tag-ecole-de-francais-langue-etrangere","12":"tag-intrigue","13":"tag-narratologie","14":"tag-newsletter-18","15":"tag-raphael-baroni","16":"tag-surprise","17":"tag-suspense","18":"tag-tension-narrative"},"_links":{"self":[{"href":"https:\/\/wp.unil.ch\/labelettres\/wp-json\/wp\/v2\/posts\/7996","targetHints":{"allow":["GET"]}}],"collection":[{"href":"https:\/\/wp.unil.ch\/labelettres\/wp-json\/wp\/v2\/posts"}],"about":[{"href":"https:\/\/wp.unil.ch\/labelettres\/wp-json\/wp\/v2\/types\/post"}],"author":[{"embeddable":true,"href":"https:\/\/wp.unil.ch\/labelettres\/wp-json\/wp\/v2\/users\/1001615"}],"replies":[{"embeddable":true,"href":"https:\/\/wp.unil.ch\/labelettres\/wp-json\/wp\/v2\/comments?post=7996"}],"version-history":[{"count":1,"href":"https:\/\/wp.unil.ch\/labelettres\/wp-json\/wp\/v2\/posts\/7996\/revisions"}],"predecessor-version":[{"id":13004,"href":"https:\/\/wp.unil.ch\/labelettres\/wp-json\/wp\/v2\/posts\/7996\/revisions\/13004"}],"wp:featuredmedia":[{"embeddable":true,"href":"https:\/\/wp.unil.ch\/labelettres\/wp-json\/wp\/v2\/media\/7997"}],"wp:attachment":[{"href":"https:\/\/wp.unil.ch\/labelettres\/wp-json\/wp\/v2\/media?parent=7996"}],"wp:term":[{"taxonomy":"category","embeddable":true,"href":"https:\/\/wp.unil.ch\/labelettres\/wp-json\/wp\/v2\/categories?post=7996"},{"taxonomy":"post_tag","embeddable":true,"href":"https:\/\/wp.unil.ch\/labelettres\/wp-json\/wp\/v2\/tags?post=7996"}],"curies":[{"name":"wp","href":"https:\/\/api.w.org\/{rel}","templated":true}]}}